{"id":4136,"date":"2020-04-28T17:05:46","date_gmt":"2020-04-28T20:05:46","guid":{"rendered":"http:\/\/acrj.org.br\/?p=4136"},"modified":"2023-05-17T19:58:05","modified_gmt":"2023-05-17T22:58:05","slug":"o-risco-do-lockdown-vertical","status":"publish","type":"post","link":"https:\/\/acrj.org.br\/index.php\/2020\/04\/28\/o-risco-do-lockdown-vertical\/","title":{"rendered":"O risco do lockdown vertical"},"content":{"rendered":"\n<p><em>Artigo do&nbsp;<em>vice-presidente e diretor da ACRJ<\/em>,&nbsp;<em>Aureo Ricardo Salles<\/em>, publicado originalmente no <a href=\"https:\/\/www.jb.com.br\/colunistas\/cidades_inteligentes\/2020\/04\/1023432-o-risco-do-lockdown-vertical.html#.XqHkZ0835mw.whatsapp\">Jornal do Brasil<\/a>, em 23 de abril.<\/em><\/p>\n\n\n\n<p>Hoje s\u00e3o quase 3 milh\u00f5es de contaminados no mundo e mais de 40 mil no Brasil. A OMS recomenda alguns t\u00f3picos de avalia\u00e7\u00e3o antes da flexibiliza\u00e7\u00e3o do distanciamento social. O terceiro ponto \u00e9 avaliar se os ambientes de trabalho e demais locais est\u00e3o preparados para proteger as pessoas.<\/p>\n\n\n\n<p>Os espa\u00e7os precisam ser desinfectados. Precisam estar livres do coronav\u00edrus, para que a popula\u00e7\u00e3o n\u00e3o seja contaminada no caminho ao trabalho. Os&nbsp;<a href=\"https:\/\/www.jb.com.br\/colunistas\/cidades_inteligentes\/2020\/04\/1023098-drones-industriais--a-solucao-na-desinfeccao-de-cidades-em-todo-o-mundo.html\">drones<\/a>, com muita efici\u00eancia, fizeram isso na China e em v\u00e1rios outros pa\u00edses como a It\u00e1lia, onde vem ajudando no decl\u00ednio da curva de contamina\u00e7\u00e3o. Sua efici\u00eancia e usabilidade futura os tornam a op\u00e7\u00e3o mais efetiva. N\u00e3o h\u00e1 como caminh\u00f5es fazerem isso no asfalto, pois desperdi\u00e7am muita \u00e1gua e agente descontaminante. Comparando o custo de produto usado em uma mesma \u00e1rea com caminh\u00f5es, os drones geram uma economia de aproximadamente R$1 milh\u00e3o de reais por drone por m\u00eas. Por outro lado, n\u00e3o h\u00e1 como exigir que pessoas subam as comunidades com equipamentos costais (em geral pesando 25Kg) em vielas \u00edngremes das comunidades do Rio de Janeiro, por exemplo.<\/p>\n\n\n\n<p>A Dra. Nadya Pesce da Silveira \u00e9 qu\u00edmica e participa de um projeto inovador da Prefeitura Municipal de Porto Alegre com a UFRGS \u2013 Universidade Federal do Rio Grande do Sul, que tem o objetivo de criar um protocolo seguro para desinfec\u00e7\u00e3o de \u00e1reas p\u00fablicas com drones. Ela afirma que a efici\u00eancia do processo tem rela\u00e7\u00e3o entre as part\u00edculas que atingem o solo e a concentra\u00e7\u00e3o do agente ativo nas mesmas. Na prova da \u00faltima quinta-feira 16\/04, em Porto Alegre, nivelou-se o drone a 3 metros de altura e verificou-se que a quantidade de produto que atingiu o solo foi excelente.<\/p>\n\n\n\n<p>Com rela\u00e7\u00e3o ao&nbsp;<a href=\"https:\/\/www.jb.com.br\/colunistas\/cidades_inteligentes\/2020\/03\/1022886-a-mobilidade-e-a-saude.html\">transporte p\u00fablico<\/a>, o sistema de ar condicionado precisa ser revisto. A renova\u00e7\u00e3o de ar e a filtragem n\u00e3o \u00e9 um risco somente para o&nbsp;<a href=\"https:\/\/www.jb.com.br\/colunistas\/cidades_inteligentes\/2020\/01\/1021925-coronavirus---mais-um-alerta-para-o-cuidado-com-ar-interior.html\">caso do Covid-19<\/a>&nbsp;mas para todos os demais v\u00edrus e fatores alerg\u00eanicos.<\/p>\n\n\n\n<p>Quando chegarmos aos locais de&nbsp;<a href=\"https:\/\/www.jb.com.br\/colunistas\/cidades_inteligentes\/2019\/12\/1021165-o-meio-ambiente-e-as-emissoes-em-uma-cidade-inteligente.html\">trabalho outro risco est\u00e1 a espreita<\/a>, o ar interior dos ambientes, que h\u00e1 muito tem sido negligenciado por grande parte das empresas e do poder p\u00fablico.<\/p>\n\n\n\n<p>Segundo a m\u00e9dica&nbsp;<a href=\"https:\/\/www.esmagazine.com\/articles\/100246-using-the-indoor-environment-to-contain-the-coronavirus\">Stephanie H. Taylor<\/a>, especialista em controle de infec\u00e7\u00f5es, com mestrado em arquitetura e engenharia pela Universidade de Norwich e membro da Sociedade de Medicina de Harvard, o controle da umidade do ar em ambientes internos, mantido entre 40% e 60% \u00e9 a arma para evitar a propaga\u00e7\u00e3o de germes. Este controle \u00e9 realizado por ambientes com ar condicionado projetado e instalado conforme as normas da ABNT e determina\u00e7\u00f5es da ANVISA, que no&nbsp;<a href=\"http:\/\/portal.anvisa.gov.br\/documents\/10181\/2718376\/RE_09_2003_1.pdf\/629ee4fe-177e-4a78-8709-533f78742798?version=1.0\">item 3.2 da RE 09<\/a>, determina que \u201ca faixa recomend\u00e1vel de opera\u00e7\u00e3o da Umidade Relativa, nas condi\u00e7\u00f5es internas para ver\u00e3o, dever\u00e1 variar de 40% a 65%\u201d. Dra. Stephanie destaca ainda que nos banheiros de grande parte dos shoppings centers, os&nbsp;<a href=\"https:\/\/www.foxnews.com\/health\/coronavirus-live-blog-infection-control-expert-dr-stephanie-taylor\">pap\u00e9is foram substitu\u00eddos por sopradores de ar quente<\/a>. Estes sopradores podem espalhar os v\u00edrus e bact\u00e9rias nos banheiros.<\/p>\n\n\n\n<p>Segundo pesquisa cient\u00edfica realizada na cidade de Guangzhou, na China, o&nbsp;<a href=\"https:\/\/wwwnc.cdc.gov\/eid\/article\/26\/7\/20-0764_article\">surto da COVID-19 est\u00e1 associado ao ar condicionado em restaurante<\/a>. Segundo os pesquisadores, \u201ca transmiss\u00e3o do v\u00edrus neste surto n\u00e3o pode ser explicada apenas pela transmiss\u00e3o de got\u00edculas. Got\u00edculas respirat\u00f3rias maiores (&gt;5 m) permanecem no ar por apenas um curto per\u00edodo de tempo e viajam apenas dist\u00e2ncias curtas, geralmente<\/p>\n\n\n\n<p>A&nbsp;<a href=\"https:\/\/www.ashrae.org\/file%20library\/technical%20resources\/covid-19\/declaraci%C3%B3nes.pdf\">Ashrae afirma que a parada dos sistemas de ar condicionado<\/a>&nbsp;n\u00e3o \u00e9 a medida recomendada na redu\u00e7\u00e3o da transmiss\u00e3o do v\u00edrus. O sistemas de ar condicionado projetados conforme as normas da ABNT s\u00e3o fortes aliados.<\/p>\n\n\n\n<p>Devemos ser respons\u00e1veis quanto a programa\u00e7\u00e3o para o retorno as atividades, nada ser\u00e1 como antes, e portanto, precisamos ouvir cada especialista em sua \u00e1rea de atua\u00e7\u00e3o (m\u00e9dicos, engenheiros, arquitetos, &#8230;) e ajustarmos o necess\u00e1rio, afim de garantir a qualidade de vida em uma cidade inteligente. Como afirmou o novo Ministro da Sa\u00fade, o Dr. Nelson Teich, \u201cpouco sabemos sobre este v\u00edrus\u201d, n\u00e3o sabemos todos os riscos e o que desacelera o cont\u00e1gio.<\/p>\n\n\n\n<p>Quer saber mais sobre cidades inteligentes e resilientes? Envie um e-mail para ricardosalles@asmprojetos.com.br<\/p>\n","protected":false},"excerpt":{"rendered":"<p>Artigo do&nbsp;vice-presidente e diretor da ACRJ,&nbsp;Aureo Ricardo Salles, publicado originalmente no Jornal do Brasil, em 23 de abril. Hoje s\u00e3o quase 3 milh\u00f5es de contaminados&hellip;<\/p>\n","protected":false},"author":3,"featured_media":781,"comment_status":"closed","ping_status":"closed","sticky":false,"template":"","format":"standard","meta":{"_exactmetrics_skip_tracking":false,"_exactmetrics_sitenote_active":false,"_exactmetrics_sitenote_note":"","_exactmetrics_sitenote_category":0,"footnotes":""},"categories":[12],"tags":[],"class_list":["post-4136","post","type-post","status-publish","format-standard","has-post-thumbnail","hentry","category-artigos"],"_links":{"self":[{"href":"https:\/\/acrj.org.br\/index.php\/wp-json\/wp\/v2\/posts\/4136","targetHints":{"allow":["GET"]}}],"collection":[{"href":"https:\/\/acrj.org.br\/index.php\/wp-json\/wp\/v2\/posts"}],"about":[{"href":"https:\/\/acrj.org.br\/index.php\/wp-json\/wp\/v2\/types\/post"}],"author":[{"embeddable":true,"href":"https:\/\/acrj.org.br\/index.php\/wp-json\/wp\/v2\/users\/3"}],"replies":[{"embeddable":true,"href":"https:\/\/acrj.org.br\/index.php\/wp-json\/wp\/v2\/comments?post=4136"}],"version-history":[{"count":0,"href":"https:\/\/acrj.org.br\/index.php\/wp-json\/wp\/v2\/posts\/4136\/revisions"}],"wp:featuredmedia":[{"embeddable":true,"href":"https:\/\/acrj.org.br\/index.php\/wp-json\/wp\/v2\/media\/781"}],"wp:attachment":[{"href":"https:\/\/acrj.org.br\/index.php\/wp-json\/wp\/v2\/media?parent=4136"}],"wp:term":[{"taxonomy":"category","embeddable":true,"href":"https:\/\/acrj.org.br\/index.php\/wp-json\/wp\/v2\/categories?post=4136"},{"taxonomy":"post_tag","embeddable":true,"href":"https:\/\/acrj.org.br\/index.php\/wp-json\/wp\/v2\/tags?post=4136"}],"curies":[{"name":"wp","href":"https:\/\/api.w.org\/{rel}","templated":true}]}}