{"id":41033,"date":"2026-01-22T17:05:31","date_gmt":"2026-01-22T20:05:31","guid":{"rendered":"https:\/\/acrj.org.br\/?p=41033"},"modified":"2026-01-23T09:59:48","modified_gmt":"2026-01-23T12:59:48","slug":"especialistas-debatem-comercio-internacional-e-situacao-da-venezuela","status":"publish","type":"post","link":"https:\/\/acrj.org.br\/index.php\/2026\/01\/22\/especialistas-debatem-comercio-internacional-e-situacao-da-venezuela\/","title":{"rendered":"Especialistas debatem com\u00e9rcio internacional e situa\u00e7\u00e3o da Venezuela"},"content":{"rendered":"\n<p>O economista M\u00e1rcio Sette Fortes foi o convidado da reuni\u00e3o do Conselho Empresarial de Com\u00e9rcio Exterior da ACRJ, dia 22 de janeiro, dedicada \u00e0 an\u00e1lise de temas centrais da agenda econ\u00f4mica e do com\u00e9rcio exterior brasileiro. Durante a palestra \u201cAs perspectivas econ\u00f4micas e pol\u00edtica da Venezuela no com\u00e9rcio internacional\u201d, M\u00e1rcio Sette fez uma an\u00e1lise estrat\u00e9gica sobre acordos internacionais, financiamento ao com\u00e9rcio e o contexto econ\u00f4mico regional.<\/p>\n\n\n\n<p>Ele mencionou sobre a mudan\u00e7a na pol\u00edtica de pre\u00e7os da Petrobras, que em 2023 suspendeu a Paridade de Pre\u00e7os de Importa\u00e7\u00e3o (PPI). \u201cApesar de reduzir a depend\u00eancia direta da cota\u00e7\u00e3o internacional do barril Brent, o Brasil continua sens\u00edvel aos pre\u00e7os globais, especialmente no diesel\u201d, explicou.<\/p>\n\n\n\n<p>O economista ressaltou que o parque industrial de petr\u00f3leo da Venezuela est\u00e1 sucateado ap\u00f3s 20 anos de falta de investimento, o que impede um aumento imediato da produ\u00e7\u00e3o, mesmo que o pa\u00eds possua as maiores reservas do mundo. Sobre os impactos para o Estado do Rio de Janeiro, a maior preocupa\u00e7\u00e3o, de acordo com ele, est\u00e1 no impacto de uma poss\u00edvel satura\u00e7\u00e3o de petr\u00f3leo no mercado global caso a produ\u00e7\u00e3o venezuelana seja retomada sob controle norte-americano. \u201cO petr\u00f3leo representa 40% do PIB total e 80% do PIB industrial do Rio de Janeiro, por esta raz\u00e3o, uma queda acentuada nos pre\u00e7os internacionais reduziria drasticamente as receitas de exporta\u00e7\u00e3o da Petrobras e, consequentemente, a arrecada\u00e7\u00e3o e a economia fluminense\u201d, completou.<\/p>\n\n\n\n<figure class=\"wp-block-image size-large is-resized\"><img fetchpriority=\"high\" decoding=\"async\" width=\"1024\" height=\"461\" src=\"https:\/\/acrj.org.br\/wp-content\/uploads\/2026\/01\/mesa-2-1024x461.jpg\" alt=\"\" class=\"wp-image-41037\" style=\"width:500px\" srcset=\"https:\/\/acrj.org.br\/wp-content\/uploads\/2026\/01\/mesa-2-1024x461.jpg 1024w, https:\/\/acrj.org.br\/wp-content\/uploads\/2026\/01\/mesa-2-300x135.jpg 300w, https:\/\/acrj.org.br\/wp-content\/uploads\/2026\/01\/mesa-2-768x345.jpg 768w, https:\/\/acrj.org.br\/wp-content\/uploads\/2026\/01\/mesa-2-1536x691.jpg 1536w, https:\/\/acrj.org.br\/wp-content\/uploads\/2026\/01\/mesa-2-2048x921.jpg 2048w\" sizes=\"(max-width: 1024px) 100vw, 1024px\" \/><\/figure>\n\n\n\n<p>Ele falou ainda sobre o Acordo de Complementa\u00e7\u00e3o Econ\u00f4mica n\u00ba 59 (ACE 59) e o Acordo Mercosul\u2013Uni\u00e3o Europeia e a suspens\u00e3o tempor\u00e1ria (j\u00e1 revogada) do Acordo de Complementa\u00e7\u00e3o Econ\u00f4mica n\u00ba 69 (ACE 69), que autoriza a entrada de produtos brasileiros na Venezuela com tarifa zero, mediante certifica\u00e7\u00e3o de origem.<\/p>\n\n\n\n<p>O encontro tamb\u00e9m contou com uma an\u00e1lise pol\u00edtica, feita pelo vice-presidente do Conselho, Pedro Rafael, sobre a crise na Venezuela, mesclando fatos hist\u00f3ricos e as recentes mudan\u00e7as pol\u00edticas e econ\u00f4micas. \u201cA Venezuela vive hoje uma extrema inseguran\u00e7a jur\u00eddica, onde a sobreviv\u00eancia econ\u00f4mica depende de uma abertura ao mercado internacional e do pagamento de d\u00edvidas do passado, e onde \u00e9 urgente a reconstru\u00e7\u00e3o econ\u00f4mica e pol\u00edtica do pa\u00eds\u201d, afirmou.<\/p>\n\n\n\n<figure class=\"wp-block-image size-large is-resized\"><img decoding=\"async\" width=\"1940\" height=\"1091\" src=\"https:\/\/acrj.org.br\/wp-content\/uploads\/2026\/01\/pedro-edited.jpg\" alt=\"\" class=\"wp-image-41036\" style=\"width:500px\" srcset=\"https:\/\/acrj.org.br\/wp-content\/uploads\/2026\/01\/pedro-edited.jpg 1940w, https:\/\/acrj.org.br\/wp-content\/uploads\/2026\/01\/pedro-edited-300x169.jpg 300w, https:\/\/acrj.org.br\/wp-content\/uploads\/2026\/01\/pedro-edited-1024x576.jpg 1024w, https:\/\/acrj.org.br\/wp-content\/uploads\/2026\/01\/pedro-edited-768x432.jpg 768w, https:\/\/acrj.org.br\/wp-content\/uploads\/2026\/01\/pedro-edited-1536x864.jpg 1536w\" sizes=\"(max-width: 1940px) 100vw, 1940px\" \/><figcaption class=\"wp-element-caption\"><em>Pedro Rafael fez uma an\u00e1lise hist\u00f3rica da situa\u00e7\u00e3o da Venezuela<\/em><\/figcaption><\/figure>\n","protected":false},"excerpt":{"rendered":"<p>O economista M\u00e1rcio Sette Fortes foi o convidado da reuni\u00e3o do Conselho Empresarial de Com\u00e9rcio Exterior da ACRJ, dia 22 de janeiro, dedicada \u00e0 an\u00e1lise&hellip;<\/p>\n","protected":false},"author":3,"featured_media":41034,"comment_status":"closed","ping_status":"closed","sticky":false,"template":"","format":"standard","meta":{"_exactmetrics_skip_tracking":false,"_exactmetrics_sitenote_active":false,"_exactmetrics_sitenote_note":"","_exactmetrics_sitenote_category":0,"footnotes":""},"categories":[56,10],"tags":[],"class_list":["post-41033","post","type-post","status-publish","format-standard","has-post-thumbnail","hentry","category-destaque_conselhos","category-noticias"],"_links":{"self":[{"href":"https:\/\/acrj.org.br\/index.php\/wp-json\/wp\/v2\/posts\/41033","targetHints":{"allow":["GET"]}}],"collection":[{"href":"https:\/\/acrj.org.br\/index.php\/wp-json\/wp\/v2\/posts"}],"about":[{"href":"https:\/\/acrj.org.br\/index.php\/wp-json\/wp\/v2\/types\/post"}],"author":[{"embeddable":true,"href":"https:\/\/acrj.org.br\/index.php\/wp-json\/wp\/v2\/users\/3"}],"replies":[{"embeddable":true,"href":"https:\/\/acrj.org.br\/index.php\/wp-json\/wp\/v2\/comments?post=41033"}],"version-history":[{"count":2,"href":"https:\/\/acrj.org.br\/index.php\/wp-json\/wp\/v2\/posts\/41033\/revisions"}],"predecessor-version":[{"id":41053,"href":"https:\/\/acrj.org.br\/index.php\/wp-json\/wp\/v2\/posts\/41033\/revisions\/41053"}],"wp:featuredmedia":[{"embeddable":true,"href":"https:\/\/acrj.org.br\/index.php\/wp-json\/wp\/v2\/media\/41034"}],"wp:attachment":[{"href":"https:\/\/acrj.org.br\/index.php\/wp-json\/wp\/v2\/media?parent=41033"}],"wp:term":[{"taxonomy":"category","embeddable":true,"href":"https:\/\/acrj.org.br\/index.php\/wp-json\/wp\/v2\/categories?post=41033"},{"taxonomy":"post_tag","embeddable":true,"href":"https:\/\/acrj.org.br\/index.php\/wp-json\/wp\/v2\/tags?post=41033"}],"curies":[{"name":"wp","href":"https:\/\/api.w.org\/{rel}","templated":true}]}}