{"id":41020,"date":"2026-01-22T15:36:20","date_gmt":"2026-01-22T18:36:20","guid":{"rendered":"https:\/\/acrj.org.br\/?p=41020"},"modified":"2026-01-22T15:36:22","modified_gmt":"2026-01-22T18:36:22","slug":"definicao-de-indicadores-economicos-mentoria-e-realizacao-de-eventos-na-pauta-do-conselho-para-2026","status":"publish","type":"post","link":"https:\/\/acrj.org.br\/index.php\/2026\/01\/22\/definicao-de-indicadores-economicos-mentoria-e-realizacao-de-eventos-na-pauta-do-conselho-para-2026\/","title":{"rendered":"Defini\u00e7\u00e3o de indicadores econ\u00f4micos, mentoria e realiza\u00e7\u00e3o de eventos na pauta do Conselho para 2026"},"content":{"rendered":"\n<p>O presidente do Conselho Empresarial de Desenvolvimento Econ\u00f4mico e Mercado de Capitais da ACRJ, Paulo Ganime, iniciou a primeira reuni\u00e3o do ano destacando algumas atividades do plano de a\u00e7\u00e3o para 2026\/2027. Uma das prioridades ser\u00e1 a defini\u00e7\u00e3o de indicadores econ\u00f4micos para monitorar o impacto do trabalho do conselho. Ganime disse que buscar\u00e1 equilibrar decis\u00f5es mais \u00e1geis para cumprir os prazos e metas estabelecidos. Al\u00e9m disso, destacou a import\u00e2ncia de acessar o banco de dados de associados da Casa para entender melhor o perfil do p\u00fablico e garantir que as a\u00e7\u00f5es gerem valor direto para as empresas associadas.<\/p>\n\n\n\n<p>A reuni\u00e3o contou com a participa\u00e7\u00e3o do vice-presidente dos Conselhos Empresariais, Juedir Teixeira, que aproveitou a oportunidade para convidar os conselheiros para a o encontro onde far\u00e1 um balan\u00e7o da maior feira de varejo do mundo, a NFR2026, no dia 30 de janeiro, \u00e0s 10h, na sede da ACRJ.<\/p>\n\n\n\n<figure class=\"wp-block-image size-large is-resized\"><img fetchpriority=\"high\" decoding=\"async\" width=\"1024\" height=\"534\" src=\"https:\/\/acrj.org.br\/wp-content\/uploads\/2026\/01\/mesa1-1024x534.jpg\" alt=\"\" class=\"wp-image-41022\" style=\"width:500px\" srcset=\"https:\/\/acrj.org.br\/wp-content\/uploads\/2026\/01\/mesa1-1024x534.jpg 1024w, https:\/\/acrj.org.br\/wp-content\/uploads\/2026\/01\/mesa1-300x156.jpg 300w, https:\/\/acrj.org.br\/wp-content\/uploads\/2026\/01\/mesa1-768x401.jpg 768w, https:\/\/acrj.org.br\/wp-content\/uploads\/2026\/01\/mesa1-1536x801.jpg 1536w, https:\/\/acrj.org.br\/wp-content\/uploads\/2026\/01\/mesa1-2048x1068.jpg 2048w\" sizes=\"(max-width: 1024px) 100vw, 1024px\" \/><\/figure>\n\n\n\n<p>Um ponto central da pauta foi a proposta de retomada do evento &#8220;Rio Investidor&#8221;, que n\u00e3o ocorre h\u00e1 cerca de 15 anos, e que agora dever\u00e1 ser realizado como parte do F\u00f3rum Rio Empreendedor, promovido pela ACRJ, cuja quarta edi\u00e7\u00e3o acontecer\u00e1 no m\u00eas de julho. \u201cA ideia \u00e9 aproveitar a estrutura j\u00e1 existente da ACRJ para garantir a viabilidade deste evento\u201d, explicou. Os conselheiros v\u00e3o discutir o modelo de financiamento e participa\u00e7\u00e3o do conselho nesse evento.<\/p>\n\n\n\n<p>Durante a reuni\u00e3o tamb\u00e9m foi debatida uma proposta de cria\u00e7\u00e3o de um sistema de mentoria e consultoria baseado em um banco de talentos da pr\u00f3pria Associa\u00e7\u00e3o, aproveitando o conhecimento dos membros para ajudar outros empres\u00e1rios. \u201cA ideia exige uma organiza\u00e7\u00e3o mais rigorosa, defini\u00e7\u00e3o de modelos de governan\u00e7a e um estudo pr\u00e9vio para que n\u00e3o sejam executadas sem um prop\u00f3sito claro ou estrutura adequada\u201d, disse Ganime, acrescentando que todo o planejamento do Conselho ser\u00e1 previamente discutido com os conselheiros antes de sua aprova\u00e7\u00e3o.<\/p>\n\n\n\n<figure class=\"wp-block-image size-large is-resized\"><img decoding=\"async\" width=\"1024\" height=\"516\" src=\"https:\/\/acrj.org.br\/wp-content\/uploads\/2026\/01\/mesa-1-1024x516.jpg\" alt=\"\" class=\"wp-image-41023\" style=\"width:500px\" srcset=\"https:\/\/acrj.org.br\/wp-content\/uploads\/2026\/01\/mesa-1-1024x516.jpg 1024w, https:\/\/acrj.org.br\/wp-content\/uploads\/2026\/01\/mesa-1-300x151.jpg 300w, https:\/\/acrj.org.br\/wp-content\/uploads\/2026\/01\/mesa-1-768x387.jpg 768w, https:\/\/acrj.org.br\/wp-content\/uploads\/2026\/01\/mesa-1-1536x775.jpg 1536w, https:\/\/acrj.org.br\/wp-content\/uploads\/2026\/01\/mesa-1-2048x1033.jpg 2048w\" sizes=\"(max-width: 1024px) 100vw, 1024px\" \/><\/figure>\n","protected":false},"excerpt":{"rendered":"<p>O presidente do Conselho Empresarial de Desenvolvimento Econ\u00f4mico e Mercado de Capitais da ACRJ, Paulo Ganime, iniciou a primeira reuni\u00e3o do ano destacando algumas atividades&hellip;<\/p>\n","protected":false},"author":3,"featured_media":41021,"comment_status":"closed","ping_status":"closed","sticky":false,"template":"","format":"standard","meta":{"_exactmetrics_skip_tracking":false,"_exactmetrics_sitenote_active":false,"_exactmetrics_sitenote_note":"","_exactmetrics_sitenote_category":0,"footnotes":""},"categories":[56,10],"tags":[],"class_list":["post-41020","post","type-post","status-publish","format-standard","has-post-thumbnail","hentry","category-destaque_conselhos","category-noticias"],"_links":{"self":[{"href":"https:\/\/acrj.org.br\/index.php\/wp-json\/wp\/v2\/posts\/41020","targetHints":{"allow":["GET"]}}],"collection":[{"href":"https:\/\/acrj.org.br\/index.php\/wp-json\/wp\/v2\/posts"}],"about":[{"href":"https:\/\/acrj.org.br\/index.php\/wp-json\/wp\/v2\/types\/post"}],"author":[{"embeddable":true,"href":"https:\/\/acrj.org.br\/index.php\/wp-json\/wp\/v2\/users\/3"}],"replies":[{"embeddable":true,"href":"https:\/\/acrj.org.br\/index.php\/wp-json\/wp\/v2\/comments?post=41020"}],"version-history":[{"count":1,"href":"https:\/\/acrj.org.br\/index.php\/wp-json\/wp\/v2\/posts\/41020\/revisions"}],"predecessor-version":[{"id":41024,"href":"https:\/\/acrj.org.br\/index.php\/wp-json\/wp\/v2\/posts\/41020\/revisions\/41024"}],"wp:featuredmedia":[{"embeddable":true,"href":"https:\/\/acrj.org.br\/index.php\/wp-json\/wp\/v2\/media\/41021"}],"wp:attachment":[{"href":"https:\/\/acrj.org.br\/index.php\/wp-json\/wp\/v2\/media?parent=41020"}],"wp:term":[{"taxonomy":"category","embeddable":true,"href":"https:\/\/acrj.org.br\/index.php\/wp-json\/wp\/v2\/categories?post=41020"},{"taxonomy":"post_tag","embeddable":true,"href":"https:\/\/acrj.org.br\/index.php\/wp-json\/wp\/v2\/tags?post=41020"}],"curies":[{"name":"wp","href":"https:\/\/api.w.org\/{rel}","templated":true}]}}