{"id":40985,"date":"2026-01-19T15:23:04","date_gmt":"2026-01-19T18:23:04","guid":{"rendered":"https:\/\/acrj.org.br\/?p=40985"},"modified":"2026-03-05T14:56:52","modified_gmt":"2026-03-05T17:56:52","slug":"save-the-date-iv-forum-rio-empreendedor","status":"publish","type":"post","link":"https:\/\/acrj.org.br\/index.php\/2026\/01\/19\/save-the-date-iv-forum-rio-empreendedor\/","title":{"rendered":"IV F\u00f3rum Rio Empreendedor"},"content":{"rendered":"\n<p>Um espa\u00e7o de di\u00e1logo qualificado sobre inova\u00e7\u00e3o, desenvolvimento econ\u00f4mico, inclus\u00e3o e futuro das cidades, reunindo os principais atores do ecossistema empreendedor do Rio de Janeiro.<\/p>\n\n\n\n<p>Programa\u00e7\u00e3o em breve.<\/p>\n\n\n\n<p><\/p>\n","protected":false},"excerpt":{"rendered":"<p>Um espa\u00e7o de di\u00e1logo qualificado sobre inova\u00e7\u00e3o, desenvolvimento econ\u00f4mico, inclus\u00e3o e futuro das cidades, reunindo os principais atores do ecossistema empreendedor do Rio de Janeiro.<br \/>\nPrograma\u00e7\u00e3o em breve.<\/p>\n","protected":false},"author":3,"featured_media":40986,"comment_status":"closed","ping_status":"closed","sticky":false,"template":"","format":"standard","meta":{"_exactmetrics_skip_tracking":false,"_exactmetrics_sitenote_active":false,"_exactmetrics_sitenote_note":"","_exactmetrics_sitenote_category":0,"footnotes":""},"categories":[6,10],"tags":[],"class_list":["post-40985","post","type-post","status-publish","format-standard","has-post-thumbnail","hentry","category-destaque_noticias","category-noticias"],"_links":{"self":[{"href":"https:\/\/acrj.org.br\/index.php\/wp-json\/wp\/v2\/posts\/40985","targetHints":{"allow":["GET"]}}],"collection":[{"href":"https:\/\/acrj.org.br\/index.php\/wp-json\/wp\/v2\/posts"}],"about":[{"href":"https:\/\/acrj.org.br\/index.php\/wp-json\/wp\/v2\/types\/post"}],"author":[{"embeddable":true,"href":"https:\/\/acrj.org.br\/index.php\/wp-json\/wp\/v2\/users\/3"}],"replies":[{"embeddable":true,"href":"https:\/\/acrj.org.br\/index.php\/wp-json\/wp\/v2\/comments?post=40985"}],"version-history":[{"count":4,"href":"https:\/\/acrj.org.br\/index.php\/wp-json\/wp\/v2\/posts\/40985\/revisions"}],"predecessor-version":[{"id":40990,"href":"https:\/\/acrj.org.br\/index.php\/wp-json\/wp\/v2\/posts\/40985\/revisions\/40990"}],"wp:featuredmedia":[{"embeddable":true,"href":"https:\/\/acrj.org.br\/index.php\/wp-json\/wp\/v2\/media\/40986"}],"wp:attachment":[{"href":"https:\/\/acrj.org.br\/index.php\/wp-json\/wp\/v2\/media?parent=40985"}],"wp:term":[{"taxonomy":"category","embeddable":true,"href":"https:\/\/acrj.org.br\/index.php\/wp-json\/wp\/v2\/categories?post=40985"},{"taxonomy":"post_tag","embeddable":true,"href":"https:\/\/acrj.org.br\/index.php\/wp-json\/wp\/v2\/tags?post=40985"}],"curies":[{"name":"wp","href":"https:\/\/api.w.org\/{rel}","templated":true}]}}