{"id":40975,"date":"2026-01-16T16:05:17","date_gmt":"2026-01-16T19:05:17","guid":{"rendered":"https:\/\/acrj.org.br\/?p=40975"},"modified":"2026-03-27T14:42:40","modified_gmt":"2026-03-27T17:42:40","slug":"liderancas-participam-de-reuniao-do-movimento-juntos-pelo-centro-do-rio-na-acrj","status":"publish","type":"post","link":"https:\/\/acrj.org.br\/index.php\/2026\/01\/16\/liderancas-participam-de-reuniao-do-movimento-juntos-pelo-centro-do-rio-na-acrj\/","title":{"rendered":"Lideran\u00e7as participam de reuni\u00e3o do Movimento Juntos pelo Centro do Rio na ACRJ"},"content":{"rendered":"\n<p>Lideran\u00e7as de institui\u00e7\u00f5es p\u00fablicas e privadas participaram, no dia 16 de janeiro, na sede da Associa\u00e7\u00e3o Comercial do Rio de Janeiro (ACRJ), de um encontro de trabalho para a valida\u00e7\u00e3o do <strong>Manifesto Juntos pelo Centro do Rio<\/strong>. Elaborado pelo movimento de mesmo nome, o documento visa diagnosticar os problemas da regi\u00e3o central e apresentar propostas estrat\u00e9gicas para os desafios locais.<\/p>\n\n\n\n<p>O encontro foi conduzido pelo presidente da ACRJ, Josier Vilar; pelo presidente do Conselho Superior, Ruy Barreto Filho; e por Carlos Roberto Osorio, presidente do Conselho Empresarial de Renova\u00e7\u00e3o do Centro do Rio e Ordem P\u00fablica da ACRJ, al\u00e9m dos consultores Fernando Mattos e Rodrigo Teixeira.<\/p>\n\n\n\n<p>O presidente da ACRJ, Josier Vilar, refor\u00e7ou a import\u00e2ncia da iniciativa como ponto de partida para uma agenda cont\u00ednua e propositiva. \u201c\u00c9 esta uni\u00e3o de esfor\u00e7os que tornar\u00e1 o grupo mais forte do que qualquer a\u00e7\u00e3o isolada. A resolu\u00e7\u00e3o dos problemas urbanos do Centro n\u00e3o \u00e9 imediata, mas o primeiro passo essencial \u00e9 o levantamento e a valida\u00e7\u00e3o de dados fundamentados. Sem informa\u00e7\u00f5es concretas, \u00e9 imposs\u00edvel formular propostas ou solu\u00e7\u00f5es inteligentes para a transforma\u00e7\u00e3o da cidade\u201d, destacou.<\/p>\n\n\n\n<figure class=\"wp-block-image size-large is-resized\"><img fetchpriority=\"high\" decoding=\"async\" width=\"2560\" height=\"1441\" src=\"https:\/\/acrj.org.br\/wp-content\/uploads\/2026\/01\/josier-edited-scaled.jpg\" alt=\"\" class=\"wp-image-40978\" style=\"width:500px\" srcset=\"https:\/\/acrj.org.br\/wp-content\/uploads\/2026\/01\/josier-edited-scaled.jpg 2560w, https:\/\/acrj.org.br\/wp-content\/uploads\/2026\/01\/josier-edited-300x169.jpg 300w, https:\/\/acrj.org.br\/wp-content\/uploads\/2026\/01\/josier-edited-1024x576.jpg 1024w, https:\/\/acrj.org.br\/wp-content\/uploads\/2026\/01\/josier-edited-768x432.jpg 768w, https:\/\/acrj.org.br\/wp-content\/uploads\/2026\/01\/josier-edited-1536x865.jpg 1536w, https:\/\/acrj.org.br\/wp-content\/uploads\/2026\/01\/josier-edited-2048x1153.jpg 2048w\" sizes=\"(max-width: 2560px) 100vw, 2560px\" \/><figcaption class=\"wp-element-caption\"><em>Josier Vilar refor\u00e7ou a import\u00e2ncia da iniciativa e da uni\u00e3o das institui\u00e7\u00f5es<\/em><\/figcaption><\/figure>\n\n\n\n<p>Carlos Osorio acrescentou que mais do que um simples documento, o Manifesto formaliza a decis\u00e3o dessas entidades de atuarem em conjunto, de forma articulada e coordenada, para reafirmar a relev\u00e2ncia hist\u00f3rica, cultural e econ\u00f4mica da regi\u00e3o para a cidade. \u201cComo o presidente Josier falou, o foco est\u00e1 na soma de esfor\u00e7os e na coopera\u00e7\u00e3o institucional m\u00fatua, estabelecendo uma frente s\u00f3lida dedicada exclusivamente \u00e0 defesa e \u00e0 melhoria cont\u00ednua do Centro\u201d, disse.<\/p>\n\n\n\n<p><strong>Governan\u00e7a e Grupos de Trabalho<\/strong><\/p>\n\n\n\n<p>Este foi o segundo encontro do grupo e contou com a participa\u00e7\u00e3o de 37 representantes de 23 institui\u00e7\u00f5es integrantes do Conselho Consultivo. Este grupo \u00e9 formado por institui\u00e7\u00f5es culturais, do setor acad\u00eamico e representa\u00e7\u00f5es de classe, entre outras. Na ocasi\u00e3o, foi aprovado o texto final do manifesto \u2014 que em breve ser\u00e1 divulgado \u00e0 sociedade \u2014 e validados o plano de trabalho e o modelo de governan\u00e7a apresentados pela consultoria contratada.<\/p>\n\n\n\n<p>Durante a reuni\u00e3o, tamb\u00e9m foram escolhidos os primeiros coordenadores e vice-coordenadores dos Grupos de Trabalho (GTs) tem\u00e1ticos. A lista completa com todas as nomea\u00e7\u00f5es ser\u00e1 definida nos pr\u00f3ximos dias.<\/p>\n\n\n\n<p>Os pr\u00f3ximos encontros j\u00e1 est\u00e3o agendados para os dias 26\/01, com coordenadores e vice-coordenadores dos Grupos de Trabalho, e 29\/01, nova reuni\u00e3o com o Conselho Consultivo. O Lan\u00e7amento oficial do Movimento Juntos pelo Centro do Rio est\u00e1 previsto para o m\u00eas de fevereiro.<\/p>\n\n\n\n<p><strong>Sobre o Movimento &#8220;Juntos pelo Centro do Rio&#8221;<\/strong><\/p>\n\n\n\n<p>O Movimento \u201cJuntos pelo Centro do Rio\u201d nasceu a partir de uma vis\u00e3o de futuro compartilhada por diversas institui\u00e7\u00f5es p\u00fablicas e privadas, com relev\u00e2ncia hist\u00f3rica, cultural e econ\u00f4mica da regi\u00e3o Central da cidade, e sustentada por alian\u00e7as estrat\u00e9gicas e por um prop\u00f3sito claro, desdobrado por \u00e1rea tem\u00e1tica. A atua\u00e7\u00e3o do grupo est\u00e1 organizada a partir de pol\u00edticas, programas, projetos e a\u00e7\u00f5es, com indicadores e metas definidos. O Manifesto \u201cJuntos pelo Centro do Rio\u201d estabelece uma governan\u00e7a suprapartid\u00e1ria, institucional e colaborativa, com nove temas priorit\u00e1rios.<\/p>\n\n\n\n<p>A governan\u00e7a do Movimento \u00e9 composta pelo Comit\u00ea de Gest\u00e3o <strong>(<\/strong>ACRJ, Firjan e Sebrae Rio) e Conselho Consultivo <strong>(<\/strong>Institui\u00e7\u00f5es signat\u00e1rias do Manifesto \u201cJuntos pelo Centro do Rio\u201d respons\u00e1veis pela articula\u00e7\u00e3o estrat\u00e9gica e acompanhamento dos resultados).<\/p>\n\n\n\n<p><\/p>\n","protected":false},"excerpt":{"rendered":"<p>Lideran\u00e7as de institui\u00e7\u00f5es p\u00fablicas e privadas participaram, no dia 16 de janeiro, na sede da Associa\u00e7\u00e3o Comercial do Rio de Janeiro (ACRJ), de um encontro&hellip;<\/p>\n","protected":false},"author":3,"featured_media":40976,"comment_status":"closed","ping_status":"closed","sticky":false,"template":"","format":"standard","meta":{"_exactmetrics_skip_tracking":false,"_exactmetrics_sitenote_active":false,"_exactmetrics_sitenote_note":"","_exactmetrics_sitenote_category":0,"footnotes":""},"categories":[6,10],"tags":[],"class_list":["post-40975","post","type-post","status-publish","format-standard","has-post-thumbnail","hentry","category-destaque_noticias","category-noticias"],"_links":{"self":[{"href":"https:\/\/acrj.org.br\/index.php\/wp-json\/wp\/v2\/posts\/40975","targetHints":{"allow":["GET"]}}],"collection":[{"href":"https:\/\/acrj.org.br\/index.php\/wp-json\/wp\/v2\/posts"}],"about":[{"href":"https:\/\/acrj.org.br\/index.php\/wp-json\/wp\/v2\/types\/post"}],"author":[{"embeddable":true,"href":"https:\/\/acrj.org.br\/index.php\/wp-json\/wp\/v2\/users\/3"}],"replies":[{"embeddable":true,"href":"https:\/\/acrj.org.br\/index.php\/wp-json\/wp\/v2\/comments?post=40975"}],"version-history":[{"count":6,"href":"https:\/\/acrj.org.br\/index.php\/wp-json\/wp\/v2\/posts\/40975\/revisions"}],"predecessor-version":[{"id":42429,"href":"https:\/\/acrj.org.br\/index.php\/wp-json\/wp\/v2\/posts\/40975\/revisions\/42429"}],"wp:featuredmedia":[{"embeddable":true,"href":"https:\/\/acrj.org.br\/index.php\/wp-json\/wp\/v2\/media\/40976"}],"wp:attachment":[{"href":"https:\/\/acrj.org.br\/index.php\/wp-json\/wp\/v2\/media?parent=40975"}],"wp:term":[{"taxonomy":"category","embeddable":true,"href":"https:\/\/acrj.org.br\/index.php\/wp-json\/wp\/v2\/categories?post=40975"},{"taxonomy":"post_tag","embeddable":true,"href":"https:\/\/acrj.org.br\/index.php\/wp-json\/wp\/v2\/tags?post=40975"}],"curies":[{"name":"wp","href":"https:\/\/api.w.org\/{rel}","templated":true}]}}