{"id":40952,"date":"2026-01-15T11:00:58","date_gmt":"2026-01-15T14:00:58","guid":{"rendered":"https:\/\/acrj.org.br\/?p=40952"},"modified":"2026-01-19T11:38:35","modified_gmt":"2026-01-19T14:38:35","slug":"reuniao-sobre-acordos-comerciais-situacao-da-venezuela-e-cenario-economico-no-brasil","status":"publish","type":"post","link":"https:\/\/acrj.org.br\/index.php\/2026\/01\/15\/reuniao-sobre-acordos-comerciais-situacao-da-venezuela-e-cenario-economico-no-brasil\/","title":{"rendered":"Reuni\u00e3o sobre acordos comerciais, situa\u00e7\u00e3o da Venezuela e cen\u00e1rio econ\u00f4mico no Brasil"},"content":{"rendered":"\n<p>O Conselho Empresarial de Com\u00e9rcio Exterior da ACRJ realiza, no dia 22 de janeiro, \u00e0s 11h, reuni\u00e3o dedicada \u00e0 an\u00e1lise de temas centrais da agenda econ\u00f4mica e do com\u00e9rcio exterior brasileiro para debater \u201cAs perspectivas econ\u00f4micas e pol\u00edticas da Venezuela no com\u00e9rcio internacional\u201d, com o economista M\u00e1rcio Sette Fortes e o vice-presidente do Conselho, Pedro Rafael. A iniciativa integra a agenda institucional da ACRJ voltada ao debate sobre integra\u00e7\u00e3o econ\u00f4mica, com\u00e9rcio internacional e oportunidades para o setor produtivo, em um cen\u00e1rio de reconfigura\u00e7\u00e3o das rela\u00e7\u00f5es comerciais na Am\u00e9rica do Sul e com a Uni\u00e3o Europeia.<\/p>\n\n\n\n<p>M\u00e1rcio Sette far\u00e1 uma an\u00e1lise estrat\u00e9gica sobre acordos internacionais, financiamento ao com\u00e9rcio e o contexto econ\u00f4mico regional, com destaque para o Acordo de Complementa\u00e7\u00e3o Econ\u00f4mica n\u00ba 59 (ACE 59) e o Acordo Mercosul\u2013Uni\u00e3o Europeia; a suspens\u00e3o tempor\u00e1ria (j\u00e1 revogada) do Acordo de Complementa\u00e7\u00e3o Econ\u00f4mica n\u00ba 69 (ACE 69), que autoriza a entrada de produtos brasileiros na Venezuela com tarifa zero, mediante certifica\u00e7\u00e3o de origem; e considera\u00e7\u00f5es econ\u00f4micas sobre o setor de petr\u00f3leo, com an\u00e1lise dos impactos para o Rio de Janeiro e a Venezuela.<\/p>\n\n\n\n<p>&#x1f193; O encontro \u00e9 <strong>gratuito<\/strong> mediante inscri\u00e7\u00e3o pr\u00e9via.<br>&#x1f517; <strong><a href=\"https:\/\/forms.gle\/wh9quv9Y36D6T5pk6\">Acesse aqui<\/a><\/strong> para se inscrever<\/p>\n\n\n\n<p><strong>SERVI\u00c7O<\/strong><\/p>\n\n\n\n<p>\u200b&#x1f5d3;&#xfe0f; 22 de janeiro<br>&#x1f570;&#xfe0f; 11h<br>&#x1f3e2; Sede da ACRJ: Rua Candel\u00e1ria, 9\/12\u00ba andar \u2013 Centro &#8211; RJ<\/p>\n\n\n\n<figure class=\"wp-block-image size-large is-resized\"><img fetchpriority=\"high\" decoding=\"async\" width=\"1024\" height=\"977\" src=\"https:\/\/acrj.org.br\/wp-content\/uploads\/2026\/01\/reuniao-22_jan-1024x977.jpeg\" alt=\"\" class=\"wp-image-40953\" style=\"width:500px\" srcset=\"https:\/\/acrj.org.br\/wp-content\/uploads\/2026\/01\/reuniao-22_jan-1024x977.jpeg 1024w, https:\/\/acrj.org.br\/wp-content\/uploads\/2026\/01\/reuniao-22_jan-300x286.jpeg 300w, https:\/\/acrj.org.br\/wp-content\/uploads\/2026\/01\/reuniao-22_jan-768x733.jpeg 768w, https:\/\/acrj.org.br\/wp-content\/uploads\/2026\/01\/reuniao-22_jan-1536x1466.jpeg 1536w, https:\/\/acrj.org.br\/wp-content\/uploads\/2026\/01\/reuniao-22_jan.jpeg 1600w\" sizes=\"(max-width: 1024px) 100vw, 1024px\" \/><\/figure>\n","protected":false},"excerpt":{"rendered":"<p>O Conselho Empresarial de Com\u00e9rcio Exterior da ACRJ realiza, no dia 22 de janeiro, \u00e0s 11h, reuni\u00e3o dedicada \u00e0 an\u00e1lise de temas centrais da agenda&hellip;<\/p>\n","protected":false},"author":3,"featured_media":40955,"comment_status":"closed","ping_status":"closed","sticky":false,"template":"","format":"standard","meta":{"_exactmetrics_skip_tracking":false,"_exactmetrics_sitenote_active":false,"_exactmetrics_sitenote_note":"","_exactmetrics_sitenote_category":0,"footnotes":""},"categories":[83],"tags":[],"class_list":["post-40952","post","type-post","status-publish","format-standard","has-post-thumbnail","hentry","category-eventos_acrj"],"_links":{"self":[{"href":"https:\/\/acrj.org.br\/index.php\/wp-json\/wp\/v2\/posts\/40952","targetHints":{"allow":["GET"]}}],"collection":[{"href":"https:\/\/acrj.org.br\/index.php\/wp-json\/wp\/v2\/posts"}],"about":[{"href":"https:\/\/acrj.org.br\/index.php\/wp-json\/wp\/v2\/types\/post"}],"author":[{"embeddable":true,"href":"https:\/\/acrj.org.br\/index.php\/wp-json\/wp\/v2\/users\/3"}],"replies":[{"embeddable":true,"href":"https:\/\/acrj.org.br\/index.php\/wp-json\/wp\/v2\/comments?post=40952"}],"version-history":[{"count":4,"href":"https:\/\/acrj.org.br\/index.php\/wp-json\/wp\/v2\/posts\/40952\/revisions"}],"predecessor-version":[{"id":40962,"href":"https:\/\/acrj.org.br\/index.php\/wp-json\/wp\/v2\/posts\/40952\/revisions\/40962"}],"wp:featuredmedia":[{"embeddable":true,"href":"https:\/\/acrj.org.br\/index.php\/wp-json\/wp\/v2\/media\/40955"}],"wp:attachment":[{"href":"https:\/\/acrj.org.br\/index.php\/wp-json\/wp\/v2\/media?parent=40952"}],"wp:term":[{"taxonomy":"category","embeddable":true,"href":"https:\/\/acrj.org.br\/index.php\/wp-json\/wp\/v2\/categories?post=40952"},{"taxonomy":"post_tag","embeddable":true,"href":"https:\/\/acrj.org.br\/index.php\/wp-json\/wp\/v2\/tags?post=40952"}],"curies":[{"name":"wp","href":"https:\/\/api.w.org\/{rel}","templated":true}]}}