{"id":40850,"date":"2025-12-22T13:59:00","date_gmt":"2025-12-22T16:59:00","guid":{"rendered":"https:\/\/acrj.org.br\/?p=40850"},"modified":"2026-01-07T10:00:57","modified_gmt":"2026-01-07T13:00:57","slug":"acrj-e-contra-a-ampliacao-de-voos-no-aeroporto-santos-dumont","status":"publish","type":"post","link":"https:\/\/acrj.org.br\/index.php\/2025\/12\/22\/acrj-e-contra-a-ampliacao-de-voos-no-aeroporto-santos-dumont\/","title":{"rendered":"ACRJ \u00e9 contra a amplia\u00e7\u00e3o de voos no aeroporto Santos Dumont"},"content":{"rendered":"\n<p>&nbsp;A ASSOCIA\u00c7\u00c3O COMERCIAL DO RIO DE JANEIRO &#8211; ACRJ, diante das not\u00edcias que contrariam o bom senso, a l\u00f3gica econ\u00f4mica, o planejamento p\u00fablico e a seguran\u00e7a operacional com uma nova tentativa de ampliar os voos no Aeroporto Santos Dumont, esvaziando deliberadamente o Aeroporto Internacional do Gale\u00e3o, manifesta-se firmemente contra essa iniciativa.<\/p>\n\n\n\n<p>A experi\u00eancia recente j\u00e1 demonstrou, de forma inequ\u00edvoca, que a hiperconcentra\u00e7\u00e3o de voos no Santos Dumont retira demanda do Gale\u00e3o, reduz rotas internacionais, afasta companhias a\u00e9reas e compromete a conectividade global do Rio.<\/p>\n\n\n\n<p>O Rio bateu recorde de turistas estrangeiros e o Gale\u00e3o \u00e9 o aeroporto com voca\u00e7\u00e3o internacional, infraestrutura adequada e localiza\u00e7\u00e3o estrat\u00e9gica para ser o grande hub do Sudeste de passageiros e cargas.<br>Esvazi\u00e1-lo n\u00e3o fortalece o sistema aeroportu\u00e1rio, ao contr\u00e1rio, fragiliza-o.<\/p>\n\n\n\n<p>\u00c9 um golpe direto em uma das cadeias econ\u00f4micas mais relevantes para o Rio de Janeiro, justamente no momento em que o turismo volta a crescer com quase 2 milh\u00f5es de passageiros em 2025 e se mostra um dos vetores mais eficientes de gera\u00e7\u00e3o de renda e oportunidades.<br>Ampliar indiscriminadamente a opera\u00e7\u00e3o no Santos Dumont significa pressionar uma infraestrutura que j\u00e1 opera no limite.<\/p>\n\n\n\n<p>A insist\u00eancia em inflar o Santos Dumont e esvaziar o Gale\u00e3o n\u00e3o \u00e9 aceit\u00e1vel.<br>O Rio de Janeiro \u00e9 uma marca global. Tem voca\u00e7\u00e3o natural para ser uma das principais portas de entrada do Brasil para o turismo internacional, para eventos, neg\u00f3cios, cultura e inova\u00e7\u00e3o. Isso exige um aeroporto internacional forte, conectado e competitivo.<br>Ao tentar, mais uma vez, ampliar os voos no Santos Dumont em detrimento da bem sucedida coordena\u00e7\u00e3o dos aeroportos do Rio que integrou os dois principais terminais da cidade, destr\u00f3i-se valor e compromete-se o potencial tur\u00edstico.<\/p>\n\n\n\n<p>O Rio j\u00e1 pagou caro demais por decis\u00f5es improvisadas e de curto prazo.<\/p>\n\n\n\n<p>A quem interessa destruir o turismo e a economia fluminenses?<\/p>\n","protected":false},"excerpt":{"rendered":"<p>&nbsp;A ASSOCIA\u00c7\u00c3O COMERCIAL DO RIO DE JANEIRO &#8211; ACRJ, diante das not\u00edcias que contrariam o bom senso, a l\u00f3gica econ\u00f4mica, o planejamento p\u00fablico e a&hellip;<\/p>\n","protected":false},"author":3,"featured_media":35513,"comment_status":"closed","ping_status":"closed","sticky":false,"template":"","format":"standard","meta":{"_exactmetrics_skip_tracking":false,"_exactmetrics_sitenote_active":false,"_exactmetrics_sitenote_note":"","_exactmetrics_sitenote_category":0,"footnotes":""},"categories":[10],"tags":[],"class_list":["post-40850","post","type-post","status-publish","format-standard","has-post-thumbnail","hentry","category-noticias"],"_links":{"self":[{"href":"https:\/\/acrj.org.br\/index.php\/wp-json\/wp\/v2\/posts\/40850","targetHints":{"allow":["GET"]}}],"collection":[{"href":"https:\/\/acrj.org.br\/index.php\/wp-json\/wp\/v2\/posts"}],"about":[{"href":"https:\/\/acrj.org.br\/index.php\/wp-json\/wp\/v2\/types\/post"}],"author":[{"embeddable":true,"href":"https:\/\/acrj.org.br\/index.php\/wp-json\/wp\/v2\/users\/3"}],"replies":[{"embeddable":true,"href":"https:\/\/acrj.org.br\/index.php\/wp-json\/wp\/v2\/comments?post=40850"}],"version-history":[{"count":0,"href":"https:\/\/acrj.org.br\/index.php\/wp-json\/wp\/v2\/posts\/40850\/revisions"}],"wp:featuredmedia":[{"embeddable":true,"href":"https:\/\/acrj.org.br\/index.php\/wp-json\/wp\/v2\/media\/35513"}],"wp:attachment":[{"href":"https:\/\/acrj.org.br\/index.php\/wp-json\/wp\/v2\/media?parent=40850"}],"wp:term":[{"taxonomy":"category","embeddable":true,"href":"https:\/\/acrj.org.br\/index.php\/wp-json\/wp\/v2\/categories?post=40850"},{"taxonomy":"post_tag","embeddable":true,"href":"https:\/\/acrj.org.br\/index.php\/wp-json\/wp\/v2\/tags?post=40850"}],"curies":[{"name":"wp","href":"https:\/\/api.w.org\/{rel}","templated":true}]}}