{"id":40843,"date":"2025-12-29T16:49:58","date_gmt":"2025-12-29T19:49:58","guid":{"rendered":"https:\/\/acrj.org.br\/?p=40843"},"modified":"2026-01-22T16:52:27","modified_gmt":"2026-01-22T19:52:27","slug":"acrj-entrega-as-cestas-da-campanha-natal-solidario-2025","status":"publish","type":"post","link":"https:\/\/acrj.org.br\/index.php\/2025\/12\/29\/acrj-entrega-as-cestas-da-campanha-natal-solidario-2025\/","title":{"rendered":"ACRJ entrega as cestas da Campanha Natal Solid\u00e1rio 2025"},"content":{"rendered":"\n<p>&#x1f91d; A ACRJ entregou as cestas b\u00e1sicas da campanha Natal Solid\u00e1rio ACRJ 2025 para as fam\u00edlias da <strong><a href=\"https:\/\/www.instagram.com\/ong.africa?igsh=aWNyOGp6MHFma3Zm\"><mark style=\"background-color:rgba(0, 0, 0, 0)\" class=\"has-inline-color has-vivid-cyan-blue-color\">ONG \u00c1frica<\/mark><\/a><\/strong>, na Mangueira, e do <strong><a href=\"https:\/\/www.instagram.com\/projetouereoficial?igsh=MXE3cTlnaW8zdHIwNg%3D%3D\"><mark style=\"background-color:rgba(0, 0, 0, 0)\" class=\"has-inline-color has-vivid-cyan-blue-color\">Projeto Uer\u00ea<\/mark><\/a><\/strong>, na Mar\u00e9. A iniciativa faz parte das a\u00e7\u00f5es sociais e solid\u00e1rias promovidas pela ACRJ, atrav\u00e9s de seus Conselhos Empresariais, e representa o compromisso da institui\u00e7\u00e3o e dos empres\u00e1rios com a comunidade carioca.<\/p>\n\n\n\n<p>Cada cesta tinha alimentos b\u00e1sicos, prote\u00ednas e nutrientes, al\u00e9m de itens especiais de produtos natalinos.<\/p>\n\n\n\n<figure class=\"wp-block-image size-full is-resized\"><img fetchpriority=\"high\" decoding=\"async\" width=\"800\" height=\"600\" src=\"https:\/\/acrj.org.br\/wp-content\/uploads\/2025\/12\/cesta-de-natal_ong-africa.png\" alt=\"\" class=\"wp-image-41030\" style=\"width:500px\" srcset=\"https:\/\/acrj.org.br\/wp-content\/uploads\/2025\/12\/cesta-de-natal_ong-africa.png 800w, https:\/\/acrj.org.br\/wp-content\/uploads\/2025\/12\/cesta-de-natal_ong-africa-300x225.png 300w, https:\/\/acrj.org.br\/wp-content\/uploads\/2025\/12\/cesta-de-natal_ong-africa-768x576.png 768w\" sizes=\"(max-width: 800px) 100vw, 800px\" \/><figcaption class=\"wp-element-caption\"><em>Alguns contemplados com as cestas de Natal na ONG \u00c1frica<\/em><\/figcaption><\/figure>\n\n\n\n<figure class=\"wp-block-image size-full is-resized\"><img decoding=\"async\" width=\"800\" height=\"600\" src=\"https:\/\/acrj.org.br\/wp-content\/uploads\/2025\/12\/cesta-de-natal-projeto-Uere.jpg\" alt=\"\" class=\"wp-image-41029\" style=\"width:500px\" srcset=\"https:\/\/acrj.org.br\/wp-content\/uploads\/2025\/12\/cesta-de-natal-projeto-Uere.jpg 800w, https:\/\/acrj.org.br\/wp-content\/uploads\/2025\/12\/cesta-de-natal-projeto-Uere-300x225.jpg 300w, https:\/\/acrj.org.br\/wp-content\/uploads\/2025\/12\/cesta-de-natal-projeto-Uere-768x576.jpg 768w\" sizes=\"(max-width: 800px) 100vw, 800px\" \/><figcaption class=\"wp-element-caption\"><em>Yvonne Bezerra de Mello acompanhou a entrega no Projeto Uer\u00ea<\/em><\/figcaption><\/figure>\n","protected":false},"excerpt":{"rendered":"<p>&#x1f91d; A ACRJ entregou as cestas b\u00e1sicas da campanha Natal Solid\u00e1rio ACRJ 2025 para as fam\u00edlias da ONG \u00c1frica, na Mangueira, e do Projeto Uer\u00ea,&hellip;<\/p>\n","protected":false},"author":3,"featured_media":41032,"comment_status":"closed","ping_status":"closed","sticky":false,"template":"","format":"standard","meta":{"_exactmetrics_skip_tracking":false,"_exactmetrics_sitenote_active":false,"_exactmetrics_sitenote_note":"","_exactmetrics_sitenote_category":0,"footnotes":""},"categories":[10],"tags":[],"class_list":["post-40843","post","type-post","status-publish","format-standard","has-post-thumbnail","hentry","category-noticias"],"_links":{"self":[{"href":"https:\/\/acrj.org.br\/index.php\/wp-json\/wp\/v2\/posts\/40843","targetHints":{"allow":["GET"]}}],"collection":[{"href":"https:\/\/acrj.org.br\/index.php\/wp-json\/wp\/v2\/posts"}],"about":[{"href":"https:\/\/acrj.org.br\/index.php\/wp-json\/wp\/v2\/types\/post"}],"author":[{"embeddable":true,"href":"https:\/\/acrj.org.br\/index.php\/wp-json\/wp\/v2\/users\/3"}],"replies":[{"embeddable":true,"href":"https:\/\/acrj.org.br\/index.php\/wp-json\/wp\/v2\/comments?post=40843"}],"version-history":[{"count":1,"href":"https:\/\/acrj.org.br\/index.php\/wp-json\/wp\/v2\/posts\/40843\/revisions"}],"predecessor-version":[{"id":41031,"href":"https:\/\/acrj.org.br\/index.php\/wp-json\/wp\/v2\/posts\/40843\/revisions\/41031"}],"wp:featuredmedia":[{"embeddable":true,"href":"https:\/\/acrj.org.br\/index.php\/wp-json\/wp\/v2\/media\/41032"}],"wp:attachment":[{"href":"https:\/\/acrj.org.br\/index.php\/wp-json\/wp\/v2\/media?parent=40843"}],"wp:term":[{"taxonomy":"category","embeddable":true,"href":"https:\/\/acrj.org.br\/index.php\/wp-json\/wp\/v2\/categories?post=40843"},{"taxonomy":"post_tag","embeddable":true,"href":"https:\/\/acrj.org.br\/index.php\/wp-json\/wp\/v2\/tags?post=40843"}],"curies":[{"name":"wp","href":"https:\/\/api.w.org\/{rel}","templated":true}]}}