{"id":40795,"date":"2025-12-12T11:47:26","date_gmt":"2025-12-12T14:47:26","guid":{"rendered":"https:\/\/acrj.org.br\/?p=40795"},"modified":"2026-01-20T07:20:30","modified_gmt":"2026-01-20T10:20:30","slug":"mensagem-do-presidente-2","status":"publish","type":"post","link":"https:\/\/acrj.org.br\/index.php\/2025\/12\/12\/mensagem-do-presidente-2\/","title":{"rendered":"Mensagem do Presidente"},"content":{"rendered":"\n<p>Caros Associados, Conselheiros, Diretores, Vice-Presidentes, Benem\u00e9ritos e Grandes Benem\u00e9ritos, Colaboradores e Funcion\u00e1rios.<\/p>\n\n\n\n<p>Estamos chegando ao final de 2025, um ano marcado por muitas incertezas, mas que tamb\u00e9m nos deixa na ACRJ com uma sensa\u00e7\u00e3o do dever institucional cumprido.<\/p>\n\n\n\n<p>Conseguimos ao longo do ano reunir lideran\u00e7as empresariais dos diversos setores da economia em nossos 23 Conselhos Empresariais e em encontros com representantes do executivo, legislativo e judici\u00e1rio fluminense, al\u00e9m da uni\u00e3o de esfor\u00e7os com a Fecom\u00e9rcio, Firjan e Sebrae-Rio, e em encontros&nbsp;&nbsp; com&nbsp; diversas Universidades e Institui\u00e7\u00f5es de Pesquisa de nosso Estado como UFRJ, UFF, PUC, UERJ, COPPE, FioCruz, entre outras, com o prop\u00f3sito de fomentar e prosperar o ambiente de neg\u00f3cios em nosso estado e cidade.<\/p>\n\n\n\n<p>A Casa do Empres\u00e1rio tornou-se um espa\u00e7o de converg\u00eancia, promovendo ao longo do ano, debates sobre temas estruturantes, com propostas concretas para:<\/p>\n\n\n\n<ul class=\"wp-block-list\">\n<li>Desenvolvimento Econ\u00f4mico;<\/li>\n\n\n\n<li>Turismo, Log\u00edstica e Transporte e Revitaliza\u00e7\u00e3o Urbana;<\/li>\n\n\n\n<li>Cultura e Criatividade;<\/li>\n\n\n\n<li>Educa\u00e7\u00e3o Profissional;<\/li>\n\n\n\n<li>Inova\u00e7\u00e3o e Tecnologia;<\/li>\n\n\n\n<li>Sa\u00fade como nova fronteira da economia atrav\u00e9s do desenvolvimento do CEIS, com foco na inova\u00e7\u00e3o e transforma\u00e7\u00e3o digital;<\/li>\n\n\n\n<li>Apoio ao micro e pequeno empreendedor;&nbsp;&nbsp;&nbsp;&nbsp;&nbsp;&nbsp;&nbsp;&nbsp;&nbsp;&nbsp;&nbsp;&nbsp;&nbsp;<\/li>\n\n\n\n<li>Sustentabilidade e economia circular;<\/li>\n\n\n\n<li>Responsabilidade c\u00edvica e participa\u00e7\u00e3o pol\u00edtica.<\/li>\n<\/ul>\n\n\n\n<p>A Associa\u00e7\u00e3o Comercial tamb\u00e9m foi decisiva na mobiliza\u00e7\u00e3o dos setores de turismo e cultura, defendendo mais integra\u00e7\u00e3o, calend\u00e1rio anual de eventos e pol\u00edticas de incentivo.<\/p>\n\n\n\n<p>Participou de debates sobre a requalifica\u00e7\u00e3o do Centro e da Orla, apoiou iniciativas culturais, o desenvolvimento de um hub de inova\u00e7\u00e3o em sa\u00fade e promoveu o di\u00e1logo entre empresas, gestores p\u00fablicos e institui\u00e7\u00f5es.<\/p>\n\n\n\n<p>O esporte tamb\u00e9m ganhou protagonismo, especialmente pelas sucessivas vit\u00f3rias na Libertadores dos times cariocas Flamengo, Fluminense e Botafogo, simbolizando a capacidade carioca de liderar, emocionar e projetar o Rio internacionalmente.<\/p>\n\n\n\n<p>Todo o plano estrat\u00e9gico da ACRJ foi pautado no prop\u00f3sito de contribuir para que o Rio seja cada vez mais um lugar seguro e atrativo para se Viver, Trabalhar, Empreender, Investir e Visitar, ou seja, um <strong>Rio que volta a acreditar em si mesmo.<\/strong><\/p>\n\n\n\n<p>A ACRJ tamb\u00e9m se posicionou como voz equilibrada e firme, lembrando que:<\/p>\n\n\n\n<ul class=\"wp-block-list\">\n<li>Desenvolvimento exige previsibilidade,<\/li>\n\n\n\n<li>Seguran\u00e7a p\u00fablica deve ser tratada como prioridade absoluta,<\/li>\n\n\n\n<li>Empreendedores precisam de ambiente est\u00e1vel e incentivado.<\/li>\n<\/ul>\n\n\n\n<p>Assim, honrando o legado de Mau\u00e1, a ACRJ foi mais que uma institui\u00e7\u00e3o. Foi conex\u00e3o, projeto de futuro, vis\u00e3o do amanh\u00e3 e retomada do protagonismo na representa\u00e7\u00e3o empresarial de nosso Estado.<\/p>\n\n\n\n<p>Para que projetos como o \u201crebranding\u201d da marca Rio, a cria\u00e7\u00e3o do Ninho do Empreendedor, a cria\u00e7\u00e3o do Centro de Intelig\u00eancia de Neg\u00f3cios, o F\u00f3rum Rio Empreendedor, entre outros transformadores projetos, tenham total sucesso, ativamos o Instituto Mau\u00e1, que passa a ser o bra\u00e7o operacional para projetos estrat\u00e9gicos da ACRJ.<\/p>\n\n\n\n<p>Estou absolutamente seguro que, mesmo diante das grandes dificuldades na \u00e1rea de seguran\u00e7a p\u00fablica que compromete a vida de todos os brasileiros, o Rio de Janeiro continuar\u00e1 seu caminho de prosperidade e de bem-estar, com mais neg\u00f3cios inovadores, mais empreendedores e mais oportunidades de trabalho para todos os cariocas e fluminenses.<\/p>\n\n\n\n<p>E \u00e9 com esse esp\u00edrito esperan\u00e7oso que desejo a todos um FELIZ NATAL e um&nbsp;2026 com muita sa\u00fade e sorte, e que a nossa ACRJ continue em sua trajet\u00f3ria de sucesso.<\/p>\n\n\n\n<p>Sou muito grato a todos pelas contribui\u00e7\u00f5es, pelo respeito a hist\u00f3ria da Casa de Mau\u00e1, pela torcida e pelo amor ao Rio de Janeiro.<\/p>\n\n\n\n<p><strong>Josier M. Vilar<\/strong> &#8211; Presidente da ACRJ<\/p>\n","protected":false},"excerpt":{"rendered":"<p>Caros Associados, Conselheiros, Diretores, Vice-Presidentes, Benem\u00e9ritos e Grandes Benem\u00e9ritos, Colaboradores e Funcion\u00e1rios.<\/p>\n","protected":false},"author":3,"featured_media":36683,"comment_status":"closed","ping_status":"closed","sticky":false,"template":"","format":"standard","meta":{"_exactmetrics_skip_tracking":false,"_exactmetrics_sitenote_active":false,"_exactmetrics_sitenote_note":"","_exactmetrics_sitenote_category":0,"footnotes":""},"categories":[10],"tags":[],"class_list":["post-40795","post","type-post","status-publish","format-standard","has-post-thumbnail","hentry","category-noticias"],"_links":{"self":[{"href":"https:\/\/acrj.org.br\/index.php\/wp-json\/wp\/v2\/posts\/40795","targetHints":{"allow":["GET"]}}],"collection":[{"href":"https:\/\/acrj.org.br\/index.php\/wp-json\/wp\/v2\/posts"}],"about":[{"href":"https:\/\/acrj.org.br\/index.php\/wp-json\/wp\/v2\/types\/post"}],"author":[{"embeddable":true,"href":"https:\/\/acrj.org.br\/index.php\/wp-json\/wp\/v2\/users\/3"}],"replies":[{"embeddable":true,"href":"https:\/\/acrj.org.br\/index.php\/wp-json\/wp\/v2\/comments?post=40795"}],"version-history":[{"count":1,"href":"https:\/\/acrj.org.br\/index.php\/wp-json\/wp\/v2\/posts\/40795\/revisions"}],"predecessor-version":[{"id":40992,"href":"https:\/\/acrj.org.br\/index.php\/wp-json\/wp\/v2\/posts\/40795\/revisions\/40992"}],"wp:featuredmedia":[{"embeddable":true,"href":"https:\/\/acrj.org.br\/index.php\/wp-json\/wp\/v2\/media\/36683"}],"wp:attachment":[{"href":"https:\/\/acrj.org.br\/index.php\/wp-json\/wp\/v2\/media?parent=40795"}],"wp:term":[{"taxonomy":"category","embeddable":true,"href":"https:\/\/acrj.org.br\/index.php\/wp-json\/wp\/v2\/categories?post=40795"},{"taxonomy":"post_tag","embeddable":true,"href":"https:\/\/acrj.org.br\/index.php\/wp-json\/wp\/v2\/tags?post=40795"}],"curies":[{"name":"wp","href":"https:\/\/api.w.org\/{rel}","templated":true}]}}