{"id":40779,"date":"2025-12-12T11:01:34","date_gmt":"2025-12-12T14:01:34","guid":{"rendered":"https:\/\/acrj.org.br\/?p=40779"},"modified":"2025-12-12T11:36:06","modified_gmt":"2025-12-12T14:36:06","slug":"conselheiros-de-economia-prateada-definem-planos-para-2026","status":"publish","type":"post","link":"https:\/\/acrj.org.br\/index.php\/2025\/12\/12\/conselheiros-de-economia-prateada-definem-planos-para-2026\/","title":{"rendered":"Conselheiros de Economia Prateada definem planos para 2026"},"content":{"rendered":"\n<p>O Conselho Empresarial de Economia Prateada e Longevidade da ACRJ realizou a \u00faltima reuni\u00e3o do ano, dia 11\/12, definindo algumas pautas para a atua\u00e7\u00e3o dos conselheiros no pr\u00f3ximo ano. O presidente do Conselho, Fernando Potsch, e o vice, Waldir Leop\u00e9rcio, adiantaram que ser\u00e3o formados grupos tem\u00e1ticos com a participa\u00e7\u00e3o dos conselheiros para facilitar a organiza\u00e7\u00e3o das a\u00e7\u00f5es e o contato com os demais Conselhos da Casa de Mau\u00e1. \u201cNosso Conselho \u00e9 transversal e queremos atuar em conjunto com os demais Conselhos da ACRJ, por isso \u00e9 importante definirmos pautas por temas\u201d, disse.<\/p>\n\n\n\n<figure class=\"wp-block-image size-large is-resized\"><img fetchpriority=\"high\" decoding=\"async\" width=\"1024\" height=\"461\" src=\"https:\/\/acrj.org.br\/wp-content\/uploads\/2025\/12\/mesa-1-1024x461.jpg\" alt=\"\" class=\"wp-image-40781\" style=\"width:500px\" srcset=\"https:\/\/acrj.org.br\/wp-content\/uploads\/2025\/12\/mesa-1-1024x461.jpg 1024w, https:\/\/acrj.org.br\/wp-content\/uploads\/2025\/12\/mesa-1-300x135.jpg 300w, https:\/\/acrj.org.br\/wp-content\/uploads\/2025\/12\/mesa-1-768x346.jpg 768w, https:\/\/acrj.org.br\/wp-content\/uploads\/2025\/12\/mesa-1.jpg 1280w\" sizes=\"(max-width: 1024px) 100vw, 1024px\" \/><\/figure>\n\n\n\n<p>Waldir acrescentou que o envelhecimento da popula\u00e7\u00e3o \u00e9 um fen\u00f4meno mundial, mas no Brasil, ele se manifesta como uma &#8220;verdadeira explos\u00e3o&#8221;, com uma invers\u00e3o da pir\u00e2mide et\u00e1ria muito mais acelerada do que em qualquer outro lugar. \u201cIsso gera m\u00faltiplos desafios, desde a Previd\u00eancia e o sistema de sa\u00fade at\u00e9 quest\u00f5es b\u00e1sicas de conviv\u00eancia social e infraestrutura urbana, como o projeto de cal\u00e7adas seguras no Rio de Janeiro, do nosso conselheiro Carlos Molina\u201d, explicou. <\/p>\n\n\n\n<p>O vice-presidente tamb\u00e9m chamou a aten\u00e7\u00e3o para as oportunidades de neg\u00f3cio para o p\u00fablico 60+, j\u00e1 que, de acordo com ele, h\u00e1 uma lacuna do mercado em entender o comportamento deste p\u00fablico. \u201cEu e o Fernando vamos atuar para fomentar as discuss\u00f5es e projetos relacionados \u00e0 longevidade, mas a responsabilidade e o trabalho de contribuir para esses projetos caber\u00e3o a todos os membros\u201d, acrescentou.<\/p>\n\n\n\n<figure class=\"wp-block-image size-large is-resized\"><img decoding=\"async\" width=\"1024\" height=\"461\" src=\"https:\/\/acrj.org.br\/wp-content\/uploads\/2025\/12\/mesa2-1024x461.jpg\" alt=\"\" class=\"wp-image-40787\" style=\"width:500px\" srcset=\"https:\/\/acrj.org.br\/wp-content\/uploads\/2025\/12\/mesa2-1024x461.jpg 1024w, https:\/\/acrj.org.br\/wp-content\/uploads\/2025\/12\/mesa2-300x135.jpg 300w, https:\/\/acrj.org.br\/wp-content\/uploads\/2025\/12\/mesa2-768x346.jpg 768w, https:\/\/acrj.org.br\/wp-content\/uploads\/2025\/12\/mesa2.jpg 1280w\" sizes=\"(max-width: 1024px) 100vw, 1024px\" \/><\/figure>\n\n\n\n<p>Encerrando a reuni\u00e3o, o conselheiro Paulo Prot\u00e1sio destacou a relev\u00e2ncia do tema e prop\u00f4s uma estrat\u00e9gia internacional, que ultrapasse o foco local ou nacional para uma atua\u00e7\u00e3o global, especificamente com Miami, apresentada por ele como \u201cum pujante segundo centro financeiro e tecnol\u00f3gico dos Estados Unidos\u201d. \u201cEsta mudan\u00e7a visa, primariamente, desenvolver a consci\u00eancia no Brasil sobre o seu processo de envelhecimento populacional\u201d, disse.<br>Para concretizar essa vis\u00e3o global, ele prop\u00f5e uma parceria estrat\u00e9gica baseada no G20 tem\u00e1tico e adiantou que est\u00e1 articulando uma parceria de entidades do Brasil, entre elas a Associa\u00e7\u00e3o Comercial do Rio de Janeiro, e de Miami, mirando o ano de 2026 como ponto de refer\u00eancia para um encontro tem\u00e1tico. \u201cA inten\u00e7\u00e3o \u00e9 inserir o Brasil na discuss\u00e3o dos grandes pa\u00edses que representam resultados de sucesso\u201d, afirmou.<\/p>\n\n\n\n<figure class=\"wp-block-image size-large is-resized\"><img decoding=\"async\" width=\"2560\" height=\"1439\" src=\"https:\/\/acrj.org.br\/wp-content\/uploads\/2025\/12\/protasio1-edited-scaled.jpg\" alt=\"\" class=\"wp-image-40783\" style=\"width:500px\" srcset=\"https:\/\/acrj.org.br\/wp-content\/uploads\/2025\/12\/protasio1-edited-scaled.jpg 2560w, https:\/\/acrj.org.br\/wp-content\/uploads\/2025\/12\/protasio1-edited-300x169.jpg 300w, https:\/\/acrj.org.br\/wp-content\/uploads\/2025\/12\/protasio1-edited-1024x576.jpg 1024w, https:\/\/acrj.org.br\/wp-content\/uploads\/2025\/12\/protasio1-edited-768x432.jpg 768w, https:\/\/acrj.org.br\/wp-content\/uploads\/2025\/12\/protasio1-edited-1536x863.jpg 1536w, https:\/\/acrj.org.br\/wp-content\/uploads\/2025\/12\/protasio1-edited-2048x1151.jpg 2048w\" sizes=\"(max-width: 2560px) 100vw, 2560px\" \/><figcaption class=\"wp-element-caption\"><em>Paulo Prot\u00e1sio (d.) defendeu as parcerias internacionais<\/em><\/figcaption><\/figure>\n\n\n\n<p>A reuni\u00e3o foi encerrada com a solicita\u00e7\u00e3o do presidente Fernando Potsch para os que ainda n\u00e3o se associaram \u00e0 ACRJ conclu\u00edrem o processo ainda este ano, j\u00e1 que o trabalho do Conselho come\u00e7ar\u00e1 no m\u00eas de janeiro.<\/p>\n\n\n\n<p><\/p>\n","protected":false},"excerpt":{"rendered":"<p>O Conselho Empresarial de Economia Prateada e Longevidade da ACRJ realizou a \u00faltima reuni\u00e3o do ano, dia 11\/12, definindo algumas pautas para a atua\u00e7\u00e3o dos&hellip;<\/p>\n","protected":false},"author":3,"featured_media":40780,"comment_status":"closed","ping_status":"closed","sticky":false,"template":"","format":"standard","meta":{"_exactmetrics_skip_tracking":false,"_exactmetrics_sitenote_active":false,"_exactmetrics_sitenote_note":"","_exactmetrics_sitenote_category":0,"footnotes":""},"categories":[56,10],"tags":[],"class_list":["post-40779","post","type-post","status-publish","format-standard","has-post-thumbnail","hentry","category-destaque_conselhos","category-noticias"],"_links":{"self":[{"href":"https:\/\/acrj.org.br\/index.php\/wp-json\/wp\/v2\/posts\/40779","targetHints":{"allow":["GET"]}}],"collection":[{"href":"https:\/\/acrj.org.br\/index.php\/wp-json\/wp\/v2\/posts"}],"about":[{"href":"https:\/\/acrj.org.br\/index.php\/wp-json\/wp\/v2\/types\/post"}],"author":[{"embeddable":true,"href":"https:\/\/acrj.org.br\/index.php\/wp-json\/wp\/v2\/users\/3"}],"replies":[{"embeddable":true,"href":"https:\/\/acrj.org.br\/index.php\/wp-json\/wp\/v2\/comments?post=40779"}],"version-history":[{"count":0,"href":"https:\/\/acrj.org.br\/index.php\/wp-json\/wp\/v2\/posts\/40779\/revisions"}],"wp:featuredmedia":[{"embeddable":true,"href":"https:\/\/acrj.org.br\/index.php\/wp-json\/wp\/v2\/media\/40780"}],"wp:attachment":[{"href":"https:\/\/acrj.org.br\/index.php\/wp-json\/wp\/v2\/media?parent=40779"}],"wp:term":[{"taxonomy":"category","embeddable":true,"href":"https:\/\/acrj.org.br\/index.php\/wp-json\/wp\/v2\/categories?post=40779"},{"taxonomy":"post_tag","embeddable":true,"href":"https:\/\/acrj.org.br\/index.php\/wp-json\/wp\/v2\/tags?post=40779"}],"curies":[{"name":"wp","href":"https:\/\/api.w.org\/{rel}","templated":true}]}}