{"id":40746,"date":"2025-12-10T15:18:07","date_gmt":"2025-12-10T18:18:07","guid":{"rendered":"https:\/\/acrj.org.br\/?p=40746"},"modified":"2026-04-07T12:35:07","modified_gmt":"2026-04-07T15:35:07","slug":"brasilia-nunca-mais","status":"publish","type":"post","link":"https:\/\/acrj.org.br\/index.php\/2025\/12\/10\/brasilia-nunca-mais\/","title":{"rendered":"Bras\u00edlia nunca mais"},"content":{"rendered":"\n<p>Por Josier Vilar, presidente da ACRJ. Artigo publicado no Jornal O Dia<\/p>\n\n\n\n<p>Durante os 197 anos, a cidade do Rio de Janeiro foi a capital da Col\u00f4nia, do Imp\u00e9rio e da Rep\u00fablica brasileira.<\/p>\n\n\n\n<p>Em 1960 a capital federal foi transferida para Bras\u00edlia, denominada ent\u00e3o Novacap, enquanto o Rio passava a ser chamado de Belacap. Essa transfer\u00eancia nos deixou o triste legado de uma economia fortemente ligada aos governos coloniais, imperiais e republicanos.<\/p>\n\n\n\n<p>At\u00e9 perder seu status de capital federal, o Rio de Janeiro era a cidade mais rica do pa\u00eds.<\/p>\n\n\n\n<p>Hoje, Bras\u00edlia ostenta esse t\u00edtulo com a maior renda per capita nacional, embora l\u00e1 n\u00e3o exista uma \u00fanica ind\u00fastria de destaque, n\u00e3o tenha surgido, nesses 65 anos de exist\u00eancia, uma \u00fanica startup que tenha se transformado em grande empresa ou qualquer empresa varejista privada de reconhecimento nacional.<\/p>\n\n\n\n<p>Bras\u00edlia \u00e9 o que o Rio foi at\u00e9 os anos 1960: uma cidade de consumidores, fortemente dependente de governos, dos altos sal\u00e1rios e dos benef\u00edcios do setor p\u00fablico.<\/p>\n\n\n\n<p>O Rio precisa deixar de lado o fantasma de haver sido capital e construir uma nova identidade. A transfer\u00eancia da capital deveria ter sido planejada para que abandon\u00e1ssemos a cultura patrimonialista de Estado e cri\u00e1ssemos uma cultura de empreendedorismo no Rio. Assim, a cidade poderia conceber seu futuro de forma sustent\u00e1vel, especialmente nesse per\u00edodo p\u00f3s-industrial em que a batalha final entre os hardwares e softwares j\u00e1 foi conclu\u00edda com a vit\u00f3ria dos softwares<\/p>\n\n\n\n<p>N\u00e3o podemos desperdi\u00e7ar algumas heran\u00e7as positivas, como uma rede universit\u00e1ria p\u00fablica de alta densidade, centros de pesquisa de reconhecimento internacional, ag\u00eancias reguladoras, sede de in\u00fameras empresas estatais, um patrim\u00f4nio arquitet\u00f4nico e cultural singular, al\u00e9m de forte voca\u00e7\u00e3o para servi\u00e7os e uma monumental beleza natural.<\/p>\n\n\n\n<p>Mas n\u00e3o podemos e n\u00e3o devemos viver somente desse passado glorioso.<\/p>\n\n\n\n<p>Mesmo n\u00e3o tendo sido preparada para ser uma cidade empreendedora, o mundo digital e da intelig\u00eancia artificial oferece essa nova oportunidade para deixarmos de ser aquela cidade cartorial e dependente dos recursos e do poder p\u00fablico, para gerarmos um ambiente indutor da modernidade e do empreendedorismo.<\/p>\n\n\n\n<p>Uma cidade sustent\u00e1vel tem de ser atrativa para se viver, trabalhar, empreender, investir e visitar. E o Rio possui todos os fundamentos para ser a capital do empreendedorismo do Brasil, trazendo para c\u00e1 milhares de n\u00f4mades digitais e de startups das diversas \u00e1reas da economia. Basta que os governos federal, estadual e municipal cuidem da seguran\u00e7a e ordem p\u00fablica e incentivem uma pol\u00edtica p\u00fablica de racionaliza\u00e7\u00e3o e desburocratiza\u00e7\u00e3o do Estado, criando, assim, um ambiente de neg\u00f3cios atrativo para o ecossistema empresarial.<\/p>\n\n\n\n<p>O Rio precisa abandonar de vez a tr\u00e1gica e anacr\u00f4nica heran\u00e7a de ter sido capital federal e se tornar uma cidade moderna e empreendedora.<\/p>\n\n\n\n<p>Se o Rio passar a ser percebido como essa cidade da inova\u00e7\u00e3o e da transforma\u00e7\u00e3o digital todo o Estado do Rio de Janeiro passar\u00e1 a ser objeto de desejo das grandes ind\u00fastrias de inova\u00e7\u00e3o mundial.<\/p>\n\n\n\n<p>\u00c9 nisso que a Associa\u00e7\u00e3o Comercial do Rio de Janeiro &#8211; ACRJ acredita e convida todo o empresariado carioca e fluminense a estar junto nessa jornada.<\/p>\n\n\n\n<p>Artigo publicado originalmente no <strong><a href=\"https:\/\/share.google\/N1bah3xfjgRXF56S3\"><mark style=\"background-color:rgba(0, 0, 0, 0)\" class=\"has-inline-color has-vivid-cyan-blue-color\">Jornal O DIA<\/mark><\/a><\/strong><\/p>\n\n\n\n<p><\/p>\n","protected":false},"excerpt":{"rendered":"<p>Por Josier Vilar, presidente da ACRJ. Artigo publicado no Jornal O Dia.<br \/>\n10\/12\/2025<\/p>\n","protected":false},"author":3,"featured_media":40732,"comment_status":"closed","ping_status":"closed","sticky":false,"template":"","format":"standard","meta":{"_exactmetrics_skip_tracking":false,"_exactmetrics_sitenote_active":false,"_exactmetrics_sitenote_note":"","_exactmetrics_sitenote_category":0,"footnotes":""},"categories":[12,79],"tags":[],"class_list":["post-40746","post","type-post","status-publish","format-standard","has-post-thumbnail","hentry","category-artigos","category-fala_presidente"],"_links":{"self":[{"href":"https:\/\/acrj.org.br\/index.php\/wp-json\/wp\/v2\/posts\/40746","targetHints":{"allow":["GET"]}}],"collection":[{"href":"https:\/\/acrj.org.br\/index.php\/wp-json\/wp\/v2\/posts"}],"about":[{"href":"https:\/\/acrj.org.br\/index.php\/wp-json\/wp\/v2\/types\/post"}],"author":[{"embeddable":true,"href":"https:\/\/acrj.org.br\/index.php\/wp-json\/wp\/v2\/users\/3"}],"replies":[{"embeddable":true,"href":"https:\/\/acrj.org.br\/index.php\/wp-json\/wp\/v2\/comments?post=40746"}],"version-history":[{"count":1,"href":"https:\/\/acrj.org.br\/index.php\/wp-json\/wp\/v2\/posts\/40746\/revisions"}],"predecessor-version":[{"id":42568,"href":"https:\/\/acrj.org.br\/index.php\/wp-json\/wp\/v2\/posts\/40746\/revisions\/42568"}],"wp:featuredmedia":[{"embeddable":true,"href":"https:\/\/acrj.org.br\/index.php\/wp-json\/wp\/v2\/media\/40732"}],"wp:attachment":[{"href":"https:\/\/acrj.org.br\/index.php\/wp-json\/wp\/v2\/media?parent=40746"}],"wp:term":[{"taxonomy":"category","embeddable":true,"href":"https:\/\/acrj.org.br\/index.php\/wp-json\/wp\/v2\/categories?post=40746"},{"taxonomy":"post_tag","embeddable":true,"href":"https:\/\/acrj.org.br\/index.php\/wp-json\/wp\/v2\/tags?post=40746"}],"curies":[{"name":"wp","href":"https:\/\/api.w.org\/{rel}","templated":true}]}}