{"id":40731,"date":"2025-12-08T12:52:12","date_gmt":"2025-12-08T15:52:12","guid":{"rendered":"https:\/\/acrj.org.br\/?p=40731"},"modified":"2026-04-07T12:30:18","modified_gmt":"2026-04-07T15:30:18","slug":"o-rio-de-janeiro-e-sua-estranha-mania-de-acreditar-no-amanha","status":"publish","type":"post","link":"https:\/\/acrj.org.br\/index.php\/2025\/12\/08\/o-rio-de-janeiro-e-sua-estranha-mania-de-acreditar-no-amanha\/","title":{"rendered":"O Rio de Janeiro e sua estranha mania de acreditar no amanh\u00e3"},"content":{"rendered":"\n<p>Por Josier Vilar, presidente da Associa\u00e7\u00e3o Comercial do Rio de Janeiro. Artigo publicado no Di\u00e1rio do Rio<\/p>\n\n\n\n<p>O Rio de Janeiro tem muito a comemorar neste final de ano, pois um conjunto imenso de realiza\u00e7\u00f5es reacendeu o protagonismo da cidade no cen\u00e1rio nacional.<\/p>\n\n\n\n<p>O turismo cresceu com for\u00e7a com mais de 2 milh\u00f5es de estrangeiros neste ano, a cultura retomou a vibra\u00e7\u00e3o que sempre a caracterizou, o audiovisual se desenvolveu exponencialmente, o entretenimento voltou a encher casas de espet\u00e1culos, praias, arenas e ruas, e o esporte viveu um momento hist\u00f3rico \u2014 a conquista do tetracampeonato da Copa Libertadores pelo Flamengo, s\u00edmbolo do esp\u00edrito vencedor do carioca.<\/p>\n\n\n\n<p>Mas foi no campo da inova\u00e7\u00e3o e da sa\u00fade que talvez tenha ocorrido a transforma\u00e7\u00e3o mais estrat\u00e9gica.<br>Em meio \u00e0 expans\u00e3o de startups, ao fortalecimento da Funda\u00e7\u00e3o Oswaldo Cruz, ao crescimento do Parque Tecnol\u00f3gico da UFRJ, UERJ, PUC e UFF e ao investimento de hospitais em medicina de precis\u00e3o e intelig\u00eancia artificial, o Rio sediou a FISWEEK e o Rio Health Forum, que se consolidaram como os maiores eventos de inova\u00e7\u00e3o em sa\u00fade do pa\u00eds.<\/p>\n\n\n\n<p>A FISWEEK marcou a entrada definitiva do Rio no mapa da inova\u00e7\u00e3o em sa\u00fade. Reuniu pesquisadores, hospitais, empreendedores, investidores, ind\u00fastria, operadores de sa\u00fade e formuladores de pol\u00edticas p\u00fablicas em um mesmo ambiente \u2014 algo in\u00e9dito em escala nacional. Mais do que um evento, foi um amplo encontro que articulou agendas, produziu conte\u00fado estrat\u00e9gico e conectou atores que raramente dividem o mesmo palco.<\/p>\n\n\n\n<p>Com isso, o Rio mostrou possuir o que poucas cidades do mundo t\u00eam: a capacidade de transformar ci\u00eancia em desenvolvimento, tecnologia em neg\u00f3cios, conhecimento em pol\u00edtica p\u00fablica.<\/p>\n\n\n\n<p>Cada vez mais a sa\u00fade desponta como a nova fronteira econ\u00f4mica do Estado atrav\u00e9s do Complexo Econ\u00f4mico e Industrial da Sa\u00fade e, em especial, da ind\u00fastria da inova\u00e7\u00e3o e do conhecimento. E a FISWEEK contribuiu para posicionar o Rio como o centro da inova\u00e7\u00e3o em sa\u00fade no pa\u00eds \u2014 e como refer\u00eancia latino-americana em ci\u00eancia, tecnologia e desenvolvimento.<\/p>\n\n\n\n<p>Enquanto isso, o setor empresarial continua a desempenhar papel decisivo. No turismo, na cultura, no com\u00e9rcio, no audiovisual, na gastronomia e no esporte investidores e empreendedores voltaram a apostar no Rio.<\/p>\n\n\n\n<p>A ACRJ reafirmou seu papel como a Casa do Empres\u00e1rio, articulando debates, conectando atores e incentivando uma agenda de desenvolvimento baseada em inova\u00e7\u00e3o e diversifica\u00e7\u00e3o econ\u00f4mica.<\/p>\n\n\n\n<p>Tudo isso aconteceu apesar do maior desafio fluminense: a seguran\u00e7a p\u00fablica. O problema \u00e9 real, complexo e exige a\u00e7\u00e3o permanente das institui\u00e7\u00f5es. O estado tem trabalhado para avan\u00e7ar, mas a solu\u00e7\u00e3o depende de continuidade, intelig\u00eancia e integra\u00e7\u00e3o. Reconhecer as conquistas do Rio n\u00e3o significa ignorar os desafios \u2014 significa olhar o Estado com maturidade e responsabilidade.<\/p>\n\n\n\n<p>O fato \u00e9 que o Rio voltou a mostrar vitalidade econ\u00f4mica, pot\u00eancia criativa e capacidade de realiza\u00e7\u00e3o. Vive um momento raro de energia positiva, reafirmando-se como um lugar onde tudo de bom acontece \u2014 desde que exista vis\u00e3o, trabalho e compromisso coletivo.<\/p>\n\n\n\n<p>O pr\u00f3ximo ano ser\u00e1 decisivo.<\/p>\n\n\n\n<p>As escolhas dos fluminenses definir\u00e3o se esse ciclo de conquistas ser\u00e1 expandido ou interrompido. A cidade mostrou que pode crescer, inovar e liderar. Cabe agora aos cidad\u00e3os decidir se querem manter o Rio nesse rumo de futuro.<\/p>\n\n\n\n<p><\/p>\n\n\n\n<figure class=\"wp-block-image size-full is-resized\"><img fetchpriority=\"high\" decoding=\"async\" width=\"1000\" height=\"667\" src=\"https:\/\/acrj.org.br\/wp-content\/uploads\/2025\/12\/josier-vilar2-edited.png\" alt=\"\" class=\"wp-image-40732\" style=\"width:500px\" srcset=\"https:\/\/acrj.org.br\/wp-content\/uploads\/2025\/12\/josier-vilar2-edited.png 1000w, https:\/\/acrj.org.br\/wp-content\/uploads\/2025\/12\/josier-vilar2-edited-300x200.png 300w, https:\/\/acrj.org.br\/wp-content\/uploads\/2025\/12\/josier-vilar2-edited-768x512.png 768w\" sizes=\"(max-width: 1000px) 100vw, 1000px\" \/><figcaption class=\"wp-element-caption\"><strong>Josier Vilar<\/strong> &#8211; Presidente da ACRJ<\/figcaption><\/figure>\n\n\n\n<p>Publicado originalmente no <strong><a href=\"https:\/\/diariodorio.com\/o-rio-de-janeiro-e-sua-estranha-mania-de-acreditar-no-amanha\/\">Di\u00e1rio do Rio<\/a><\/strong>. <\/p>\n","protected":false},"excerpt":{"rendered":"<p>Por Josier Vilar, presidente da Associa\u00e7\u00e3o Comercial do Rio de Janeiro. Artigo publicado no Di\u00e1rio do Rio.<br \/>\n08\/12\/2025<\/p>\n","protected":false},"author":3,"featured_media":11131,"comment_status":"closed","ping_status":"closed","sticky":false,"template":"","format":"standard","meta":{"_exactmetrics_skip_tracking":false,"_exactmetrics_sitenote_active":false,"_exactmetrics_sitenote_note":"","_exactmetrics_sitenote_category":0,"footnotes":""},"categories":[12,96,79],"tags":[],"class_list":["post-40731","post","type-post","status-publish","format-standard","has-post-thumbnail","hentry","category-artigos","category-destaque_presidente","category-fala_presidente"],"_links":{"self":[{"href":"https:\/\/acrj.org.br\/index.php\/wp-json\/wp\/v2\/posts\/40731","targetHints":{"allow":["GET"]}}],"collection":[{"href":"https:\/\/acrj.org.br\/index.php\/wp-json\/wp\/v2\/posts"}],"about":[{"href":"https:\/\/acrj.org.br\/index.php\/wp-json\/wp\/v2\/types\/post"}],"author":[{"embeddable":true,"href":"https:\/\/acrj.org.br\/index.php\/wp-json\/wp\/v2\/users\/3"}],"replies":[{"embeddable":true,"href":"https:\/\/acrj.org.br\/index.php\/wp-json\/wp\/v2\/comments?post=40731"}],"version-history":[{"count":2,"href":"https:\/\/acrj.org.br\/index.php\/wp-json\/wp\/v2\/posts\/40731\/revisions"}],"predecessor-version":[{"id":42567,"href":"https:\/\/acrj.org.br\/index.php\/wp-json\/wp\/v2\/posts\/40731\/revisions\/42567"}],"wp:featuredmedia":[{"embeddable":true,"href":"https:\/\/acrj.org.br\/index.php\/wp-json\/wp\/v2\/media\/11131"}],"wp:attachment":[{"href":"https:\/\/acrj.org.br\/index.php\/wp-json\/wp\/v2\/media?parent=40731"}],"wp:term":[{"taxonomy":"category","embeddable":true,"href":"https:\/\/acrj.org.br\/index.php\/wp-json\/wp\/v2\/categories?post=40731"},{"taxonomy":"post_tag","embeddable":true,"href":"https:\/\/acrj.org.br\/index.php\/wp-json\/wp\/v2\/tags?post=40731"}],"curies":[{"name":"wp","href":"https:\/\/api.w.org\/{rel}","templated":true}]}}