{"id":40728,"date":"2025-12-08T12:40:23","date_gmt":"2025-12-08T15:40:23","guid":{"rendered":"https:\/\/acrj.org.br\/?p=40728"},"modified":"2025-12-08T12:40:25","modified_gmt":"2025-12-08T15:40:25","slug":"conselho-debate-governanca-politica-e-os-desafios-para-2026","status":"publish","type":"post","link":"https:\/\/acrj.org.br\/index.php\/2025\/12\/08\/conselho-debate-governanca-politica-e-os-desafios-para-2026\/","title":{"rendered":"Conselho debate governan\u00e7a pol\u00edtica e os desafios para 2026"},"content":{"rendered":"\n<p>O Conselho Empresarial de Governan\u00e7a, Compliance e Diversidade da ACRJ realizou a \u00faltima reuni\u00e3o do ano, dia 5 de dezembro, com um almo\u00e7o de confraterniza\u00e7\u00e3o e uma palestra do professor Geraldo Tadeu Monteiro, da UERJ, que trouxe importantes reflex\u00f5es sobre a governan\u00e7a pol\u00edtica e os desafios esperados para o ano de 2026.<\/p>\n\n\n\n<p>Durante sua apresenta\u00e7\u00e3o, o Geraldo Monteiro compartilhou estudos que geraram grande impacto, especialmente um na \u00e1rea de seguran\u00e7a p\u00fablica. \u201cOs dados apresentados s\u00e3o surpreendentes e capazes de mudar a vis\u00e3o sobre o tema. O material detalhado do estudo ser\u00e1 compartilhado em breve\u201d, informou o presidente do Conselho, Humberto Mota Filho.<\/p>\n\n\n\n<p>O conselheiro M\u00e1rcio Luz aproveitou a oportunidade para fazer um agradecimento especial ao presidente do Conselho. \u201cAgrade\u00e7o a confian\u00e7a depositada em minha atua\u00e7\u00e3o e na plataforma Ouvidor Digital para integrar este seleto e qualificado grupo de trabalho\u201d, ressaltou.<\/p>\n\n\n\n<p>O encerramento marcou o sucesso das atividades do Conselho em 2025, reafirmando seu compromisso com a \u00e9tica, o impacto social e a transforma\u00e7\u00e3o no estado do Rio de Janeiro, conforme destacou o presidente Humberto Filho.<\/p>\n\n\n\n<p>Ele adiantou que na abertura dos trabalhos do Conselho em 2026, receber\u00e1 o presidente da Comiss\u00e3o de Compliance da OAB e ex-Procurador Geral de Justi\u00e7a do Rio de Janeiro, Eduardo Gussem, para falar da estrat\u00e9gia corporativa do Compliance. O encontro \u00e9 gratuito e as inscri\u00e7\u00f5es j\u00e1 est\u00e3o abertas acesso este <strong><a href=\"https:\/\/forms.gle\/jRE1m1GcqYmwFhXp8\"><mark style=\"background-color:rgba(0, 0, 0, 0)\" class=\"has-inline-color has-vivid-cyan-blue-color\">link<\/mark><\/a><\/strong><\/p>\n\n\n\n<p><\/p>\n","protected":false},"excerpt":{"rendered":"<p>O Conselho Empresarial de Governan\u00e7a, Compliance e Diversidade da ACRJ realizou a \u00faltima reuni\u00e3o do ano, dia 5 de dezembro, com um almo\u00e7o de confraterniza\u00e7\u00e3o&hellip;<\/p>\n","protected":false},"author":3,"featured_media":40729,"comment_status":"closed","ping_status":"closed","sticky":false,"template":"","format":"standard","meta":{"_exactmetrics_skip_tracking":false,"_exactmetrics_sitenote_active":false,"_exactmetrics_sitenote_note":"","_exactmetrics_sitenote_category":0,"footnotes":""},"categories":[56,10],"tags":[],"class_list":["post-40728","post","type-post","status-publish","format-standard","has-post-thumbnail","hentry","category-destaque_conselhos","category-noticias"],"_links":{"self":[{"href":"https:\/\/acrj.org.br\/index.php\/wp-json\/wp\/v2\/posts\/40728","targetHints":{"allow":["GET"]}}],"collection":[{"href":"https:\/\/acrj.org.br\/index.php\/wp-json\/wp\/v2\/posts"}],"about":[{"href":"https:\/\/acrj.org.br\/index.php\/wp-json\/wp\/v2\/types\/post"}],"author":[{"embeddable":true,"href":"https:\/\/acrj.org.br\/index.php\/wp-json\/wp\/v2\/users\/3"}],"replies":[{"embeddable":true,"href":"https:\/\/acrj.org.br\/index.php\/wp-json\/wp\/v2\/comments?post=40728"}],"version-history":[{"count":0,"href":"https:\/\/acrj.org.br\/index.php\/wp-json\/wp\/v2\/posts\/40728\/revisions"}],"wp:featuredmedia":[{"embeddable":true,"href":"https:\/\/acrj.org.br\/index.php\/wp-json\/wp\/v2\/media\/40729"}],"wp:attachment":[{"href":"https:\/\/acrj.org.br\/index.php\/wp-json\/wp\/v2\/media?parent=40728"}],"wp:term":[{"taxonomy":"category","embeddable":true,"href":"https:\/\/acrj.org.br\/index.php\/wp-json\/wp\/v2\/categories?post=40728"},{"taxonomy":"post_tag","embeddable":true,"href":"https:\/\/acrj.org.br\/index.php\/wp-json\/wp\/v2\/tags?post=40728"}],"curies":[{"name":"wp","href":"https:\/\/api.w.org\/{rel}","templated":true}]}}