{"id":40724,"date":"2025-12-08T11:54:48","date_gmt":"2025-12-08T14:54:48","guid":{"rendered":"https:\/\/acrj.org.br\/?p=40724"},"modified":"2026-01-20T07:20:21","modified_gmt":"2026-01-20T10:20:21","slug":"mensagem-do-presidente-do-conselho-superior","status":"publish","type":"post","link":"https:\/\/acrj.org.br\/index.php\/2025\/12\/08\/mensagem-do-presidente-do-conselho-superior\/","title":{"rendered":"Mensagem do presidente do Conselho Superior"},"content":{"rendered":"\n<p>Caros Associados, Grandes Benem\u00e9ritos e Benem\u00e9ritos, Diretores, Conselheiros e Colaboradores<\/p>\n\n\n\n<p>Chegamos ao final de 2025 com sensa\u00e7\u00e3o de dever cumprido e muitos aprendizados.<\/p>\n\n\n\n<p>Agrade\u00e7o pela confian\u00e7a de todos voc\u00eas me concedendo a oportunidade de estar \u00e0 frente do trabalho no Conselho Superior por mais um bi\u00eanio, juntamente com os queridos amigos Marta Arakaki e Marco Ant\u00f4nio. A trajet\u00f3ria \u00e9 desafiadora, mas gratificante quando temos ao nosso lado lideran\u00e7as e amigos que se doam por um objetivo comum, colocar a ACRJ \u00e0 frente de seu tempo, conciliando hist\u00f3ria \u2013 passado, presente e futuro.<\/p>\n\n\n\n<p>A ACRJ \u00e9 hoje modelo de associativismo, que outrora tivemos, e que estamos resgatando com compromisso, parcerias importantes com outras entidades como FIRJAN, FECOM\u00c9RCIO, FACERJ, CACB e outras, com o poder p\u00fablico, e com todo o ecossistema empresarial que movimenta a economia e o ambiente de neg\u00f3cios na cidade, no estado e no pa\u00eds. Projetos importantes que n\u00e3o seria poss\u00edvel sem doar tempo e energia de cada um de n\u00f3s por um prop\u00f3sito comum \u2013 fazer da ACRJ e do Rio um lugar atrativo e seguro para se Viver, Trabalhar, Empreender, Investir e Visitar \u2013 lema que t\u00e3o sabiamente o Presidente Josier Vilar trouxe para nosso conv\u00edvio e que tem se tornado uma realidade, pelo seu esfor\u00e7o e entusiasmo, que a todos contagia.<\/p>\n\n\n\n<p>Temos implementado pol\u00edticas e debates que visam enaltecer o fundamental papel que o Rio de Janeiro exerce como metr\u00f3pole com influ\u00eancia nacional, seja do ponto de vista cultural, econ\u00f4mico ou pol\u00edtico brasileiros, com reconhecimento internacional.<\/p>\n\n\n\n<p>Assim, com a certeza de que todos os movimentos aqui gerados e trabalhados foram e s\u00e3o essenciais para o setor empresarial de todos os segmentos, \u00e9 que agrade\u00e7o a todos voc\u00eas que se dedicam, se empenham e se doam para que tudo isso reverbere em boas e novas not\u00edcias para os cariocas e fluminenses.<\/p>\n\n\n\n<p>Reitero mais uma vez que sou grato por ter o privil\u00e9gio de conviver com cada um de voc\u00eas e que juntos somos mais fortes para novas e boas conquistas para a coletividade.<\/p>\n\n\n\n<p>Desejo um Feliz Natal e que 2026 seja um ano mais pr\u00f3spero a todos e suas fam\u00edlias.<\/p>\n\n\n\n<p>Boas Festas!<\/p>\n\n\n\n<p>Ruy Barreto Filho &#8211; Presidente do Conselho Superior da ACRJ<\/p>\n","protected":false},"excerpt":{"rendered":"<p>Caros Associados, Grandes Benem\u00e9ritos e Benem\u00e9ritos, Diretores, Conselheiros e Colaboradores.<\/p>\n","protected":false},"author":3,"featured_media":40725,"comment_status":"closed","ping_status":"closed","sticky":false,"template":"","format":"standard","meta":{"_exactmetrics_skip_tracking":false,"_exactmetrics_sitenote_active":false,"_exactmetrics_sitenote_note":"","_exactmetrics_sitenote_category":0,"footnotes":""},"categories":[10],"tags":[],"class_list":["post-40724","post","type-post","status-publish","format-standard","has-post-thumbnail","hentry","category-noticias"],"_links":{"self":[{"href":"https:\/\/acrj.org.br\/index.php\/wp-json\/wp\/v2\/posts\/40724","targetHints":{"allow":["GET"]}}],"collection":[{"href":"https:\/\/acrj.org.br\/index.php\/wp-json\/wp\/v2\/posts"}],"about":[{"href":"https:\/\/acrj.org.br\/index.php\/wp-json\/wp\/v2\/types\/post"}],"author":[{"embeddable":true,"href":"https:\/\/acrj.org.br\/index.php\/wp-json\/wp\/v2\/users\/3"}],"replies":[{"embeddable":true,"href":"https:\/\/acrj.org.br\/index.php\/wp-json\/wp\/v2\/comments?post=40724"}],"version-history":[{"count":1,"href":"https:\/\/acrj.org.br\/index.php\/wp-json\/wp\/v2\/posts\/40724\/revisions"}],"predecessor-version":[{"id":40991,"href":"https:\/\/acrj.org.br\/index.php\/wp-json\/wp\/v2\/posts\/40724\/revisions\/40991"}],"wp:featuredmedia":[{"embeddable":true,"href":"https:\/\/acrj.org.br\/index.php\/wp-json\/wp\/v2\/media\/40725"}],"wp:attachment":[{"href":"https:\/\/acrj.org.br\/index.php\/wp-json\/wp\/v2\/media?parent=40724"}],"wp:term":[{"taxonomy":"category","embeddable":true,"href":"https:\/\/acrj.org.br\/index.php\/wp-json\/wp\/v2\/categories?post=40724"},{"taxonomy":"post_tag","embeddable":true,"href":"https:\/\/acrj.org.br\/index.php\/wp-json\/wp\/v2\/tags?post=40724"}],"curies":[{"name":"wp","href":"https:\/\/api.w.org\/{rel}","templated":true}]}}