{"id":40710,"date":"2025-12-08T11:39:34","date_gmt":"2025-12-08T14:39:34","guid":{"rendered":"https:\/\/acrj.org.br\/?p=40710"},"modified":"2025-12-08T11:43:29","modified_gmt":"2025-12-08T14:43:29","slug":"conselho-de-varejo-faz-balanco-da-black-friday-e-debate-consumo-da-geracao-50","status":"publish","type":"post","link":"https:\/\/acrj.org.br\/index.php\/2025\/12\/08\/conselho-de-varejo-faz-balanco-da-black-friday-e-debate-consumo-da-geracao-50\/","title":{"rendered":"Conselho de Varejo faz balan\u00e7o da black Friday e debate consumo da gera\u00e7\u00e3o 50+"},"content":{"rendered":"\n<p>O Conselho Empresarial de Varejo da ACRJ encerrou as atividades do ano, no dia 5 de dezembro, com uma reuni\u00e3o durante a qual foi apresentado o balan\u00e7o da black friday, a programa\u00e7\u00e3o do Conselho para 2026, com destaque para o encontro de 30 de janeiro com uma s\u00edntese da feira de Varejo NRF25, em Nova Iorque, e uma palestra do conselheiro Mauro Wainstock, intitulada &#8220;Gera\u00e7\u00f5es, Turnover, Economia Prateada&#8221;, que foca no impacto do envelhecimento populacional como uma tend\u00eancia global e nas oportunidades da Economia Prateada. O encontro foi encerrado com um almo\u00e7o de confraterniza\u00e7\u00e3o.<\/p>\n\n\n\n<p>O presidente do Conselho, Juedir Teixeira, abriu a reuni\u00e3o fazendo uma an\u00e1lise da Black Friday deste ano, evidenciando um movimento crescente no e-commerce. \u201cO com\u00e9rcio eletr\u00f4nico atingiu R$ 4,76 bi, avan\u00e7o de 11,2% sobre 2024. Marketplaces como Mercado Livre, Amazon, Shopee e Magalu puxaram as vendas\u201d, disse. O varejo f\u00edsico, de acordo com ele, apesar da press\u00e3o do digital, mostrou resili\u00eancia e registrou crescimento de 1,9%, segundo o ICVA da Cielo. As perspectivas para o fechamento da Black Week e Cyber Monday indicam performance ainda maior, mostrou o presidente do Conselho.<\/p>\n\n\n\n<p>Juedir Teixeira tamb\u00e9m aproveitou a oportunidade para divulgar a <strong>Campanha Natal Solid\u00e1rio ACRJ 2025<\/strong>, iniciativa social da Associa\u00e7\u00e3o Comercial voltada \u00e0 distribui\u00e7\u00e3o de cestas b\u00e1sicas para fam\u00edlias em vulnerabilidade. A meta \u00e9 beneficiar mais de 500 fam\u00edlias e impactar mais de duas mil pessoas. A campanha est\u00e1 aberta para pessoas f\u00edsicas e jur\u00eddicas associadas, com kits a partir de 6 cestas (R$ 89 cada). Os interessados em participar podem entrar em contato pelo telefone 21-98493-4220 ou email: <a href=\"mailto:associados@acrj.org.br\">associados@acrj.org.br<\/a>.<\/p>\n\n\n\n<p>Em sua apresenta\u00e7\u00e3o, Mauro Wainstock mostrou que d\u00e9cada do Envelhecimento Saud\u00e1vel (2021-2031), institu\u00edda pela OMS, sublinha a relev\u00e2ncia do tema. \u201cO Brasil reflete esse movimento, com o n\u00famero de pessoas com 60 anos ou mais (33 milh\u00f5es) superando a popula\u00e7\u00e3o total de pa\u00edses como Austr\u00e1lia. A propor\u00e7\u00e3o de idosos no pa\u00eds subiu de 5% em 1960 para 15,6% em 2022, com proje\u00e7\u00e3o de alcan\u00e7ar 37,8% at\u00e9 2070\u201d, disse.<\/p>\n\n\n\n<p>No \u00e2mbito do consumo, ele acrescentou que o p\u00fablico 50+ movimenta globalmente US$ 22 trilh\u00f5es e, no Brasil, mais de R$ 2 trilh\u00f5es por ano, sustentando a maioria dos lares. \u201cNo entanto, o varejo ainda est\u00e1 falhando em atender a este p\u00fablico de maior poder aquisitivo, com 45% dos consumidores 50+ tendo dificuldade em encontrar produtos adequados\u201d, sublinhou.<\/p>\n\n\n\n<p><strong>Almo\u00e7o de Confraterniza\u00e7\u00e3o<\/strong><\/p>\n\n\n\n<p>Os conselheiros encerraram as atividades durante um almo\u00e7o de confraterniza\u00e7\u00e3o no restaurante Yay\u00e1, de propriedade do conselheiro Fernando Blower. O encontro contou com a presen\u00e7a dos presidentes da ACRJ, Josier Vilar, e do Conselho Superior, Ruy Barreto, que prestigiaram o almo\u00e7o.<\/p>\n\n\n\n<figure class=\"wp-block-image size-large is-resized\"><img fetchpriority=\"high\" decoding=\"async\" width=\"1200\" height=\"675\" src=\"https:\/\/acrj.org.br\/wp-content\/uploads\/2025\/12\/WhatsApp-Image-2025-12-05-at-15.19.44-edited.jpeg\" alt=\"\" class=\"wp-image-40713\" style=\"width:500px\" srcset=\"https:\/\/acrj.org.br\/wp-content\/uploads\/2025\/12\/WhatsApp-Image-2025-12-05-at-15.19.44-edited.jpeg 1200w, https:\/\/acrj.org.br\/wp-content\/uploads\/2025\/12\/WhatsApp-Image-2025-12-05-at-15.19.44-edited-300x169.jpeg 300w, https:\/\/acrj.org.br\/wp-content\/uploads\/2025\/12\/WhatsApp-Image-2025-12-05-at-15.19.44-edited-1024x576.jpeg 1024w, https:\/\/acrj.org.br\/wp-content\/uploads\/2025\/12\/WhatsApp-Image-2025-12-05-at-15.19.44-edited-768x432.jpeg 768w\" sizes=\"(max-width: 1200px) 100vw, 1200px\" \/><\/figure>\n\n\n\n<figure class=\"wp-block-image size-large is-resized\"><img decoding=\"async\" width=\"1024\" height=\"497\" src=\"https:\/\/acrj.org.br\/wp-content\/uploads\/2025\/12\/josier-1024x497.jpg\" alt=\"\" class=\"wp-image-40714\" style=\"width:500px\" srcset=\"https:\/\/acrj.org.br\/wp-content\/uploads\/2025\/12\/josier-1024x497.jpg 1024w, https:\/\/acrj.org.br\/wp-content\/uploads\/2025\/12\/josier-300x145.jpg 300w, https:\/\/acrj.org.br\/wp-content\/uploads\/2025\/12\/josier-768x372.jpg 768w, https:\/\/acrj.org.br\/wp-content\/uploads\/2025\/12\/josier-1536x745.jpg 1536w, https:\/\/acrj.org.br\/wp-content\/uploads\/2025\/12\/josier-2048x993.jpg 2048w\" sizes=\"(max-width: 1024px) 100vw, 1024px\" \/><\/figure>\n\n\n\n<figure class=\"wp-block-image size-full is-resized\"><img decoding=\"async\" width=\"730\" height=\"675\" src=\"https:\/\/acrj.org.br\/wp-content\/uploads\/2025\/12\/ruy1.jpg\" alt=\"\" class=\"wp-image-40715\" style=\"width:300px\" srcset=\"https:\/\/acrj.org.br\/wp-content\/uploads\/2025\/12\/ruy1.jpg 730w, https:\/\/acrj.org.br\/wp-content\/uploads\/2025\/12\/ruy1-300x277.jpg 300w\" sizes=\"(max-width: 730px) 100vw, 730px\" \/><\/figure>\n\n\n\n<figure class=\"wp-block-image size-full is-resized\"><img loading=\"lazy\" decoding=\"async\" width=\"1012\" height=\"581\" src=\"https:\/\/acrj.org.br\/wp-content\/uploads\/2025\/12\/WhatsApp-Image-2025-12-05-at-21.32.43-1.jpeg\" alt=\"\" class=\"wp-image-40716\" style=\"width:500px\" srcset=\"https:\/\/acrj.org.br\/wp-content\/uploads\/2025\/12\/WhatsApp-Image-2025-12-05-at-21.32.43-1.jpeg 1012w, https:\/\/acrj.org.br\/wp-content\/uploads\/2025\/12\/WhatsApp-Image-2025-12-05-at-21.32.43-1-300x172.jpeg 300w, https:\/\/acrj.org.br\/wp-content\/uploads\/2025\/12\/WhatsApp-Image-2025-12-05-at-21.32.43-1-768x441.jpeg 768w\" sizes=\"(max-width: 1012px) 100vw, 1012px\" \/><\/figure>\n\n\n\n<figure class=\"wp-block-image size-large is-resized\"><img loading=\"lazy\" decoding=\"async\" width=\"1024\" height=\"576\" src=\"https:\/\/acrj.org.br\/wp-content\/uploads\/2025\/12\/WhatsApp-Image-2025-12-05-at-13.29.03-1024x576.jpeg\" alt=\"\" class=\"wp-image-40717\" style=\"width:500px\" srcset=\"https:\/\/acrj.org.br\/wp-content\/uploads\/2025\/12\/WhatsApp-Image-2025-12-05-at-13.29.03-1024x576.jpeg 1024w, https:\/\/acrj.org.br\/wp-content\/uploads\/2025\/12\/WhatsApp-Image-2025-12-05-at-13.29.03-300x169.jpeg 300w, https:\/\/acrj.org.br\/wp-content\/uploads\/2025\/12\/WhatsApp-Image-2025-12-05-at-13.29.03-768x432.jpeg 768w, https:\/\/acrj.org.br\/wp-content\/uploads\/2025\/12\/WhatsApp-Image-2025-12-05-at-13.29.03-1536x864.jpeg 1536w, https:\/\/acrj.org.br\/wp-content\/uploads\/2025\/12\/WhatsApp-Image-2025-12-05-at-13.29.03.jpeg 1600w\" sizes=\"(max-width: 1024px) 100vw, 1024px\" \/><\/figure>\n\n\n\n<p><\/p>\n","protected":false},"excerpt":{"rendered":"<p>O Conselho Empresarial de Varejo da ACRJ encerrou as atividades do ano, no dia 5 de dezembro, com uma reuni\u00e3o durante a qual foi apresentado&hellip;<\/p>\n","protected":false},"author":3,"featured_media":40711,"comment_status":"closed","ping_status":"closed","sticky":false,"template":"","format":"standard","meta":{"_exactmetrics_skip_tracking":false,"_exactmetrics_sitenote_active":false,"_exactmetrics_sitenote_note":"","_exactmetrics_sitenote_category":0,"footnotes":""},"categories":[56,10],"tags":[],"class_list":["post-40710","post","type-post","status-publish","format-standard","has-post-thumbnail","hentry","category-destaque_conselhos","category-noticias"],"_links":{"self":[{"href":"https:\/\/acrj.org.br\/index.php\/wp-json\/wp\/v2\/posts\/40710","targetHints":{"allow":["GET"]}}],"collection":[{"href":"https:\/\/acrj.org.br\/index.php\/wp-json\/wp\/v2\/posts"}],"about":[{"href":"https:\/\/acrj.org.br\/index.php\/wp-json\/wp\/v2\/types\/post"}],"author":[{"embeddable":true,"href":"https:\/\/acrj.org.br\/index.php\/wp-json\/wp\/v2\/users\/3"}],"replies":[{"embeddable":true,"href":"https:\/\/acrj.org.br\/index.php\/wp-json\/wp\/v2\/comments?post=40710"}],"version-history":[{"count":0,"href":"https:\/\/acrj.org.br\/index.php\/wp-json\/wp\/v2\/posts\/40710\/revisions"}],"wp:featuredmedia":[{"embeddable":true,"href":"https:\/\/acrj.org.br\/index.php\/wp-json\/wp\/v2\/media\/40711"}],"wp:attachment":[{"href":"https:\/\/acrj.org.br\/index.php\/wp-json\/wp\/v2\/media?parent=40710"}],"wp:term":[{"taxonomy":"category","embeddable":true,"href":"https:\/\/acrj.org.br\/index.php\/wp-json\/wp\/v2\/categories?post=40710"},{"taxonomy":"post_tag","embeddable":true,"href":"https:\/\/acrj.org.br\/index.php\/wp-json\/wp\/v2\/tags?post=40710"}],"curies":[{"name":"wp","href":"https:\/\/api.w.org\/{rel}","templated":true}]}}