{"id":40699,"date":"2025-12-04T15:56:21","date_gmt":"2025-12-04T18:56:21","guid":{"rendered":"https:\/\/acrj.org.br\/?p=40699"},"modified":"2025-12-10T15:16:34","modified_gmt":"2025-12-10T18:16:34","slug":"revitalizacao-de-predios-reviver-centro-foram-temas-da-reuniao-do-conselho","status":"publish","type":"post","link":"https:\/\/acrj.org.br\/index.php\/2025\/12\/04\/revitalizacao-de-predios-reviver-centro-foram-temas-da-reuniao-do-conselho\/","title":{"rendered":"Revitaliza\u00e7\u00e3o de pr\u00e9dios e Reviver Centro foram temas da reuni\u00e3o do Conselho"},"content":{"rendered":"\n<p>Os membros do Conselho Empresarial da Renova\u00e7\u00e3o do Centro do Rio da ACRJ participaram da \u00faltima reuni\u00e3o do ano, dia 4 dezembro, quando foram debatidos alguns assuntos que mostram avan\u00e7os importantes para a recupera\u00e7\u00e3o da regi\u00e3o central da cidade. A reuni\u00e3o foi coordenada pelo presidente do Conselho, Carlos Roberto Os\u00f3rio, e o vice-presidente, Cl\u00e1udio Andr\u00e9 Castro, e contou com a participa\u00e7\u00e3o de forma virtual do vice-presidente dos Conselhos Empresariais da ACRJ, Juedir Teixeira. Os conselheiros tamb\u00e9m analisaram um documento com sugest\u00f5es de melhorias para o Centro do Rio em v\u00e1rias \u00e1reas, com o objetivo de promover a revitaliza\u00e7\u00e3o da regi\u00e3o central da cidade. O material ser\u00e1 encaminhado aos parceiros para valida\u00e7\u00e3o e lan\u00e7ado no ano que vem.<\/p>\n\n\n\n<p>Cl\u00e1udio Andr\u00e9 Castro listou alguns resultados positivos recentes, como a aprova\u00e7\u00e3o de uma lei que autoriza a Prefeitura a intervir em im\u00f3veis privados para evitar riscos estruturais e melhorar a apar\u00eancia urbana. \u201cA medida permitir\u00e1 agir em situa\u00e7\u00f5es de depreda\u00e7\u00e3o, deteriora\u00e7\u00e3o e picha\u00e7\u00f5es, ampliando a capacidade de resposta do poder p\u00fablico\u201d, disse.<\/p>\n\n\n\n<p>Cl\u00e1udio Andr\u00e9 tamb\u00e9m mencionou a realiza\u00e7\u00e3o de grandes eventos no entorno de im\u00f3veis tombados sem autoriza\u00e7\u00e3o do IPHAN. De acordo com ele, a regra n\u00e3o vem sendo cumprida, como aconteceu no \u00faltimo final de semana, e ocorre todo anos no Carnaval. Sobre o tema, Carlos Os\u00f3rio sugeriu que a Associa\u00e7\u00e3o Comercial cobre formalmente da Prefeitura o cumprimento dessa obriga\u00e7\u00e3o, especialmente antes do Carnaval e solicitou que o vice Cl\u00e1udio Andr\u00e9 prepare um of\u00edcio sobre o assunto. \u201cIsso \u00e9 fundamental para evitar novos epis\u00f3dios de desordem e preju\u00edzo aos comerciantes e ao patrim\u00f4nio hist\u00f3rico e, em alguns casos, para preservar tamb\u00e9m a seguran\u00e7a da popula\u00e7\u00e3o\u201d, afirmou.<\/p>\n\n\n\n<p>Dois temas igualmente importantes para o Centro foram solucionados na \u00faltima semana, como adiantou Cl\u00e1udio Andr\u00e9. Uma reuni\u00e3o com a Comlurb resultou em uma solu\u00e7\u00e3o espec\u00edfica para a Pra\u00e7a XV. A empresa se comprometeu em remover as picha\u00e7\u00f5es dos im\u00f3veis tombados da regi\u00e3o, desde que os comerciantes forne\u00e7am os materiais necess\u00e1rios.<\/p>\n\n\n\n<figure class=\"wp-block-image size-large is-resized\"><img fetchpriority=\"high\" decoding=\"async\" width=\"1697\" height=\"955\" src=\"https:\/\/acrj.org.br\/wp-content\/uploads\/2025\/12\/claudio-e-osorio-edited.jpg\" alt=\"\" class=\"wp-image-40702\" style=\"width:500px\" srcset=\"https:\/\/acrj.org.br\/wp-content\/uploads\/2025\/12\/claudio-e-osorio-edited.jpg 1697w, https:\/\/acrj.org.br\/wp-content\/uploads\/2025\/12\/claudio-e-osorio-edited-300x169.jpg 300w, https:\/\/acrj.org.br\/wp-content\/uploads\/2025\/12\/claudio-e-osorio-edited-1024x576.jpg 1024w, https:\/\/acrj.org.br\/wp-content\/uploads\/2025\/12\/claudio-e-osorio-edited-768x432.jpg 768w, https:\/\/acrj.org.br\/wp-content\/uploads\/2025\/12\/claudio-e-osorio-edited-1536x864.jpg 1536w\" sizes=\"(max-width: 1697px) 100vw, 1697px\" \/><figcaption class=\"wp-element-caption\"><em>Cl\u00e1udio Andr\u00e9 e Carlos Os\u00f3rio<\/em><\/figcaption><\/figure>\n\n\n\n<p>Outro ponto relevante foi o encontro com a diretoria da \u00c1guas do Rio, que avaliou de perto os problemas de cobran\u00e7a m\u00ednima excessiva em pr\u00e9dios vazios, parcialmente ocupados ou convertidos para uso residencial. \u201cA concession\u00e1ria iniciou estudos para propor solu\u00e7\u00f5es, motivada tamb\u00e9m pela repercuss\u00e3o das den\u00fancias na imprensa\u201d, disse.<\/p>\n\n\n\n<p>Elogiado pelo vice-presidente Cl\u00e1udio Andr\u00e9, o projeto Reviver Centro da Prefeitura tem contribu\u00eddo para ocupar espa\u00e7os de lojas fechadas at\u00e9 mesmo antes da pandemia. Mas ele acredita que a revis\u00e3o do programa, que est\u00e1 na pauta da Prefeitura, dever\u00e1 impactar negativamente algumas \u00e1reas do Centro, pois uma parcela dos ocupantes n\u00e3o deve permanecer ap\u00f3s o fim dos incentivos.<\/p>\n\n\n\n<p>\u201cA Prefeitura planeja um novo modelo, corrigindo falhas como a exig\u00eancia de extensa documenta\u00e7\u00e3o dos propriet\u00e1rios, um entrave que impediu a entrada de diversos im\u00f3veis, sobretudo na Pra\u00e7a XV. A expectativa \u00e9 ampliar a ocupa\u00e7\u00e3o e dinamizar \u00e1reas-chave como Pra\u00e7a Tiradentes. Mas \u00e9 fato que conseguimos alugar os im\u00f3veis ao lado das lojas ocupadas pelos projetos do Reviver Centro. E isso \u00e9 muito positivo\u201d, analisou Cl\u00e1udio Andr\u00e9.<\/p>\n\n\n\n<p>No campo da recupera\u00e7\u00e3o imobili\u00e1ria, foi informado que est\u00e1 marcado o leil\u00e3o das primeiras \u00e1reas da antiga rodovi\u00e1ria, com subs\u00eddio que deve atrair interessados. \u201cA prefeitura tamb\u00e9m trabalha em novos leil\u00f5es para pr\u00e9dios j\u00e1 desapropriados na Pra\u00e7a XV e estuda interven\u00e7\u00f5es na Rua do Lavradio e entorno. H\u00e1 ainda desapropria\u00e7\u00f5es ao lado do Gabinete Portugu\u00eas de Leitura, que devem integrar futuras etapas de revitaliza\u00e7\u00e3o\u201d, adiantou Cl\u00e1udio Andr\u00e9.<\/p>\n\n\n\n<p>Por outro lado, ele chamou a aten\u00e7\u00e3o para a situa\u00e7\u00e3o cr\u00edtica de im\u00f3veis hist\u00f3ricos, com casos recentes de desabamentos, refor\u00e7ando a urg\u00eancia de pol\u00edticas mais firmes de preserva\u00e7\u00e3o. Apesar dos desafios, ele diz que \u201ch\u00e1 um movimento cont\u00ednuo de avan\u00e7os, com maior engajamento p\u00fablico e privado na revitaliza\u00e7\u00e3o do Centro\u201d.<\/p>\n\n\n\n<p>Por fim, os conselheiros tamb\u00e9m comentaram sobre a proposta de restaura\u00e7\u00e3o e reativa\u00e7\u00e3o do espa\u00e7o para visita\u00e7\u00e3o do Outeiro da Gl\u00f3ria. O objetivo, segundo Os\u00f3rio, \u00e9 incluir o projeto na Lei Rouanet no in\u00edcio do ano. \u201cA igreja est\u00e1 fechada, com dificuldades de manuten\u00e7\u00e3o, exigindo a\u00e7\u00f5es urgentes de conserva\u00e7\u00e3o e uso\u201d, explicou Os\u00f3rio, acrescentando que isso pode ser feito para outras Igrejas do Centro em situa\u00e7\u00e3o semelhante.<\/p>\n\n\n\n<p>Houve sugest\u00e3o ainda de integrar programas de estudantes que atuam como explicadores nas igrejas, ajudando na visita\u00e7\u00e3o. \u201cA proposta se amplia para criar uma estrat\u00e9gia de valoriza\u00e7\u00e3o de todo o patrim\u00f4nio religioso das Irmandades, com potencial de ativa\u00e7\u00e3o econ\u00f4mica e cultural, incluindo parcerias com empresas e projetos incentivados\u201d, ressaltou o presidente do Conselho.<\/p>\n\n\n\n<p>Carlos Os\u00f3rio adiantou que este ser\u00e1 um dos temas da pr\u00f3xima reuni\u00e3o, agendada para dia 15 de janeiro de 2026, que ter\u00e1 como convidado do Secret\u00e1rio Municipal de Ordem P\u00fablica do Rio de Janeiro \u00e9 Marcus Belchior.<\/p>\n","protected":false},"excerpt":{"rendered":"<p>Os membros do Conselho Empresarial da Renova\u00e7\u00e3o do Centro do Rio da ACRJ participaram da \u00faltima reuni\u00e3o do ano, dia 4 dezembro, quando foram debatidos&hellip;<\/p>\n","protected":false},"author":3,"featured_media":40700,"comment_status":"closed","ping_status":"closed","sticky":false,"template":"","format":"standard","meta":{"_exactmetrics_skip_tracking":false,"_exactmetrics_sitenote_active":false,"_exactmetrics_sitenote_note":"","_exactmetrics_sitenote_category":0,"footnotes":""},"categories":[56,10],"tags":[],"class_list":["post-40699","post","type-post","status-publish","format-standard","has-post-thumbnail","hentry","category-destaque_conselhos","category-noticias"],"_links":{"self":[{"href":"https:\/\/acrj.org.br\/index.php\/wp-json\/wp\/v2\/posts\/40699","targetHints":{"allow":["GET"]}}],"collection":[{"href":"https:\/\/acrj.org.br\/index.php\/wp-json\/wp\/v2\/posts"}],"about":[{"href":"https:\/\/acrj.org.br\/index.php\/wp-json\/wp\/v2\/types\/post"}],"author":[{"embeddable":true,"href":"https:\/\/acrj.org.br\/index.php\/wp-json\/wp\/v2\/users\/3"}],"replies":[{"embeddable":true,"href":"https:\/\/acrj.org.br\/index.php\/wp-json\/wp\/v2\/comments?post=40699"}],"version-history":[{"count":0,"href":"https:\/\/acrj.org.br\/index.php\/wp-json\/wp\/v2\/posts\/40699\/revisions"}],"wp:featuredmedia":[{"embeddable":true,"href":"https:\/\/acrj.org.br\/index.php\/wp-json\/wp\/v2\/media\/40700"}],"wp:attachment":[{"href":"https:\/\/acrj.org.br\/index.php\/wp-json\/wp\/v2\/media?parent=40699"}],"wp:term":[{"taxonomy":"category","embeddable":true,"href":"https:\/\/acrj.org.br\/index.php\/wp-json\/wp\/v2\/categories?post=40699"},{"taxonomy":"post_tag","embeddable":true,"href":"https:\/\/acrj.org.br\/index.php\/wp-json\/wp\/v2\/tags?post=40699"}],"curies":[{"name":"wp","href":"https:\/\/api.w.org\/{rel}","templated":true}]}}