{"id":40668,"date":"2025-12-02T17:17:00","date_gmt":"2025-12-02T20:17:00","guid":{"rendered":"https:\/\/acrj.org.br\/?p=40668"},"modified":"2025-12-03T15:23:07","modified_gmt":"2025-12-03T18:23:07","slug":"conselho-de-cultura-promove-reuniao-almoco-encerrando-as-atividades-do-ano","status":"publish","type":"post","link":"https:\/\/acrj.org.br\/index.php\/2025\/12\/02\/conselho-de-cultura-promove-reuniao-almoco-encerrando-as-atividades-do-ano\/","title":{"rendered":"Conselho de Cultura promove reuni\u00e3o-almo\u00e7o encerrando as atividades do ano"},"content":{"rendered":"\n<p><br>O Conselho Empresarial de Cultura da ACRJ promoveu, dia 2 de dezembro, uma reuni\u00e3o-almo\u00e7o de confraterniza\u00e7\u00e3o e encerramento das atividades do ano de 2025. O presidente do Conselho, S\u00e9rgio Costa e Silva, e o vice, Reinaldo Paes Barreto, recepcionaram os conselheiros no Restaurante Don Camillo, em Copacabana.<\/p>\n\n\n\n<figure class=\"wp-block-image size-large is-resized\"><img fetchpriority=\"high\" decoding=\"async\" width=\"1280\" height=\"720\" src=\"https:\/\/acrj.org.br\/wp-content\/uploads\/2025\/12\/WhatsApp-Image-2025-12-03-at-12.21.00-edited.jpeg\" alt=\"\" class=\"wp-image-40671\" style=\"width:500px\" srcset=\"https:\/\/acrj.org.br\/wp-content\/uploads\/2025\/12\/WhatsApp-Image-2025-12-03-at-12.21.00-edited.jpeg 1280w, https:\/\/acrj.org.br\/wp-content\/uploads\/2025\/12\/WhatsApp-Image-2025-12-03-at-12.21.00-edited-300x169.jpeg 300w, https:\/\/acrj.org.br\/wp-content\/uploads\/2025\/12\/WhatsApp-Image-2025-12-03-at-12.21.00-edited-1024x576.jpeg 1024w, https:\/\/acrj.org.br\/wp-content\/uploads\/2025\/12\/WhatsApp-Image-2025-12-03-at-12.21.00-edited-768x432.jpeg 768w\" sizes=\"(max-width: 1280px) 100vw, 1280px\" \/><\/figure>\n\n\n\n<p>S\u00e9rgio Costa e Silva agradeceu a parceria dos membros do Conselho durante este ano e ressaltou a participa\u00e7\u00e3o de cada um, em suas respectivas \u00e1reas de atua\u00e7\u00e3o e como conselheiros da ACRJ, em prol da cultura do Rio de Janeiro. Agradeceu especialmente ao presidente do Conselho Superior da ACRJ, Ruy Barreto Filho, e do Embaixador Cesario Meloantonio, que prestigiaram o encontro.<\/p>\n\n\n\n<figure class=\"wp-block-image size-large is-resized\"><img decoding=\"async\" width=\"1280\" height=\"960\" src=\"https:\/\/acrj.org.br\/wp-content\/uploads\/2025\/12\/WhatsApp-Image-2025-12-02-at-17.25.54-1-edited.jpeg\" alt=\"\" class=\"wp-image-40674\" style=\"width:500px\" srcset=\"https:\/\/acrj.org.br\/wp-content\/uploads\/2025\/12\/WhatsApp-Image-2025-12-02-at-17.25.54-1-edited.jpeg 1280w, https:\/\/acrj.org.br\/wp-content\/uploads\/2025\/12\/WhatsApp-Image-2025-12-02-at-17.25.54-1-edited-300x225.jpeg 300w, https:\/\/acrj.org.br\/wp-content\/uploads\/2025\/12\/WhatsApp-Image-2025-12-02-at-17.25.54-1-edited-1024x768.jpeg 1024w, https:\/\/acrj.org.br\/wp-content\/uploads\/2025\/12\/WhatsApp-Image-2025-12-02-at-17.25.54-1-edited-768x576.jpeg 768w\" sizes=\"(max-width: 1280px) 100vw, 1280px\" \/><\/figure>\n\n\n\n<figure class=\"wp-block-image size-large is-resized\"><img decoding=\"async\" width=\"1280\" height=\"960\" src=\"https:\/\/acrj.org.br\/wp-content\/uploads\/2025\/12\/WhatsApp-Image-2025-12-03-at-12.21.40-edited.jpeg\" alt=\"\" class=\"wp-image-40675\" style=\"width:500px\" srcset=\"https:\/\/acrj.org.br\/wp-content\/uploads\/2025\/12\/WhatsApp-Image-2025-12-03-at-12.21.40-edited.jpeg 1280w, https:\/\/acrj.org.br\/wp-content\/uploads\/2025\/12\/WhatsApp-Image-2025-12-03-at-12.21.40-edited-300x225.jpeg 300w, https:\/\/acrj.org.br\/wp-content\/uploads\/2025\/12\/WhatsApp-Image-2025-12-03-at-12.21.40-edited-1024x768.jpeg 1024w, https:\/\/acrj.org.br\/wp-content\/uploads\/2025\/12\/WhatsApp-Image-2025-12-03-at-12.21.40-edited-768x576.jpeg 768w\" sizes=\"(max-width: 1280px) 100vw, 1280px\" \/><\/figure>\n","protected":false},"excerpt":{"rendered":"<p>O Conselho Empresarial de Cultura da ACRJ promoveu, dia 2 de dezembro, uma reuni\u00e3o-almo\u00e7o de confraterniza\u00e7\u00e3o e encerramento das atividades do ano de 2025. O&hellip;<\/p>\n","protected":false},"author":3,"featured_media":40669,"comment_status":"closed","ping_status":"closed","sticky":false,"template":"","format":"standard","meta":{"_exactmetrics_skip_tracking":false,"_exactmetrics_sitenote_active":false,"_exactmetrics_sitenote_note":"","_exactmetrics_sitenote_category":0,"footnotes":""},"categories":[56,10],"tags":[],"class_list":["post-40668","post","type-post","status-publish","format-standard","has-post-thumbnail","hentry","category-destaque_conselhos","category-noticias"],"_links":{"self":[{"href":"https:\/\/acrj.org.br\/index.php\/wp-json\/wp\/v2\/posts\/40668","targetHints":{"allow":["GET"]}}],"collection":[{"href":"https:\/\/acrj.org.br\/index.php\/wp-json\/wp\/v2\/posts"}],"about":[{"href":"https:\/\/acrj.org.br\/index.php\/wp-json\/wp\/v2\/types\/post"}],"author":[{"embeddable":true,"href":"https:\/\/acrj.org.br\/index.php\/wp-json\/wp\/v2\/users\/3"}],"replies":[{"embeddable":true,"href":"https:\/\/acrj.org.br\/index.php\/wp-json\/wp\/v2\/comments?post=40668"}],"version-history":[{"count":0,"href":"https:\/\/acrj.org.br\/index.php\/wp-json\/wp\/v2\/posts\/40668\/revisions"}],"wp:featuredmedia":[{"embeddable":true,"href":"https:\/\/acrj.org.br\/index.php\/wp-json\/wp\/v2\/media\/40669"}],"wp:attachment":[{"href":"https:\/\/acrj.org.br\/index.php\/wp-json\/wp\/v2\/media?parent=40668"}],"wp:term":[{"taxonomy":"category","embeddable":true,"href":"https:\/\/acrj.org.br\/index.php\/wp-json\/wp\/v2\/categories?post=40668"},{"taxonomy":"post_tag","embeddable":true,"href":"https:\/\/acrj.org.br\/index.php\/wp-json\/wp\/v2\/tags?post=40668"}],"curies":[{"name":"wp","href":"https:\/\/api.w.org\/{rel}","templated":true}]}}