{"id":40650,"date":"2025-12-03T13:19:00","date_gmt":"2025-12-03T16:19:00","guid":{"rendered":"https:\/\/acrj.org.br\/?p=40650"},"modified":"2025-12-03T15:25:59","modified_gmt":"2025-12-03T18:25:59","slug":"40650","status":"publish","type":"post","link":"https:\/\/acrj.org.br\/index.php\/2025\/12\/03\/40650\/","title":{"rendered":"Lei 15.270: Conselho debate mudan\u00e7as no IR e novos desafios tribut\u00e1rios para empresas"},"content":{"rendered":"\n<p>O Conselho Empresarial de Assuntos Jur\u00eddicos, Estrat\u00e9gicos e Tribut\u00e1rios da ACRJ debateu, dia 3 de dezembro, a Lei 15.270\/25, originada do PL 1.087 e apresentada pelo Governo em mar\u00e7o deste ano, cujo objetivo central seria corrigir distor\u00e7\u00f5es no Imposto de Renda. O evento foi coordenado pelos conselheiros Gerson Stocco, Ana Carolina Gandra Pi\u00e1 de Andrade e Daniela Duque Estrada, com a participa\u00e7\u00e3o dos especialistas na \u00e1rea tribut\u00e1ria, Felipe Coelho, s\u00f3cio EY &#8211; People Advisory Services e Alexandro de Jesus, s\u00f3cio EY \u2013 Corporate Tax, que trouxeram uma vis\u00e3o estruturada sobre os impactos da nova pol\u00edtica fiscal do Governo. O encontro foi aberto pelo vice-presidente da ACRJ, Laudelino da Costa Mendes Neto, e o presidente do Conselho, Rodrigo Verdini.<\/p>\n\n\n\n<p>Os convidados destacaram os principais aspectos da legisla\u00e7\u00e3o, como a isen\u00e7\u00e3o de Imposto de Renda para quem ganha at\u00e9 R$ 5 mil por m\u00eas e a tributa\u00e7\u00e3o m\u00ednima para altas rendas, acima de R$ 600 mil ao ano.<\/p>\n\n\n\n<figure class=\"wp-block-image size-large is-resized\"><img fetchpriority=\"high\" decoding=\"async\" width=\"1105\" height=\"622\" src=\"https:\/\/acrj.org.br\/wp-content\/uploads\/2025\/12\/laudelino-edited.jpeg\" alt=\"\" class=\"wp-image-40652\" style=\"width:500px\" srcset=\"https:\/\/acrj.org.br\/wp-content\/uploads\/2025\/12\/laudelino-edited.jpeg 1105w, https:\/\/acrj.org.br\/wp-content\/uploads\/2025\/12\/laudelino-edited-300x169.jpeg 300w, https:\/\/acrj.org.br\/wp-content\/uploads\/2025\/12\/laudelino-edited-1024x576.jpeg 1024w, https:\/\/acrj.org.br\/wp-content\/uploads\/2025\/12\/laudelino-edited-768x432.jpeg 768w\" sizes=\"(max-width: 1105px) 100vw, 1105px\" \/><figcaption class=\"wp-element-caption\"><em>Laudelino Mendes e Rodrigo Verdini abriram o encontro<\/em><\/figcaption><\/figure>\n\n\n\n<p>De acordo com Felipe Coelho, enquanto a desonera\u00e7\u00e3o para as faixas de menor renda encontra amplo consenso no mercado, a taxa\u00e7\u00e3o de dividendos ainda gera debates t\u00e9cnicos e operacionais.<\/p>\n\n\n\n<p>Gerson Stocco disse que o debate refor\u00e7a a relev\u00e2ncia de compreender a Lei 15.270 dentro de \u201cum cen\u00e1rio tribut\u00e1rio altamente din\u00e2mico, no qual empresas, profissionais e contribuintes precisam operar com vis\u00e3o estrat\u00e9gica, planejamento e atualiza\u00e7\u00e3o cont\u00ednua\u201d.<\/p>\n\n\n\n<figure class=\"wp-block-image size-large is-resized\"><img decoding=\"async\" width=\"1024\" height=\"552\" src=\"https:\/\/acrj.org.br\/wp-content\/uploads\/2025\/12\/felipe-e-alexsandro-1024x552.jpg\" alt=\"\" class=\"wp-image-40654\" style=\"width:500px\" srcset=\"https:\/\/acrj.org.br\/wp-content\/uploads\/2025\/12\/felipe-e-alexsandro-1024x552.jpg 1024w, https:\/\/acrj.org.br\/wp-content\/uploads\/2025\/12\/felipe-e-alexsandro-300x162.jpg 300w, https:\/\/acrj.org.br\/wp-content\/uploads\/2025\/12\/felipe-e-alexsandro-768x414.jpg 768w, https:\/\/acrj.org.br\/wp-content\/uploads\/2025\/12\/felipe-e-alexsandro-1536x827.jpg 1536w, https:\/\/acrj.org.br\/wp-content\/uploads\/2025\/12\/felipe-e-alexsandro-2048x1103.jpg 2048w\" sizes=\"(max-width: 1024px) 100vw, 1024px\" \/><figcaption class=\"wp-element-caption\"><em>Os especialistas Felipe Coelho e Alexsandro de Jesus <\/em><\/figcaption><\/figure>\n\n\n\n<p>Um ponto relevante discutido foi a isen\u00e7\u00e3o de imposto de renda sobre lucros distribu\u00eddos at\u00e9 2028, desde que deliberados at\u00e9 dezembro de 2025. Felipe Coelho explicou que, ainda que a lei tenha sido publicada recentemente, um novo projeto de lei j\u00e1 foi aprovado na Comiss\u00e3o de Assuntos Econ\u00f4micos do Senado, alterando parte do texto original e evidenciando o ritmo acelerado das mudan\u00e7as tribut\u00e1rias no pa\u00eds.<\/p>\n\n\n\n<p>Segundo Alexandro de Jesus, as estimativas iniciais do governo mostram que 10 milh\u00f5es de contribuintes ser\u00e3o beneficiados pela nova isen\u00e7\u00e3o e apenas 0,13% dos declarantes ser\u00e3o afetados pela al\u00edquota m\u00ednima.\u00a0 Para rendas entre R$ 600 mil e R$ 1,2 milh\u00e3o, a al\u00edquota sobe de 0% a 10%. Acima disso, a al\u00edquota \u00e9 fixa em 10%.<\/p>\n\n\n\n<figure class=\"wp-block-image size-large is-resized\"><img decoding=\"async\" width=\"1024\" height=\"547\" src=\"https:\/\/acrj.org.br\/wp-content\/uploads\/2025\/12\/gerson-1024x547.jpg\" alt=\"\" class=\"wp-image-40659\" style=\"width:500px\" srcset=\"https:\/\/acrj.org.br\/wp-content\/uploads\/2025\/12\/gerson-1024x547.jpg 1024w, https:\/\/acrj.org.br\/wp-content\/uploads\/2025\/12\/gerson-300x160.jpg 300w, https:\/\/acrj.org.br\/wp-content\/uploads\/2025\/12\/gerson-768x410.jpg 768w, https:\/\/acrj.org.br\/wp-content\/uploads\/2025\/12\/gerson-1536x821.jpg 1536w, https:\/\/acrj.org.br\/wp-content\/uploads\/2025\/12\/gerson-2048x1094.jpg 2048w\" sizes=\"(max-width: 1024px) 100vw, 1024px\" \/><figcaption class=\"wp-element-caption\"><em>Gerson Stocco, Carolina Gandra Pi\u00e1 e Daniela Duque Estrada<\/em> <\/figcaption><\/figure>\n\n\n\n<p>A partir do ano que vem haver\u00e1 isen\u00e7\u00e3o de imposto sobre rendimentos recebidos at\u00e9 R$ 5 mil\/m\u00eas e R$ 60 mil\/ano; e redu\u00e7\u00e3o progressiva at\u00e9 renda de R$ 7.350,00\/ m\u00eas e R$ 88.200,00\/ ano. O redutor tamb\u00e9m se aplica no c\u00e1lculo do imposto devido sobre 13\u00ba sal\u00e1rio. Os rendimentos tribut\u00e1veis superiores \u00e0 R$ 7.350,00\/ m\u00eas n\u00e3o ter\u00e3o redu\u00e7\u00e3o no imposto devido; n\u00e3o houve atualiza\u00e7\u00e3o da tabela progressiva.<\/p>\n\n\n\n<figure class=\"wp-block-image size-large is-resized\"><img loading=\"lazy\" decoding=\"async\" width=\"1024\" height=\"461\" src=\"https:\/\/acrj.org.br\/wp-content\/uploads\/2025\/12\/auditorio-1024x461.jpg\" alt=\"\" class=\"wp-image-40658\" style=\"width:500px\" srcset=\"https:\/\/acrj.org.br\/wp-content\/uploads\/2025\/12\/auditorio-1024x461.jpg 1024w, https:\/\/acrj.org.br\/wp-content\/uploads\/2025\/12\/auditorio-300x135.jpg 300w, https:\/\/acrj.org.br\/wp-content\/uploads\/2025\/12\/auditorio-768x346.jpg 768w, https:\/\/acrj.org.br\/wp-content\/uploads\/2025\/12\/auditorio.jpg 1280w\" sizes=\"(max-width: 1024px) 100vw, 1024px\" \/><\/figure>\n\n\n\n<p><\/p>\n\n\n\n<p><strong><a href=\"https:\/\/acrj.org.br\/wp-content\/uploads\/2025\/12\/Lei-15.270-Apresentacao-ACRJ.pdf\"><mark style=\"background-color:rgba(0, 0, 0, 0)\" class=\"has-inline-color has-vivid-cyan-blue-color\">Confira aqui<\/mark> <\/a><\/strong>a apresenta\u00e7\u00e3o completa<\/p>\n\n\n\n<p><\/p>\n","protected":false},"excerpt":{"rendered":"<p>O Conselho Empresarial de Assuntos Jur\u00eddicos, Estrat\u00e9gicos e Tribut\u00e1rios da ACRJ debateu, dia 3 de dezembro, a Lei 15.270\/25, originada do PL 1.087 e apresentada&hellip;<\/p>\n","protected":false},"author":3,"featured_media":40656,"comment_status":"closed","ping_status":"closed","sticky":false,"template":"","format":"standard","meta":{"_exactmetrics_skip_tracking":false,"_exactmetrics_sitenote_active":false,"_exactmetrics_sitenote_note":"","_exactmetrics_sitenote_category":0,"footnotes":""},"categories":[56,10],"tags":[],"class_list":["post-40650","post","type-post","status-publish","format-standard","has-post-thumbnail","hentry","category-destaque_conselhos","category-noticias"],"_links":{"self":[{"href":"https:\/\/acrj.org.br\/index.php\/wp-json\/wp\/v2\/posts\/40650","targetHints":{"allow":["GET"]}}],"collection":[{"href":"https:\/\/acrj.org.br\/index.php\/wp-json\/wp\/v2\/posts"}],"about":[{"href":"https:\/\/acrj.org.br\/index.php\/wp-json\/wp\/v2\/types\/post"}],"author":[{"embeddable":true,"href":"https:\/\/acrj.org.br\/index.php\/wp-json\/wp\/v2\/users\/3"}],"replies":[{"embeddable":true,"href":"https:\/\/acrj.org.br\/index.php\/wp-json\/wp\/v2\/comments?post=40650"}],"version-history":[{"count":0,"href":"https:\/\/acrj.org.br\/index.php\/wp-json\/wp\/v2\/posts\/40650\/revisions"}],"wp:featuredmedia":[{"embeddable":true,"href":"https:\/\/acrj.org.br\/index.php\/wp-json\/wp\/v2\/media\/40656"}],"wp:attachment":[{"href":"https:\/\/acrj.org.br\/index.php\/wp-json\/wp\/v2\/media?parent=40650"}],"wp:term":[{"taxonomy":"category","embeddable":true,"href":"https:\/\/acrj.org.br\/index.php\/wp-json\/wp\/v2\/categories?post=40650"},{"taxonomy":"post_tag","embeddable":true,"href":"https:\/\/acrj.org.br\/index.php\/wp-json\/wp\/v2\/tags?post=40650"}],"curies":[{"name":"wp","href":"https:\/\/api.w.org\/{rel}","templated":true}]}}