{"id":40491,"date":"2025-11-12T10:50:07","date_gmt":"2025-11-12T13:50:07","guid":{"rendered":"https:\/\/acrj.org.br\/?p=40491"},"modified":"2025-11-27T13:01:28","modified_gmt":"2025-11-27T16:01:28","slug":"palestra-sobre-inovacao-e-solucoes-sustentaveis-para-os-negocios","status":"publish","type":"post","link":"https:\/\/acrj.org.br\/index.php\/2025\/11\/12\/palestra-sobre-inovacao-e-solucoes-sustentaveis-para-os-negocios\/","title":{"rendered":"Palestra sobre inova\u00e7\u00e3o e solu\u00e7\u00f5es sustent\u00e1veis para os neg\u00f3cios"},"content":{"rendered":"\n<p>O Conselho Empresarial de Desenvolvimento Humano e Educa\u00e7\u00e3o Corporativa da ACRJ recebe, dia 27 de novembro, em sua reuni\u00e3o mensal, a s\u00f3cia da Impact Hub Rio de Janeiro, Luciana Rodriguez, uma organiza\u00e7\u00e3o ligada a maior rede de empreendedores de Impacto do mundo, presente mais de 50 pa\u00edses, que Conecta pessoas \u00e0 causas.<\/p>\n\n\n\n<p>&#x1f193; O encontro \u00e9 gratuito, mediante inscri\u00e7\u00e3o pr\u00e9via.<\/p>\n\n\n\n<p>&#x1f517; <strong><a href=\"https:\/\/forms.gle\/wMF7FNY6V2JZBXkG6\">ACESSE AQUI <\/a><\/strong>para se inscrever<\/p>\n\n\n\n<p><strong>SERVI\u00c7O<\/strong><\/p>\n\n\n\n<p>&#x1f5d3;&#xfe0f; 27\/11\/2025<\/p>\n\n\n\n<p>&#x23f0; 15 horas<\/p>\n\n\n\n<p>&#x1f3e2; Sede da Associa\u00e7\u00e3o Comercial do RJ &#8211; ACRJ &#8211; Rua Candel\u00e1ria, 9\/12\u00ba andar &#8211; Centro &#8211; RJ<\/p>\n\n\n\n<p>&#x260e; Informa\u00e7\u00f5es: 2514-1203<\/p>\n","protected":false},"excerpt":{"rendered":"<p>O Conselho Empresarial de Desenvolvimento Humano e Educa\u00e7\u00e3o Corporativa da ACRJ recebe, dia 27 de novembro, em sua reuni\u00e3o mensal, a s\u00f3cia da Impact Hub&hellip;<\/p>\n","protected":false},"author":3,"featured_media":40492,"comment_status":"closed","ping_status":"closed","sticky":false,"template":"","format":"standard","meta":{"_exactmetrics_skip_tracking":false,"_exactmetrics_sitenote_active":false,"_exactmetrics_sitenote_note":"","_exactmetrics_sitenote_category":0,"footnotes":""},"categories":[83],"tags":[],"class_list":["post-40491","post","type-post","status-publish","format-standard","has-post-thumbnail","hentry","category-eventos_acrj"],"_links":{"self":[{"href":"https:\/\/acrj.org.br\/index.php\/wp-json\/wp\/v2\/posts\/40491","targetHints":{"allow":["GET"]}}],"collection":[{"href":"https:\/\/acrj.org.br\/index.php\/wp-json\/wp\/v2\/posts"}],"about":[{"href":"https:\/\/acrj.org.br\/index.php\/wp-json\/wp\/v2\/types\/post"}],"author":[{"embeddable":true,"href":"https:\/\/acrj.org.br\/index.php\/wp-json\/wp\/v2\/users\/3"}],"replies":[{"embeddable":true,"href":"https:\/\/acrj.org.br\/index.php\/wp-json\/wp\/v2\/comments?post=40491"}],"version-history":[{"count":0,"href":"https:\/\/acrj.org.br\/index.php\/wp-json\/wp\/v2\/posts\/40491\/revisions"}],"wp:featuredmedia":[{"embeddable":true,"href":"https:\/\/acrj.org.br\/index.php\/wp-json\/wp\/v2\/media\/40492"}],"wp:attachment":[{"href":"https:\/\/acrj.org.br\/index.php\/wp-json\/wp\/v2\/media?parent=40491"}],"wp:term":[{"taxonomy":"category","embeddable":true,"href":"https:\/\/acrj.org.br\/index.php\/wp-json\/wp\/v2\/categories?post=40491"},{"taxonomy":"post_tag","embeddable":true,"href":"https:\/\/acrj.org.br\/index.php\/wp-json\/wp\/v2\/tags?post=40491"}],"curies":[{"name":"wp","href":"https:\/\/api.w.org\/{rel}","templated":true}]}}