{"id":4039,"date":"2020-04-20T11:13:35","date_gmt":"2020-04-20T14:13:35","guid":{"rendered":"http:\/\/acrj.org.br\/?p=4039"},"modified":"2020-04-20T12:57:37","modified_gmt":"2020-04-20T15:57:37","slug":"turismo-de-negocios-tende-a-contrair-se-quase-a-desaparecer-com-o-covid-19","status":"publish","type":"post","link":"https:\/\/acrj.org.br\/index.php\/2020\/04\/20\/turismo-de-negocios-tende-a-contrair-se-quase-a-desaparecer-com-o-covid-19\/","title":{"rendered":"Turismo de Neg\u00f3cios tende a contrair-se, quase a desaparecer, com o COVID-19"},"content":{"rendered":"\t\t<div data-elementor-type=\"wp-post\" data-elementor-id=\"4039\" class=\"elementor elementor-4039\" data-elementor-post-type=\"post\">\n\t\t\t\t\t\t<section class=\"elementor-section elementor-top-section elementor-element elementor-element-7112b584 elementor-section-boxed elementor-section-height-default elementor-section-height-default\" data-id=\"7112b584\" data-element_type=\"section\" data-e-type=\"section\">\n\t\t\t\t\t\t<div class=\"elementor-container elementor-column-gap-default\">\n\t\t\t\t\t<div class=\"elementor-column elementor-col-100 elementor-top-column elementor-element elementor-element-bbbfafe\" data-id=\"bbbfafe\" data-element_type=\"column\" data-e-type=\"column\">\n\t\t\t<div class=\"elementor-widget-wrap elementor-element-populated\">\n\t\t\t\t\t\t<div class=\"elementor-element elementor-element-69714e87 elementor-widget elementor-widget-text-editor\" data-id=\"69714e87\" data-element_type=\"widget\" data-e-type=\"widget\" data-widget_type=\"text-editor.default\">\n\t\t\t\t<div class=\"elementor-widget-container\">\n\t\t\t\t\t\t\t\t\t<p><\/p>\n<p>Os cen\u00e1rios econ\u00f4micos global e brasileiro devem passar por uma transforma\u00e7\u00e3o radical em fun\u00e7\u00e3o das crises sanit\u00e1ria e econ\u00f4mica a partir da pandemia do coronav\u00edrus. Exemplo paradigm\u00e1tico \u00e9 o destino do turismo de neg\u00f3cios, condenado ao e-turismo digital. A an\u00e1lise foi feita na \u00faltima reuni\u00e3o do Conselho Empresarial de Pol\u00edticas Econ\u00f4micas da ACRJ, que pela primeira vez, em 210 anos da Associa\u00e7\u00e3o, ocorreu em forma virtual.<\/p><p>De acordo com os conselheiros presentes, outras mudan\u00e7as devem ocorrer, por exemplo, as s\u00e9ries hist\u00f3ricas de dados, j\u00e1 que a base de estat\u00edsticas ser\u00e1 rompida, precisando ser refeita para continuar a fazer sentido e contribuir para os desafiantes exerc\u00edcios de an\u00e1lise e planejamento, indispens\u00e1veis quando o amanh\u00e3 chegar. Algumas mudan\u00e7as j\u00e1 estavam em curso, como a do ensino \u00e0 dist\u00e2ncia, mas sua concretiza\u00e7\u00e3o em larga escala foi acelerada, ocorrendo para surpresa geral em poucas semanas.<\/p><p>O momento \u00e9 de incerteza generalizada e ainda nos cabe descobrir os caminhos a seguir. Precisamos, sobretudo, conhecer melhor a COVID-19, para saber como com ela lidar. O que j\u00e1 aprendemos \u00e9 o grau de desigualdades inerentes \u00e0 nossa sociedade, algumas herdadas do patrimonialismo e da escravid\u00e3o luso-brasileira.<\/p><p>Ficou clara a preocupa\u00e7\u00e3o com os estratos informais e \u00e0s vezes at\u00e9 invis\u00edveis, assim como com os micro, pequenos e m\u00e9dios empres\u00e1rios, tanto em fun\u00e7\u00e3o do alto desemprego que a situa\u00e7\u00e3o gerou quanto com a escassez de cr\u00e9dito que se estreitou radicalmente, no momento em que se tornou indispens\u00e1vel para assegurar a pr\u00f3pria sobreviv\u00eancia das empresas.<\/p><p>O Conselho enfatizou a urg\u00eancia de um esfor\u00e7o conjunto de Governo e empresas privadas para ajudar a identificar e cadastrar os trabalhadores invis\u00edveis, fornecendo recursos para que possam sobreviver com dignidade a este momento de extrema necessidade de distanciamento e quarentena social para que, uma vez poss\u00edvel, terem condi\u00e7\u00f5es de voltarem a ser agentes din\u00e2micos da economia, o que pressup\u00f5e, inclusive, abandonar o preconceito contra o trabalhador informal, que n\u00e3o \u00e9 respons\u00e1vel pela pr\u00f3pria informalidade. Ao contr\u00e1rio, muitas vezes \u00e9 o her\u00f3i que assegura a vitalidade da economia, de modo an\u00f4nimo, mas verdadeiro, quando esta estiver em risco de esmorecer.<\/p><p>De qualquer maneira, o papel da rede do SUS e o Bolsa Fam\u00edlia foram enaltecidos como pilares da sustenta\u00e7\u00e3o, diria mesmo da sobreviv\u00eancia das camadas menos favorecidas, para que no futuro se possa adicionar a renda m\u00ednima como instrumento a ser analisado cuidadosamente, podendo, talvez, ser objeto de debate em uma de nossas pr\u00f3ximas reuni\u00f5es do POLECO.<\/p><p>O Conselho estimou ainda que a economia ainda n\u00e3o chegou ao fundo do po\u00e7o, sendo que uma maioria acredita que a proje\u00e7\u00e3o do FMI de queda do PIB brasileiro este ano de 5,3 seja talvez exagerada, embora sua estimativa de crescimento de 2,9 em 2021 \u00e9 demasiado otimista, uma vez que a retomada tender\u00e1 a ser em forma de U, mais lenta do que uma recupera\u00e7\u00e3o em V.<\/p><p>O mesmo racioc\u00ednio prevaleceu na reuni\u00e3o em rela\u00e7\u00e3o \u00e0 queda prevista para o PIB global de 3%, e uma retomada em 2021. Alguns conselheiros se pronunciaram no sentido de que a China estaria ganhando esta fase de sua guerra fria com os Estados Unidos, pois parecem ter abdicado da posi\u00e7\u00e3o de 75 anos ou mais de ser l\u00edder e at\u00e9 pol\u00edcia do mundo. O an\u00fancio de Donald Trump, no pico da maior crise sanit\u00e1ria global em mais de 100 anos, de que descontinuaria sua participa\u00e7\u00e3o no custeio da OMS, parece exemplo paradigm\u00e1tico deste novo papel restrito dos USA nos destinos globais.<\/p><p>A hora exige, ao contr\u00e1rio, robusta coopera\u00e7\u00e3o de governan\u00e7a mundial, baseada em confian\u00e7a, toler\u00e2ncia e forte consenso constru\u00eddo em torno da busca do bem comum da Humanidade, ressaltou o presidente do Conselho, Marc\u00edlio Marques Moreira.<\/p><p>O coronav\u00edrus e suas severas consequ\u00eancias econ\u00f4micas ser\u00e3o ponto de inflex\u00e3o marcante para o comportamento ao redor do mundo nas \u00e1reas pol\u00edtica, econ\u00f4mica, social e cultural. De certa maneira, teremos de reinventar o mundo, pois o de ontem com seus ciclos, caminhos e at\u00e9 descaminhos est\u00e1 moribundo, que come\u00e7a a mostrar novos contornos, mas ainda n\u00e3o nasceu em sua plenitude.<\/p><p>Uma d\u00favida tamb\u00e9m levantada foi a possibilidade ou conveni\u00eancia de utiliza\u00e7\u00e3o de nossas largas reservas no combate \u00e0 crise. Houve algum apoio \u00e0 ideia, mas apenas para ser utilizada para financiar certas compras priorit\u00e1rias, sobretudo em termos de instrumentos ou necessidades diretamente vinculadas \u00e0 preserva\u00e7\u00e3o da sa\u00fade e da vida.<\/p><p>O embaixador Marc\u00edlio chamou a aten\u00e7\u00e3o de que vivenciou diretamente v\u00e1rias crises ligadas a escassez de divisas ou ao pagamento da d\u00edvida externa, enquanto a atual crise, cercada de tantas incertezas, ao menos tem em nossas reservas um fator de tranquilidade.<\/p><p>O embaixador, na conclus\u00e3o do encontro virtual, lembrou que desde a inf\u00e2ncia conviveu com crises que sempre o preocuparam, sem cortar o \u00e2nimo de prosseguir. Aos dois anos e meio de idade, no ano de 1934, se transferiu para Viena, um ano ap\u00f3s Hitler ter assumido a Chancelaria da Alemanha e tr\u00eas meses ap\u00f3s o golpe nazista na \u00c1ustria, em que foi assassinado seu Primeiro Ministro. Em Viena foi acometido, aos cinco anos de idade por grave mol\u00e9stia, que o obrigou a refugiar-se, com sua m\u00e3e na Sic\u00edlia, longe do frio vienense. Ap\u00f3s a anexa\u00e7\u00e3o do pa\u00eds pelas tropas alem\u00e3s, seu m\u00e9dico judeu foi impedido de continuar sendo seu m\u00e9dico. S\u00f3 tr\u00eas meses da Declara\u00e7\u00e3o da Segunda Guerra Mundial voltaria para o Brasil a bordo de uma das \u00faltimas viagens de navios italianos que ainda faziam o trajeto.<\/p><p>Muitas crises depois, durante aquela em que exercia nas pastas da Economia, Fazenda e Planejamento, em tensa reuni\u00e3o com outros ministros do Governo, um deles, embora n\u00e3o fosse crist\u00e3o, me passou um texto que acredito bem que cabe nesse momento t\u00e3o dif\u00edcil. Surpreso, li a Enc\u00edclica de S\u00e3o Paulo aos Romanos: Deveis alegrar-vos mesmo em tempos de turbul\u00eancia, pois a turbul\u00eancia exige a perseveran\u00e7a, boa virtude que acaba levando \u00e0 Esperan\u00e7a.<\/p>\n<p><\/p>\t\t\t\t\t\t\t\t<\/div>\n\t\t\t\t<\/div>\n\t\t\t\t\t<\/div>\n\t\t<\/div>\n\t\t\t\t\t<\/div>\n\t\t<\/section>\n\t\t\t\t<\/div>\n\t\t","protected":false},"excerpt":{"rendered":"<p>Os cen\u00e1rios econ\u00f4micos global e brasileiro devem passar por uma transforma\u00e7\u00e3o radical em fun\u00e7\u00e3o das crises sanit\u00e1ria e econ\u00f4mica a partir da pandemia do coronav\u00edrus.&hellip;<\/p>\n","protected":false},"author":3,"featured_media":4040,"comment_status":"closed","ping_status":"open","sticky":false,"template":"","format":"standard","meta":{"_exactmetrics_skip_tracking":false,"_exactmetrics_sitenote_active":false,"_exactmetrics_sitenote_note":"","_exactmetrics_sitenote_category":0,"footnotes":""},"categories":[10],"tags":[],"class_list":["post-4039","post","type-post","status-publish","format-standard","has-post-thumbnail","hentry","category-noticias"],"_links":{"self":[{"href":"https:\/\/acrj.org.br\/index.php\/wp-json\/wp\/v2\/posts\/4039","targetHints":{"allow":["GET"]}}],"collection":[{"href":"https:\/\/acrj.org.br\/index.php\/wp-json\/wp\/v2\/posts"}],"about":[{"href":"https:\/\/acrj.org.br\/index.php\/wp-json\/wp\/v2\/types\/post"}],"author":[{"embeddable":true,"href":"https:\/\/acrj.org.br\/index.php\/wp-json\/wp\/v2\/users\/3"}],"replies":[{"embeddable":true,"href":"https:\/\/acrj.org.br\/index.php\/wp-json\/wp\/v2\/comments?post=4039"}],"version-history":[{"count":0,"href":"https:\/\/acrj.org.br\/index.php\/wp-json\/wp\/v2\/posts\/4039\/revisions"}],"wp:featuredmedia":[{"embeddable":true,"href":"https:\/\/acrj.org.br\/index.php\/wp-json\/wp\/v2\/media\/4040"}],"wp:attachment":[{"href":"https:\/\/acrj.org.br\/index.php\/wp-json\/wp\/v2\/media?parent=4039"}],"wp:term":[{"taxonomy":"category","embeddable":true,"href":"https:\/\/acrj.org.br\/index.php\/wp-json\/wp\/v2\/categories?post=4039"},{"taxonomy":"post_tag","embeddable":true,"href":"https:\/\/acrj.org.br\/index.php\/wp-json\/wp\/v2\/tags?post=4039"}],"curies":[{"name":"wp","href":"https:\/\/api.w.org\/{rel}","templated":true}]}}