{"id":4022,"date":"2020-04-18T15:05:00","date_gmt":"2020-04-18T18:05:00","guid":{"rendered":"http:\/\/acrj.org.br\/?p=4022"},"modified":"2024-07-12T16:35:59","modified_gmt":"2024-07-12T19:35:59","slug":"caixa-atende-demanda-da-acrj-e-assina-convenio-hoje-para-liberar-fampe-sebrae-para-micro-e-pequenas-empresas","status":"publish","type":"post","link":"https:\/\/acrj.org.br\/index.php\/2020\/04\/18\/caixa-atende-demanda-da-acrj-e-assina-convenio-hoje-para-liberar-fampe-sebrae-para-micro-e-pequenas-empresas\/","title":{"rendered":"Caixa atende demanda da ACRJ e assina conv\u00eanio para liberar Fampe\/Sebrae para PMEs"},"content":{"rendered":"\t\t<div data-elementor-type=\"wp-post\" data-elementor-id=\"4022\" class=\"elementor elementor-4022\" data-elementor-post-type=\"post\">\n\t\t\t\t\t\t<section class=\"elementor-section elementor-top-section elementor-element elementor-element-290be523 elementor-section-boxed elementor-section-height-default elementor-section-height-default\" data-id=\"290be523\" data-element_type=\"section\" data-e-type=\"section\">\n\t\t\t\t\t\t<div class=\"elementor-container elementor-column-gap-default\">\n\t\t\t\t\t<div class=\"elementor-column elementor-col-100 elementor-top-column elementor-element elementor-element-55bdaf53\" data-id=\"55bdaf53\" data-element_type=\"column\" data-e-type=\"column\">\n\t\t\t<div class=\"elementor-widget-wrap elementor-element-populated\">\n\t\t\t\t\t\t<div class=\"elementor-element elementor-element-7c7572e8 elementor-widget elementor-widget-text-editor\" data-id=\"7c7572e8\" data-element_type=\"widget\" data-e-type=\"widget\" data-widget_type=\"text-editor.default\">\n\t\t\t\t<div class=\"elementor-widget-container\">\n\t\t\t\t\t\t\t\t\t\n<p>A Caixa e o Sebrae assinam um conv\u00eanio para disponibilizar o Fundo de Aval Fampe\/Sebrae (Fundo de Aval \u00e0s Micro e Pequenas Empresas) para empr\u00e9stimos para as micro e pequenas empresas. Este \u00e9 um pleito antigo da ACRJ que foi discutido pela presidente da ACRJ, Angela Costa, em reuni\u00e3o com o presidente da Caixa, Pedro Guimar\u00e3es, e lideran\u00e7as empresariais no dia 23 de agosto de 2019 (fotos).<\/p>\n\n<p>Demanda recorrente dos pequenos empres\u00e1rios, a facilita\u00e7\u00e3o do cr\u00e9dito tornou-se emergencial neste momento que todos enfrentam por conta da pandemia do coronav\u00edrus. Nunca \u00e9 demais lembrar que mais de 80% dos empregos formais no Brasil s\u00e3o gerados pelas PME. Lutar pelos interesses dos pequenos empres\u00e1rios \u00e9 obriga\u00e7\u00e3o de toda lideran\u00e7a empresarial brasileira.<\/p>\n\t\t\t\t\t\t\t\t<\/div>\n\t\t\t\t<\/div>\n\t\t\t\t\t<\/div>\n\t\t<\/div>\n\t\t\t\t\t<\/div>\n\t\t<\/section>\n\t\t\t\t<section class=\"elementor-section elementor-top-section elementor-element elementor-element-2d06fa0 elementor-section-boxed elementor-section-height-default elementor-section-height-default\" data-id=\"2d06fa0\" data-element_type=\"section\" data-e-type=\"section\">\n\t\t\t\t\t\t<div class=\"elementor-container elementor-column-gap-default\">\n\t\t\t\t\t<div class=\"elementor-column elementor-col-100 elementor-top-column elementor-element elementor-element-a191780\" data-id=\"a191780\" data-element_type=\"column\" data-e-type=\"column\">\n\t\t\t<div class=\"elementor-widget-wrap elementor-element-populated\">\n\t\t\t\t\t\t<div class=\"elementor-element elementor-element-c621029 elementor-widget elementor-widget-image-gallery\" data-id=\"c621029\" data-element_type=\"widget\" data-e-type=\"widget\" data-widget_type=\"image-gallery.default\">\n\t\t\t\t<div class=\"elementor-widget-container\">\n\t\t\t\t\t\t\t<div class=\"elementor-image-gallery\">\n\t\t\t<div id='gallery-1' class='gallery galleryid-4022 gallery-columns-4 gallery-size-full'><figure class='gallery-item'>\n\t\t\t<div class='gallery-icon landscape'>\n\t\t\t\t<a data-elementor-open-lightbox=\"yes\" data-elementor-lightbox-slideshow=\"c621029\" data-elementor-lightbox-title=\"WhatsApp Image 2020-04-16 at 15.03.34\" data-e-action-hash=\"#elementor-action%3Aaction%3Dlightbox%26settings%3DeyJpZCI6NDAyNywidXJsIjoiaHR0cHM6XC9cL2Fjcmoub3JnLmJyXC93cC1jb250ZW50XC91cGxvYWRzXC8yMDIwXC8wNFwvV2hhdHNBcHAtSW1hZ2UtMjAyMC0wNC0xNi1hdC0xNS4wMy4zNC5qcGVnIiwic2xpZGVzaG93IjoiYzYyMTAyOSJ9\" href='https:\/\/acrj.org.br\/wp-content\/uploads\/2020\/04\/WhatsApp-Image-2020-04-16-at-15.03.34.jpeg'><img fetchpriority=\"high\" width=\"1280\" height=\"854\" src=\"https:\/\/acrj.org.br\/wp-content\/uploads\/2020\/04\/WhatsApp-Image-2020-04-16-at-15.03.34.jpeg\" class=\"attachment-full size-full\" alt=\"\" decoding=\"async\" srcset=\"https:\/\/acrj.org.br\/wp-content\/uploads\/2020\/04\/WhatsApp-Image-2020-04-16-at-15.03.34.jpeg 1280w, https:\/\/acrj.org.br\/wp-content\/uploads\/2020\/04\/WhatsApp-Image-2020-04-16-at-15.03.34-600x400.jpeg 600w, https:\/\/acrj.org.br\/wp-content\/uploads\/2020\/04\/WhatsApp-Image-2020-04-16-at-15.03.34-300x200.jpeg 300w, https:\/\/acrj.org.br\/wp-content\/uploads\/2020\/04\/WhatsApp-Image-2020-04-16-at-15.03.34-1024x683.jpeg 1024w, https:\/\/acrj.org.br\/wp-content\/uploads\/2020\/04\/WhatsApp-Image-2020-04-16-at-15.03.34-768x512.jpeg 768w\" sizes=\"(max-width: 1280px) 100vw, 1280px\" \/><\/a>\n\t\t\t<\/div><\/figure>\n\t\t<\/div>\n\t\t<\/div>\n\t\t\t\t\t\t<\/div>\n\t\t\t\t<\/div>\n\t\t\t\t\t<\/div>\n\t\t<\/div>\n\t\t\t\t\t<\/div>\n\t\t<\/section>\n\t\t\t\t<\/div>\n\t\t","protected":false},"excerpt":{"rendered":"<p>A Caixa e o Sebrae assinam um conv\u00eanio para disponibilizar o Fundo de Aval Fampe\/Sebrae (Fundo de Aval \u00e0s Micro e Pequenas Empresas) para empr\u00e9stimos&hellip;<\/p>\n","protected":false},"author":3,"featured_media":4023,"comment_status":"closed","ping_status":"closed","sticky":false,"template":"","format":"standard","meta":{"_exactmetrics_skip_tracking":false,"_exactmetrics_sitenote_active":false,"_exactmetrics_sitenote_note":"","_exactmetrics_sitenote_category":0,"footnotes":""},"categories":[10],"tags":[],"class_list":["post-4022","post","type-post","status-publish","format-standard","has-post-thumbnail","hentry","category-noticias"],"_links":{"self":[{"href":"https:\/\/acrj.org.br\/index.php\/wp-json\/wp\/v2\/posts\/4022","targetHints":{"allow":["GET"]}}],"collection":[{"href":"https:\/\/acrj.org.br\/index.php\/wp-json\/wp\/v2\/posts"}],"about":[{"href":"https:\/\/acrj.org.br\/index.php\/wp-json\/wp\/v2\/types\/post"}],"author":[{"embeddable":true,"href":"https:\/\/acrj.org.br\/index.php\/wp-json\/wp\/v2\/users\/3"}],"replies":[{"embeddable":true,"href":"https:\/\/acrj.org.br\/index.php\/wp-json\/wp\/v2\/comments?post=4022"}],"version-history":[{"count":0,"href":"https:\/\/acrj.org.br\/index.php\/wp-json\/wp\/v2\/posts\/4022\/revisions"}],"wp:featuredmedia":[{"embeddable":true,"href":"https:\/\/acrj.org.br\/index.php\/wp-json\/wp\/v2\/media\/4023"}],"wp:attachment":[{"href":"https:\/\/acrj.org.br\/index.php\/wp-json\/wp\/v2\/media?parent=4022"}],"wp:term":[{"taxonomy":"category","embeddable":true,"href":"https:\/\/acrj.org.br\/index.php\/wp-json\/wp\/v2\/categories?post=4022"},{"taxonomy":"post_tag","embeddable":true,"href":"https:\/\/acrj.org.br\/index.php\/wp-json\/wp\/v2\/tags?post=4022"}],"curies":[{"name":"wp","href":"https:\/\/api.w.org\/{rel}","templated":true}]}}