{"id":40145,"date":"2025-11-28T15:00:54","date_gmt":"2025-11-28T18:00:54","guid":{"rendered":"https:\/\/acrj.org.br\/?p=40145"},"modified":"2026-03-30T15:02:57","modified_gmt":"2026-03-30T18:02:57","slug":"palestra-sobre-governanca-politica-2026","status":"publish","type":"post","link":"https:\/\/acrj.org.br\/index.php\/2025\/11\/28\/palestra-sobre-governanca-politica-2026\/","title":{"rendered":"Palestra sobre Governan\u00e7a Pol\u00edtica 2026"},"content":{"rendered":"\n<p>O Conselho Empresarial de Governan\u00e7a, Compliance e Diversidade da ACRJ encerra suas atividades do ano no dia 5 de dezembro, com a participa\u00e7\u00e3o do professor e pesquisador da UERJ, Geraldo Tadeu Monteiro, que far\u00e1 a palestra <strong>Governan\u00e7a Pol\u00edtica 2026.<\/strong><\/p>\n\n\n\n<p>O encontro ser\u00e1 realizado durante um almo\u00e7o de confraterniza\u00e7\u00e3o no restaurante Vamo Lagoa (almo\u00e7o por ades\u00e3o individual)<\/p>\n\n\n\n<p>&#x1f517; <strong><a href=\"https:\/\/forms.gle\/d5f38KYPqjVNCWaT6\">Acesse aqui <\/a><\/strong>para se inscrever<\/p>\n\n\n\n<p><strong>Servi\u00e7o<\/strong><\/p>\n\n\n\n<p>&#x1f5d3;&#xfe0f; Data: 05\/12\/2025<\/p>\n\n\n\n<p>&#x1f552; Hor\u00e1rio: 12 horas<\/p>\n\n\n\n<p>&#x1f3e2; Local: Restaurante Vamo Lagoa \u2013 Av. Borges de Medeiros, 1111 &#8211; Lagoa<\/p>\n\n\n\n<p>&#x260e; Informa\u00e7\u00f5es: 2514-1203<\/p>\n","protected":false},"excerpt":{"rendered":"<p>O Conselho Empresarial de Governan\u00e7a, Compliance e Diversidade da ACRJ encerra suas atividades do ano no dia 5 de dezembro, com a participa\u00e7\u00e3o do professor&hellip;<\/p>\n","protected":false},"author":3,"featured_media":40146,"comment_status":"closed","ping_status":"closed","sticky":false,"template":"","format":"standard","meta":{"_exactmetrics_skip_tracking":false,"_exactmetrics_sitenote_active":false,"_exactmetrics_sitenote_note":"","_exactmetrics_sitenote_category":0,"footnotes":""},"categories":[83],"tags":[],"class_list":["post-40145","post","type-post","status-publish","format-standard","has-post-thumbnail","hentry","category-eventos_acrj"],"_links":{"self":[{"href":"https:\/\/acrj.org.br\/index.php\/wp-json\/wp\/v2\/posts\/40145","targetHints":{"allow":["GET"]}}],"collection":[{"href":"https:\/\/acrj.org.br\/index.php\/wp-json\/wp\/v2\/posts"}],"about":[{"href":"https:\/\/acrj.org.br\/index.php\/wp-json\/wp\/v2\/types\/post"}],"author":[{"embeddable":true,"href":"https:\/\/acrj.org.br\/index.php\/wp-json\/wp\/v2\/users\/3"}],"replies":[{"embeddable":true,"href":"https:\/\/acrj.org.br\/index.php\/wp-json\/wp\/v2\/comments?post=40145"}],"version-history":[{"count":1,"href":"https:\/\/acrj.org.br\/index.php\/wp-json\/wp\/v2\/posts\/40145\/revisions"}],"predecessor-version":[{"id":42457,"href":"https:\/\/acrj.org.br\/index.php\/wp-json\/wp\/v2\/posts\/40145\/revisions\/42457"}],"wp:featuredmedia":[{"embeddable":true,"href":"https:\/\/acrj.org.br\/index.php\/wp-json\/wp\/v2\/media\/40146"}],"wp:attachment":[{"href":"https:\/\/acrj.org.br\/index.php\/wp-json\/wp\/v2\/media?parent=40145"}],"wp:term":[{"taxonomy":"category","embeddable":true,"href":"https:\/\/acrj.org.br\/index.php\/wp-json\/wp\/v2\/categories?post=40145"},{"taxonomy":"post_tag","embeddable":true,"href":"https:\/\/acrj.org.br\/index.php\/wp-json\/wp\/v2\/tags?post=40145"}],"curies":[{"name":"wp","href":"https:\/\/api.w.org\/{rel}","templated":true}]}}