{"id":40114,"date":"2025-11-11T11:06:00","date_gmt":"2025-11-11T14:06:00","guid":{"rendered":"https:\/\/acrj.org.br\/?p=40114"},"modified":"2025-11-27T13:02:55","modified_gmt":"2025-11-27T16:02:55","slug":"encontro-promovido-pela-cacb-e-acrj-no-rio-de-janeiro-reune-liderancas-empresariais-e-parlamentares","status":"publish","type":"post","link":"https:\/\/acrj.org.br\/index.php\/2025\/11\/11\/encontro-promovido-pela-cacb-e-acrj-no-rio-de-janeiro-reune-liderancas-empresariais-e-parlamentares\/","title":{"rendered":"Encontro promovido pela CACB e ACRJ re\u00fane lideran\u00e7as empresariais e parlamentares"},"content":{"rendered":"\n<p>A Associa\u00e7\u00e3o Comercial do Rio de Janeiro sediou, dia 10 de novembro, a 3\u00aa edi\u00e7\u00e3o do Encontro Nacional de Integra\u00e7\u00e3o do Associativismo, promovido pela Confedera\u00e7\u00e3o das Associa\u00e7\u00f5es Comerciais e Empresariais do Brasil (CACB), em parceria com a ACRJ. A discuss\u00e3o sobre os caminhos para a melhoria do ambiente de neg\u00f3cios no pa\u00eds abriu a s\u00e9rie de debates, que teve a presen\u00e7a dos presidentes da CACB, Alfredo Cotait Neto, da ACRJ, Josier Vilar, do Conselho Superior da ACRJ, Ruy Barreto Filho, e da Facerj (Federa\u00e7\u00e3o das Associa\u00e7\u00f5es Comerciais e Empresariais do Estado do Rio de Janeiro), Robson Carneiro, al\u00e9m do empres\u00e1rio Alexandre Accioly, que fez palestra contando a sua hist\u00f3ria no empreendedorismo. <\/p>\n\n\n\n<p>O encontro tamb\u00e9m contou com a participa\u00e7\u00e3o de parlamentares e lideran\u00e7as empresariais, al\u00e9m de membros da diretoria da ACRJ e dos presidentes de associa\u00e7\u00f5es comerciais que fazem parte do G50+, grupo que re\u00fane as maiores entidades representativas do setor empresarial do pa\u00eds. O objetivo do encontro foi debater propostas de contribuam para o crescimento econ\u00f4mico com seguran\u00e7a jur\u00eddica, previsibilidade e menos cargas tribut\u00e1rias e refor\u00e7ar o papel das entidades associativistas no desenvolvimento econ\u00f4mico do pa\u00eds. <\/p>\n\n\n\n<p>O presidente da CACB, Alfredo Cotait Neto, abriu o encontro indicando pautas de relev\u00e2ncia a serem debatidas no encontro, como a atualiza\u00e7\u00e3o do teto do Simples Nacional e o debate sobre o voto distrital misto, no Congresso Nacional; al\u00e9m da divulga\u00e7\u00e3o do Gasto Brasil, a ferramenta desenvolvida pela confedera\u00e7\u00e3o que demonstra como o governo gasta o dinheiro p\u00fablico. \u201cEsta rede deve estar comprometida e mobilizada com as nossas pautas, com as bandeiras da CACB\u201d, afirmou.<\/p>\n\n\n\n<figure class=\"wp-block-image size-large is-resized\"><img fetchpriority=\"high\" decoding=\"async\" width=\"1688\" height=\"950\" src=\"https:\/\/acrj.org.br\/wp-content\/uploads\/2025\/11\/cotait1-edited.jpg\" alt=\"\" class=\"wp-image-40118\" style=\"width:500px\" srcset=\"https:\/\/acrj.org.br\/wp-content\/uploads\/2025\/11\/cotait1-edited.jpg 1688w, https:\/\/acrj.org.br\/wp-content\/uploads\/2025\/11\/cotait1-edited-300x169.jpg 300w, https:\/\/acrj.org.br\/wp-content\/uploads\/2025\/11\/cotait1-edited-1024x576.jpg 1024w, https:\/\/acrj.org.br\/wp-content\/uploads\/2025\/11\/cotait1-edited-768x432.jpg 768w, https:\/\/acrj.org.br\/wp-content\/uploads\/2025\/11\/cotait1-edited-1536x864.jpg 1536w\" sizes=\"(max-width: 1688px) 100vw, 1688px\" \/><figcaption class=\"wp-element-caption\"><em>Presidente da CACB, Alfredo Cotait<\/em><\/figcaption><\/figure>\n\n\n\n<p>O presidente da ACRJ, Josier Vilar, deu as boas-vindas aos presentes e parabenizou o presidente Alfredo Cotait pela iniciativa do encontro que promoveu uma integra\u00e7\u00e3o entre associa\u00e7\u00f5es representadas pela CACB. \u201cO Rio de Janeiro quer participar muito ativamente desse movimento liderado pelo nosso presidente, Alfredo Cotait, que tem feito um trabalho extraordin\u00e1rio de juntar essas partes para que essa soma seja muito maior do que o individual. Ent\u00e3o, eu agrade\u00e7o, Cotait, o seu esfor\u00e7o, a sua dedica\u00e7\u00e3o, o seu tempo e a sua disponibilidade para transformar a CACB em uma leg\u00edtima representante do associativismo no Brasil e da for\u00e7a da economia colaborativa no desenvolvimento do pa\u00eds\u201d, declarou Josier Vilar.<\/p>\n\n\n\n<p>\u201cEstou muito feliz de estar aqui no Rio de Janeiro e mostrar a import\u00e2ncia da nossa rede de associa\u00e7\u00f5es comerciais, que eu sempre insisto em falar que \u00e9 a \u00fanica rede realmente independente desse pa\u00eds, que faz a defesa do empreendedorismo independentemente de verba governamental\u201d, reiterou Cotait.<\/p>\n\n\n\n<figure class=\"wp-block-image size-large is-resized\"><img decoding=\"async\" width=\"1024\" height=\"559\" src=\"https:\/\/acrj.org.br\/wp-content\/uploads\/2025\/11\/josier-1024x559.jpg\" alt=\"\" class=\"wp-image-40116\" style=\"width:500px\" srcset=\"https:\/\/acrj.org.br\/wp-content\/uploads\/2025\/11\/josier-1024x559.jpg 1024w, https:\/\/acrj.org.br\/wp-content\/uploads\/2025\/11\/josier-300x164.jpg 300w, https:\/\/acrj.org.br\/wp-content\/uploads\/2025\/11\/josier-768x419.jpg 768w, https:\/\/acrj.org.br\/wp-content\/uploads\/2025\/11\/josier-1536x839.jpg 1536w, https:\/\/acrj.org.br\/wp-content\/uploads\/2025\/11\/josier-2048x1118.jpg 2048w\" sizes=\"(max-width: 1024px) 100vw, 1024px\" \/><figcaption class=\"wp-element-caption\"><em>Josier Vilar falou sobre empreendedorismo no Rio de Janeiro<\/em><\/figcaption><\/figure>\n\n\n\n<p>Josier Vilar lembrou o hist\u00f3rico do Rio de Janeiro como capital da Rep\u00fablica que, segundo ele, implicou em uma tradi\u00e7\u00e3o local de \u201cdepend\u00eancia\u201d do Estado. E completou com um discurso que vai al\u00e9m da disposi\u00e7\u00e3o pela mudan\u00e7a de paradigma. \u201cMais do que estar \u00e0 disposi\u00e7\u00e3o, quero conhecer as experi\u00eancias de sucesso e dos fracassos que eventualmente voc\u00eas tenham tido na implanta\u00e7\u00e3o de modelos de empreendedorismo, incentivar esse modelo, para que n\u00f3s transformemos essa cultura no Rio de Janeiro que t\u00ednhamos, de interdepend\u00eancia do setor p\u00fablico\u201d, explicou. \u201cTemos feito um esfor\u00e7o muito grande de transformar o Rio de Janeiro em um estado empreendedor, inovador e capaz de entrar no mundo digital, de fazer a transforma\u00e7\u00e3o digital\u201d, completou.<\/p>\n\n\n\n<p>Um dos momentos mais relevantes foi a homenagem \u00e0 Guilherme Afif Domingos, considerado o \u201cpai\u201d do Simples Nacional. \u201cVamos continuar trabalhando juntos. Quando a gente trabalha junto, a gente se fortalece. Essa homenagem eu divido com todos voc\u00eas e a recebo como um est\u00edmulo para continuar lutando. A cabe\u00e7a puxa o corpo, e \u00e9 esse entusiasmo que devemos ter\u201d, declarou ele.<\/p>\n\n\n\n<figure class=\"wp-block-image size-large is-resized\"><img decoding=\"async\" width=\"1024\" height=\"716\" src=\"https:\/\/acrj.org.br\/wp-content\/uploads\/2025\/11\/afif-1024x716.jpg\" alt=\"\" class=\"wp-image-40119\" style=\"width:500px\" srcset=\"https:\/\/acrj.org.br\/wp-content\/uploads\/2025\/11\/afif-1024x716.jpg 1024w, https:\/\/acrj.org.br\/wp-content\/uploads\/2025\/11\/afif-300x210.jpg 300w, https:\/\/acrj.org.br\/wp-content\/uploads\/2025\/11\/afif-768x537.jpg 768w, https:\/\/acrj.org.br\/wp-content\/uploads\/2025\/11\/afif-1536x1074.jpg 1536w, https:\/\/acrj.org.br\/wp-content\/uploads\/2025\/11\/afif.jpg 1609w\" sizes=\"(max-width: 1024px) 100vw, 1024px\" \/><figcaption class=\"wp-element-caption\"><em>Homenagem a Guilherme Afif Domingues<\/em><\/figcaption><\/figure>\n\n\n\n<p>O encontro recebeu representantes do Congresso Nacional, como os deputados federais Domingos S\u00e1vio (PL\/MG), presidente da Frente Parlamentar de Com\u00e9rcio e Servi\u00e7os (FCS),  Lu\u00eds Carlos Gomes (Republicanos -RJ) e Luiz Gast\u00e3o (PSD-CE), e o deputado estadual Luiz Paulo (PSD-RJ) e o senador Carlos Portinho (PL\/RJ).<\/p>\n\n\n\n<p><strong>Sucesso no Empreendedorismo \u2013\u00a0<\/strong>O painel Hist\u00f3ria de Sucesso no Empreendedorismo teve a presen\u00e7a do empres\u00e1rio Alexandre Accioly, que \u00e9 o 2\u00ba vice-presidente da ACRJ. Ele come\u00e7ou sua trajet\u00f3ria nos neg\u00f3cios aos 17 anos e ainda administra v\u00e1rios empreendimentos no Rio de Janeiro. \u201cO Rio tem uma oportunidade de ouro para se investir em turismo. \u00c9 a nossa voca\u00e7\u00e3o, \u00e9 a nossa hist\u00f3ria e \u00e9 o nosso futuro\u201d. Para empres\u00e1rio, \u201co futuro do Rio de Janeiro est\u00e1 no turismo\u201d e, portanto, os setores de com\u00e9rcio e servi\u00e7os devem se alinhar a esse investimento na economia local.<\/p>\n\n\n\n<figure class=\"wp-block-image size-large is-resized\"><img loading=\"lazy\" decoding=\"async\" width=\"1842\" height=\"1382\" src=\"https:\/\/acrj.org.br\/wp-content\/uploads\/2025\/11\/accioly-edited.jpg\" alt=\"\" class=\"wp-image-40123\" style=\"width:500px\" srcset=\"https:\/\/acrj.org.br\/wp-content\/uploads\/2025\/11\/accioly-edited.jpg 1842w, https:\/\/acrj.org.br\/wp-content\/uploads\/2025\/11\/accioly-edited-300x225.jpg 300w, https:\/\/acrj.org.br\/wp-content\/uploads\/2025\/11\/accioly-edited-1024x768.jpg 1024w, https:\/\/acrj.org.br\/wp-content\/uploads\/2025\/11\/accioly-edited-768x576.jpg 768w, https:\/\/acrj.org.br\/wp-content\/uploads\/2025\/11\/accioly-edited-1536x1152.jpg 1536w\" sizes=\"(max-width: 1842px) 100vw, 1842px\" \/><figcaption class=\"wp-element-caption\"><em>Alexandre Accioly falou sobre sua trajet\u00f3ria de sucesso<\/em><\/figcaption><\/figure>\n\n\n\n<figure class=\"wp-block-image size-large is-resized\"><img loading=\"lazy\" decoding=\"async\" width=\"1024\" height=\"682\" src=\"https:\/\/acrj.org.br\/wp-content\/uploads\/2025\/11\/ruy-1024x682.jpg\" alt=\"\" class=\"wp-image-40131\" style=\"width:500px\" srcset=\"https:\/\/acrj.org.br\/wp-content\/uploads\/2025\/11\/ruy-1024x682.jpg 1024w, https:\/\/acrj.org.br\/wp-content\/uploads\/2025\/11\/ruy-300x200.jpg 300w, https:\/\/acrj.org.br\/wp-content\/uploads\/2025\/11\/ruy-768x512.jpg 768w, https:\/\/acrj.org.br\/wp-content\/uploads\/2025\/11\/ruy-1536x1024.jpg 1536w, https:\/\/acrj.org.br\/wp-content\/uploads\/2025\/11\/ruy.jpg 1688w\" sizes=\"(max-width: 1024px) 100vw, 1024px\" \/><\/figure>\n\n\n\n<figure class=\"wp-block-image size-large is-resized\"><img loading=\"lazy\" decoding=\"async\" width=\"1688\" height=\"950\" src=\"https:\/\/acrj.org.br\/wp-content\/uploads\/2025\/11\/auditorio-edited.jpg\" alt=\"\" class=\"wp-image-40133\" style=\"width:500px\" srcset=\"https:\/\/acrj.org.br\/wp-content\/uploads\/2025\/11\/auditorio-edited.jpg 1688w, https:\/\/acrj.org.br\/wp-content\/uploads\/2025\/11\/auditorio-edited-300x169.jpg 300w, https:\/\/acrj.org.br\/wp-content\/uploads\/2025\/11\/auditorio-edited-1024x576.jpg 1024w, https:\/\/acrj.org.br\/wp-content\/uploads\/2025\/11\/auditorio-edited-768x432.jpg 768w, https:\/\/acrj.org.br\/wp-content\/uploads\/2025\/11\/auditorio-edited-1536x864.jpg 1536w\" sizes=\"(max-width: 1688px) 100vw, 1688px\" \/><\/figure>\n\n\n\n<p><strong>CACB Informa sobre a ACRJ<\/strong><\/p>\n\n\n\n<p>A Confedera\u00e7\u00e3o lan\u00e7ou, durante o evento, o CACB INFORMA de Novembro, uma edi\u00e7\u00e3o especial dedicada \u00e0 ACRJ, com 216 anos de hist\u00f3ria. A publica\u00e7\u00e3o homenageia o papel da entidade e do estado fluminense como pilares do associativismo e do desenvolvimento econ\u00f4mico brasileiro e mostra como o Rio de Janeiro reafirma sua voca\u00e7\u00e3o empreendedora e como o associativismo segue sendo o alicerce do desenvolvimento econ\u00f4mico do pa\u00eds. No jornal, Alfredo Cotait Neto, presidente da CACB, ressalta a relev\u00e2ncia da ACRJ como s\u00edmbolo da for\u00e7a empreendedora e associativista do Rio de Janeiro. E o presidente da Associa\u00e7\u00e3o Comercial do RJ, Josier Vilar, destaca a import\u00e2ncia do empreendedorismo, da inova\u00e7\u00e3o e da liberdade econ\u00f4mica como valores da ACRJ e do Rio de Janeiro. <strong><a href=\"https:\/\/acrj.org.br\/wp-content\/uploads\/2025\/11\/CACB-INFORMA_EE22RIO_NOV_2025-WEB.pdf\">Acesse aqui <\/a><\/strong>a edi\u00e7\u00e3o na \u00edntegra.<\/p>\n\n\n\n<figure class=\"wp-block-image size-full is-resized\"><img loading=\"lazy\" decoding=\"async\" width=\"1436\" height=\"808\" src=\"https:\/\/acrj.org.br\/wp-content\/uploads\/2025\/11\/capa-jornal-edited.jpg\" alt=\"\" class=\"wp-image-40142\" style=\"width:500px\" srcset=\"https:\/\/acrj.org.br\/wp-content\/uploads\/2025\/11\/capa-jornal-edited.jpg 1436w, https:\/\/acrj.org.br\/wp-content\/uploads\/2025\/11\/capa-jornal-edited-300x169.jpg 300w, https:\/\/acrj.org.br\/wp-content\/uploads\/2025\/11\/capa-jornal-edited-1024x576.jpg 1024w, https:\/\/acrj.org.br\/wp-content\/uploads\/2025\/11\/capa-jornal-edited-768x432.jpg 768w\" sizes=\"(max-width: 1436px) 100vw, 1436px\" \/><\/figure>\n\n\n\n<p>Fotos: Arhur Waismann<\/p>\n\n\n\n<p>Em parceria com a Comunica\u00e7\u00e3o CACB. <strong><a href=\"https:\/\/cacb.org.br\/setor-produtivo-aponta-caminhos-para-melhoria-do-ambiente-de-negocios\/\">Leia mais<\/a><\/strong><\/p>\n","protected":false},"excerpt":{"rendered":"<p>A Associa\u00e7\u00e3o Comercial do Rio de Janeiro sediou, dia 10 de novembro, a 3\u00aa edi\u00e7\u00e3o do Encontro Nacional de Integra\u00e7\u00e3o do Associativismo, promovido pela Confedera\u00e7\u00e3o&hellip;<\/p>\n","protected":false},"author":3,"featured_media":40115,"comment_status":"closed","ping_status":"closed","sticky":false,"template":"","format":"standard","meta":{"_exactmetrics_skip_tracking":false,"_exactmetrics_sitenote_active":false,"_exactmetrics_sitenote_note":"","_exactmetrics_sitenote_category":0,"footnotes":""},"categories":[6,10],"tags":[],"class_list":["post-40114","post","type-post","status-publish","format-standard","has-post-thumbnail","hentry","category-destaque_noticias","category-noticias"],"_links":{"self":[{"href":"https:\/\/acrj.org.br\/index.php\/wp-json\/wp\/v2\/posts\/40114","targetHints":{"allow":["GET"]}}],"collection":[{"href":"https:\/\/acrj.org.br\/index.php\/wp-json\/wp\/v2\/posts"}],"about":[{"href":"https:\/\/acrj.org.br\/index.php\/wp-json\/wp\/v2\/types\/post"}],"author":[{"embeddable":true,"href":"https:\/\/acrj.org.br\/index.php\/wp-json\/wp\/v2\/users\/3"}],"replies":[{"embeddable":true,"href":"https:\/\/acrj.org.br\/index.php\/wp-json\/wp\/v2\/comments?post=40114"}],"version-history":[{"count":0,"href":"https:\/\/acrj.org.br\/index.php\/wp-json\/wp\/v2\/posts\/40114\/revisions"}],"wp:featuredmedia":[{"embeddable":true,"href":"https:\/\/acrj.org.br\/index.php\/wp-json\/wp\/v2\/media\/40115"}],"wp:attachment":[{"href":"https:\/\/acrj.org.br\/index.php\/wp-json\/wp\/v2\/media?parent=40114"}],"wp:term":[{"taxonomy":"category","embeddable":true,"href":"https:\/\/acrj.org.br\/index.php\/wp-json\/wp\/v2\/categories?post=40114"},{"taxonomy":"post_tag","embeddable":true,"href":"https:\/\/acrj.org.br\/index.php\/wp-json\/wp\/v2\/tags?post=40114"}],"curies":[{"name":"wp","href":"https:\/\/api.w.org\/{rel}","templated":true}]}}