{"id":40111,"date":"2025-11-11T10:28:53","date_gmt":"2025-11-11T13:28:53","guid":{"rendered":"https:\/\/acrj.org.br\/?p=40111"},"modified":"2025-11-12T12:51:25","modified_gmt":"2025-11-12T15:51:25","slug":"encontro-com-o-fotografo-e-pintor-carlos-vergara-no-conselho-de-cultura","status":"publish","type":"post","link":"https:\/\/acrj.org.br\/index.php\/2025\/11\/11\/encontro-com-o-fotografo-e-pintor-carlos-vergara-no-conselho-de-cultura\/","title":{"rendered":"Encontro com o fot\u00f3grafo e pintor Carlos Vergara no Conselho de Cultura"},"content":{"rendered":"\n<p>A ACRJ recebe, nesta 4\u00aa feira (12\/11), o fot\u00f3grafo e pintor Carlos Vergara, que vai participara da reuni\u00e3o mensal do  Conselho Empresarial de Cultura. Ele far\u00e1 a palestra &#8220;Di\u00e1logos entre Culturas: o encontro entre a arte contempor\u00e2nea e a cultura do vinho&#8221;.<\/p>\n\n\n\n<p>&#x1f193; Evento gratuito mediante inscri\u00e7\u00e3o pr\u00e9via. <strong><a href=\"https:\/\/forms.gle\/1XG4HKzX8oVffFsN7\">Acesse aqui<\/a><\/strong><\/p>\n\n\n\n<p><strong>Servi\u00e7o<\/strong><\/p>\n\n\n\n<p>&#x1f5d3;&#xfe0f; Dia 12\/11 &#8211; 10h<\/p>\n\n\n\n<p>&#x1f3e2; Sede da ACRJ &#8211; Rua Candel\u00e1ria,9\/12o andar &#8211; Centro do Rio<\/p>\n","protected":false},"excerpt":{"rendered":"<p>A ACRJ recebe, nesta 4\u00aa feira (12\/11), o fot\u00f3grafo e pintor Carlos Vergara, que vai participara da reuni\u00e3o mensal do Conselho Empresarial de Cultura. Ele&hellip;<\/p>\n","protected":false},"author":3,"featured_media":40112,"comment_status":"closed","ping_status":"closed","sticky":false,"template":"","format":"standard","meta":{"_exactmetrics_skip_tracking":false,"_exactmetrics_sitenote_active":false,"_exactmetrics_sitenote_note":"","_exactmetrics_sitenote_category":0,"footnotes":""},"categories":[83],"tags":[],"class_list":["post-40111","post","type-post","status-publish","format-standard","has-post-thumbnail","hentry","category-eventos_acrj"],"_links":{"self":[{"href":"https:\/\/acrj.org.br\/index.php\/wp-json\/wp\/v2\/posts\/40111","targetHints":{"allow":["GET"]}}],"collection":[{"href":"https:\/\/acrj.org.br\/index.php\/wp-json\/wp\/v2\/posts"}],"about":[{"href":"https:\/\/acrj.org.br\/index.php\/wp-json\/wp\/v2\/types\/post"}],"author":[{"embeddable":true,"href":"https:\/\/acrj.org.br\/index.php\/wp-json\/wp\/v2\/users\/3"}],"replies":[{"embeddable":true,"href":"https:\/\/acrj.org.br\/index.php\/wp-json\/wp\/v2\/comments?post=40111"}],"version-history":[{"count":0,"href":"https:\/\/acrj.org.br\/index.php\/wp-json\/wp\/v2\/posts\/40111\/revisions"}],"wp:featuredmedia":[{"embeddable":true,"href":"https:\/\/acrj.org.br\/index.php\/wp-json\/wp\/v2\/media\/40112"}],"wp:attachment":[{"href":"https:\/\/acrj.org.br\/index.php\/wp-json\/wp\/v2\/media?parent=40111"}],"wp:term":[{"taxonomy":"category","embeddable":true,"href":"https:\/\/acrj.org.br\/index.php\/wp-json\/wp\/v2\/categories?post=40111"},{"taxonomy":"post_tag","embeddable":true,"href":"https:\/\/acrj.org.br\/index.php\/wp-json\/wp\/v2\/tags?post=40111"}],"curies":[{"name":"wp","href":"https:\/\/api.w.org\/{rel}","templated":true}]}}