{"id":40088,"date":"2025-11-13T14:40:49","date_gmt":"2025-11-13T17:40:49","guid":{"rendered":"https:\/\/acrj.org.br\/?p=40088"},"modified":"2025-11-28T16:37:28","modified_gmt":"2025-11-28T19:37:28","slug":"acrj-recebe-o-governador-do-rio-grande-do-sul-eduardo-leite-para-o-almoco-do-empresario","status":"publish","type":"post","link":"https:\/\/acrj.org.br\/index.php\/2025\/11\/13\/acrj-recebe-o-governador-do-rio-grande-do-sul-eduardo-leite-para-o-almoco-do-empresario\/","title":{"rendered":"ACRJ receber\u00e1 o governador do Rio Grande do Sul, Eduardo Leite, para o Almo\u00e7o do Empres\u00e1rio"},"content":{"rendered":"\n<p>A ACRJ promove, dia 28 de novembro, \u00e0s 12h30, um almo\u00e7o com a participa\u00e7\u00e3o do governador Eduardo Leite, que vai falar sobre &#8220;Um novo modelo de gest\u00e3o p\u00fablica: a experi\u00eancia do Rio Grande do Sul\u201d.<\/p>\n\n\n\n<p>&#x1f517; Confirma\u00e7\u00f5es at\u00e9 <strong>dia 25\/11<\/strong> &#8211; Fa\u00e7a sua ades\u00e3o <strong><a href=\"https:\/\/forms.gle\/fHqxPgw2bwWvTg7f8\">aqui<\/a><\/strong><\/p>\n\n\n\n<p><strong>SERVI\u00c7O<\/strong><br><br>&#x1f5d3;&#xfe0f; 28 de novembro \u2013 12h30<\/p>\n\n\n\n<p>&#x1f3e2;O encontro ser\u00e1 realizado na sede da Associa\u00e7\u00e3o Comercial, no Centro do Rio &#8211; Rua Candel\u00e1ria, 9.<\/p>\n\n\n\n<p>&#x260e;&#xfe0f; Outras informa\u00e7\u00f5es sobre evento pelos telefones: 21-2514-1206 \/\/ 21 &#8211; 2514-1280.<\/p>\n","protected":false},"excerpt":{"rendered":"<p>A ACRJ promove, dia 28 de novembro, \u00e0s 12h30, um almo\u00e7o com a participa\u00e7\u00e3o do governador Eduardo Leite, que vai falar sobre &#8220;Um novo modelo&hellip;<\/p>\n","protected":false},"author":3,"featured_media":40092,"comment_status":"closed","ping_status":"closed","sticky":false,"template":"","format":"standard","meta":{"_exactmetrics_skip_tracking":false,"_exactmetrics_sitenote_active":false,"_exactmetrics_sitenote_note":"","_exactmetrics_sitenote_category":0,"footnotes":""},"categories":[83],"tags":[],"class_list":["post-40088","post","type-post","status-publish","format-standard","has-post-thumbnail","hentry","category-eventos_acrj"],"_links":{"self":[{"href":"https:\/\/acrj.org.br\/index.php\/wp-json\/wp\/v2\/posts\/40088","targetHints":{"allow":["GET"]}}],"collection":[{"href":"https:\/\/acrj.org.br\/index.php\/wp-json\/wp\/v2\/posts"}],"about":[{"href":"https:\/\/acrj.org.br\/index.php\/wp-json\/wp\/v2\/types\/post"}],"author":[{"embeddable":true,"href":"https:\/\/acrj.org.br\/index.php\/wp-json\/wp\/v2\/users\/3"}],"replies":[{"embeddable":true,"href":"https:\/\/acrj.org.br\/index.php\/wp-json\/wp\/v2\/comments?post=40088"}],"version-history":[{"count":0,"href":"https:\/\/acrj.org.br\/index.php\/wp-json\/wp\/v2\/posts\/40088\/revisions"}],"wp:featuredmedia":[{"embeddable":true,"href":"https:\/\/acrj.org.br\/index.php\/wp-json\/wp\/v2\/media\/40092"}],"wp:attachment":[{"href":"https:\/\/acrj.org.br\/index.php\/wp-json\/wp\/v2\/media?parent=40088"}],"wp:term":[{"taxonomy":"category","embeddable":true,"href":"https:\/\/acrj.org.br\/index.php\/wp-json\/wp\/v2\/categories?post=40088"},{"taxonomy":"post_tag","embeddable":true,"href":"https:\/\/acrj.org.br\/index.php\/wp-json\/wp\/v2\/tags?post=40088"}],"curies":[{"name":"wp","href":"https:\/\/api.w.org\/{rel}","templated":true}]}}