{"id":39835,"date":"2025-10-21T12:04:05","date_gmt":"2025-10-21T15:04:05","guid":{"rendered":"https:\/\/acrj.org.br\/?p=39835"},"modified":"2025-10-24T15:54:46","modified_gmt":"2025-10-24T18:54:46","slug":"palestra-analise-economica-e-estrategias-para-o-varejo-brasileiro","status":"publish","type":"post","link":"https:\/\/acrj.org.br\/index.php\/2025\/10\/21\/palestra-analise-economica-e-estrategias-para-o-varejo-brasileiro\/","title":{"rendered":"Palestra &#8220;An\u00e1lise Econ\u00f4mica e Estrat\u00e9gias para o Varejo Brasileiro&#8221;"},"content":{"rendered":"\n<p>O economista-chefe da CNC (Confedera\u00e7\u00e3o Nacional do Com\u00e9rcio de Bens e Servi\u00e7os), F\u00e1bio Bentes, \u00e9 o convidado da reuni\u00e3o conjunta dos Conselhos Empresariais de Varejo, Desenvolvimento Econ\u00f4mico e Mercado de Capitais e Empreendedorismo e da Pequena e M\u00e9dia Empresa.<\/p>\n\n\n\n<p>&#x1f193; O encontro, que ser\u00e1 realizado dia 24 de outubro, \u00e0s 10h, \u00e9 gratuito, mediante inscri\u00e7\u00e3o pr\u00e9via.<\/p>\n\n\n\n<p>&#x1f517; <strong><a href=\"https:\/\/forms.gle\/CsE4CUzmonWMynV27\">Acesse aqui <\/a><\/strong>para se inscrever&nbsp;<\/p>\n\n\n\n<p><strong>SERVI\u00c7O<\/strong><\/p>\n\n\n\n<p>&#x1f5d3;&#xfe0f; 24\/10\/2025<\/p>\n\n\n\n<p>&#x1f552; 10 horas<\/p>\n\n\n\n<p>&#x1f3e2; Sede da Associa\u00e7\u00e3o Comercial do RJ &#8211; ACRJ &#8211; Rua Candel\u00e1ria, 9\/12\u00ba andar &#8211; Centro &#8211; RJ<\/p>\n\n\n\n<p>&#x260e; Informa\u00e7\u00f5es: 2514-1203<\/p>\n\n\n\n<figure class=\"wp-block-image size-large is-resized\"><img fetchpriority=\"high\" decoding=\"async\" width=\"734\" height=\"1024\" src=\"https:\/\/acrj.org.br\/wp-content\/uploads\/2025\/10\/reuniao-24_out-2-734x1024.jpeg\" alt=\"\" class=\"wp-image-39846\" style=\"width:500px\" srcset=\"https:\/\/acrj.org.br\/wp-content\/uploads\/2025\/10\/reuniao-24_out-2-734x1024.jpeg 734w, https:\/\/acrj.org.br\/wp-content\/uploads\/2025\/10\/reuniao-24_out-2-215x300.jpeg 215w, https:\/\/acrj.org.br\/wp-content\/uploads\/2025\/10\/reuniao-24_out-2-768x1071.jpeg 768w, https:\/\/acrj.org.br\/wp-content\/uploads\/2025\/10\/reuniao-24_out-2-1101x1536.jpeg 1101w, https:\/\/acrj.org.br\/wp-content\/uploads\/2025\/10\/reuniao-24_out-2.jpeg 1147w\" sizes=\"(max-width: 734px) 100vw, 734px\" \/><\/figure>\n","protected":false},"excerpt":{"rendered":"<p>O economista-chefe da CNC (Confedera\u00e7\u00e3o Nacional do Com\u00e9rcio de Bens e Servi\u00e7os), F\u00e1bio Bentes, \u00e9 o convidado da reuni\u00e3o conjunta dos Conselhos Empresariais de Varejo,&hellip;<\/p>\n","protected":false},"author":3,"featured_media":39838,"comment_status":"closed","ping_status":"closed","sticky":false,"template":"","format":"standard","meta":{"_exactmetrics_skip_tracking":false,"_exactmetrics_sitenote_active":false,"_exactmetrics_sitenote_note":"","_exactmetrics_sitenote_category":0,"footnotes":""},"categories":[55,83],"tags":[],"class_list":["post-39835","post","type-post","status-publish","format-standard","has-post-thumbnail","hentry","category-destaque_eventos","category-eventos_acrj"],"_links":{"self":[{"href":"https:\/\/acrj.org.br\/index.php\/wp-json\/wp\/v2\/posts\/39835","targetHints":{"allow":["GET"]}}],"collection":[{"href":"https:\/\/acrj.org.br\/index.php\/wp-json\/wp\/v2\/posts"}],"about":[{"href":"https:\/\/acrj.org.br\/index.php\/wp-json\/wp\/v2\/types\/post"}],"author":[{"embeddable":true,"href":"https:\/\/acrj.org.br\/index.php\/wp-json\/wp\/v2\/users\/3"}],"replies":[{"embeddable":true,"href":"https:\/\/acrj.org.br\/index.php\/wp-json\/wp\/v2\/comments?post=39835"}],"version-history":[{"count":0,"href":"https:\/\/acrj.org.br\/index.php\/wp-json\/wp\/v2\/posts\/39835\/revisions"}],"wp:featuredmedia":[{"embeddable":true,"href":"https:\/\/acrj.org.br\/index.php\/wp-json\/wp\/v2\/media\/39838"}],"wp:attachment":[{"href":"https:\/\/acrj.org.br\/index.php\/wp-json\/wp\/v2\/media?parent=39835"}],"wp:term":[{"taxonomy":"category","embeddable":true,"href":"https:\/\/acrj.org.br\/index.php\/wp-json\/wp\/v2\/categories?post=39835"},{"taxonomy":"post_tag","embeddable":true,"href":"https:\/\/acrj.org.br\/index.php\/wp-json\/wp\/v2\/tags?post=39835"}],"curies":[{"name":"wp","href":"https:\/\/api.w.org\/{rel}","templated":true}]}}