{"id":39788,"date":"2025-10-15T16:36:23","date_gmt":"2025-10-15T19:36:23","guid":{"rendered":"https:\/\/acrj.org.br\/?p=39788"},"modified":"2025-10-21T10:48:12","modified_gmt":"2025-10-21T13:48:12","slug":"delegacao-da-universidade-de-macau-visita-a-acrj-para-estreitar-lacos-e-propor-parcerias","status":"publish","type":"post","link":"https:\/\/acrj.org.br\/index.php\/2025\/10\/15\/delegacao-da-universidade-de-macau-visita-a-acrj-para-estreitar-lacos-e-propor-parcerias\/","title":{"rendered":"Delega\u00e7\u00e3o da Universidade de Macau visita a ACRJ para estreitar la\u00e7os e propor parcerias"},"content":{"rendered":"\n<p>O presidente da ACRJ, Josier Vilar, recebeu nesta quarta-feira (15\/10) uma delega\u00e7\u00e3o composta por 21 membros da Universidade de Macau, na China. Os convidados foram recebidos pelo presidente, que esteve acompanhado do presidente do Conselho Superior, Ruy Barreto Filho, e de membros da Diretoria da ACRJ.<\/p>\n\n\n\n<figure class=\"wp-block-image size-large is-resized\"><img fetchpriority=\"high\" decoding=\"async\" width=\"1024\" height=\"468\" src=\"https:\/\/acrj.org.br\/wp-content\/uploads\/2025\/10\/mesa1-scaled-e1760621471536-1024x468.jpeg\" alt=\"\" class=\"wp-image-39796\" style=\"width:500px\" srcset=\"https:\/\/acrj.org.br\/wp-content\/uploads\/2025\/10\/mesa1-scaled-e1760621471536-1024x468.jpeg 1024w, https:\/\/acrj.org.br\/wp-content\/uploads\/2025\/10\/mesa1-scaled-e1760621471536-300x137.jpeg 300w, https:\/\/acrj.org.br\/wp-content\/uploads\/2025\/10\/mesa1-scaled-e1760621471536-768x351.jpeg 768w, https:\/\/acrj.org.br\/wp-content\/uploads\/2025\/10\/mesa1-scaled-e1760621471536-1536x702.jpeg 1536w, https:\/\/acrj.org.br\/wp-content\/uploads\/2025\/10\/mesa1-scaled-e1760621471536-2048x936.jpeg 2048w\" sizes=\"(max-width: 1024px) 100vw, 1024px\" \/><\/figure>\n\n\n\n<p>A visita teve como objetivo conhecer as potencialidades econ\u00f4micas e institucionais do Rio de Janeiro e discutir oportunidades de coopera\u00e7\u00e3o entre o ambiente acad\u00eamico e o setor empresarial. Durante o encontro, a comitiva da Universidade de Macau apresentou o projeto que pretende posicionar Macau como porta de entrada para o mercado chin\u00eas, valorizando sua heran\u00e7a cultural portuguesa e a afinidade lingu\u00edstica com o Brasil. A proposta \u00e9 iniciar essa aproxima\u00e7\u00e3o por meio de parcerias acad\u00eamicas, criando uma base de conhecimento que sustente futuras a\u00e7\u00f5es empresariais e comerciais.<\/p>\n\n\n\n<figure class=\"wp-block-image size-large is-resized\"><img decoding=\"async\" width=\"1024\" height=\"576\" src=\"https:\/\/acrj.org.br\/wp-content\/uploads\/2025\/10\/mesa-edited-1024x576.jpeg\" alt=\"\" class=\"wp-image-39794\" style=\"width:500px\" srcset=\"https:\/\/acrj.org.br\/wp-content\/uploads\/2025\/10\/mesa-edited-1024x576.jpeg 1024w, https:\/\/acrj.org.br\/wp-content\/uploads\/2025\/10\/mesa-edited-300x169.jpeg 300w, https:\/\/acrj.org.br\/wp-content\/uploads\/2025\/10\/mesa-edited-768x432.jpeg 768w, https:\/\/acrj.org.br\/wp-content\/uploads\/2025\/10\/mesa-edited-1536x864.jpeg 1536w, https:\/\/acrj.org.br\/wp-content\/uploads\/2025\/10\/mesa-edited-2048x1151.jpeg 2048w\" sizes=\"(max-width: 1024px) 100vw, 1024px\" \/><\/figure>\n\n\n\n<p>A ACRJ e a Universidade de Macau j\u00e1 discutem a forma\u00e7\u00e3o de uma delega\u00e7\u00e3o brasileira para visitar a cidade chinesa, com o intuito de promover interc\u00e2mbios institucionais e ampliar o acesso de empresas aos mercados asi\u00e1ticos.<\/p>\n\n\n\n<p>Segundo o presidente Josier Vilar, essa \u00e9 a primeira iniciativa de uma agenda mais ampla de coopera\u00e7\u00e3o internacional, que incluir\u00e1 a\u00e7\u00f5es de qualifica\u00e7\u00e3o institucional e associativa, visando fortalecer o papel de Macau como principal porta de entrada para empres\u00e1rios brasileiros no mercado chin\u00eas.<\/p>\n\n\n\n<figure class=\"wp-block-image size-full is-resized\"><img decoding=\"async\" width=\"944\" height=\"531\" src=\"https:\/\/acrj.org.br\/wp-content\/uploads\/2025\/10\/josier-e-robert-edited.jpeg\" alt=\"\" class=\"wp-image-39801\" style=\"width:500px\" srcset=\"https:\/\/acrj.org.br\/wp-content\/uploads\/2025\/10\/josier-e-robert-edited.jpeg 944w, https:\/\/acrj.org.br\/wp-content\/uploads\/2025\/10\/josier-e-robert-edited-300x169.jpeg 300w, https:\/\/acrj.org.br\/wp-content\/uploads\/2025\/10\/josier-e-robert-edited-768x432.jpeg 768w\" sizes=\"(max-width: 944px) 100vw, 944px\" \/><figcaption class=\"wp-element-caption\"><em>Jose Alves, reitor da Faculty Business da <\/em><br><em>Univsersity of Macau, Josier Vilar e Robert Janssen, da Assespro<\/em><\/figcaption><\/figure>\n\n\n\n<figure class=\"wp-block-image size-large is-resized\"><img loading=\"lazy\" decoding=\"async\" width=\"1600\" height=\"900\" src=\"https:\/\/acrj.org.br\/wp-content\/uploads\/2025\/10\/josier-com-alunos-edited.jpeg\" alt=\"\" class=\"wp-image-39799\" style=\"width:500px\" srcset=\"https:\/\/acrj.org.br\/wp-content\/uploads\/2025\/10\/josier-com-alunos-edited.jpeg 1600w, https:\/\/acrj.org.br\/wp-content\/uploads\/2025\/10\/josier-com-alunos-edited-300x169.jpeg 300w, https:\/\/acrj.org.br\/wp-content\/uploads\/2025\/10\/josier-com-alunos-edited-1024x576.jpeg 1024w, https:\/\/acrj.org.br\/wp-content\/uploads\/2025\/10\/josier-com-alunos-edited-768x432.jpeg 768w, https:\/\/acrj.org.br\/wp-content\/uploads\/2025\/10\/josier-com-alunos-edited-1536x864.jpeg 1536w\" sizes=\"(max-width: 1600px) 100vw, 1600px\" \/><\/figure>\n\n\n\n<figure class=\"wp-block-image size-large is-resized\"><img loading=\"lazy\" decoding=\"async\" width=\"1024\" height=\"683\" src=\"https:\/\/acrj.org.br\/wp-content\/uploads\/2025\/10\/WhatsApp-Image-2025-10-15-at-12.34.06-edited-1024x683.jpeg\" alt=\"\" class=\"wp-image-39803\" style=\"width:500px\" srcset=\"https:\/\/acrj.org.br\/wp-content\/uploads\/2025\/10\/WhatsApp-Image-2025-10-15-at-12.34.06-edited-1024x683.jpeg 1024w, https:\/\/acrj.org.br\/wp-content\/uploads\/2025\/10\/WhatsApp-Image-2025-10-15-at-12.34.06-edited-300x200.jpeg 300w, https:\/\/acrj.org.br\/wp-content\/uploads\/2025\/10\/WhatsApp-Image-2025-10-15-at-12.34.06-edited-768x512.jpeg 768w, https:\/\/acrj.org.br\/wp-content\/uploads\/2025\/10\/WhatsApp-Image-2025-10-15-at-12.34.06-edited.jpeg 1200w\" sizes=\"(max-width: 1024px) 100vw, 1024px\" \/><figcaption class=\"wp-element-caption\"><em>Josier Vilar com o professor Hui King Man<\/em>, <em>vice-reitor<\/em><\/figcaption><\/figure>\n","protected":false},"excerpt":{"rendered":"<p>O presidente da ACRJ, Josier Vilar, recebeu nesta quarta-feira (15\/10) uma delega\u00e7\u00e3o composta por 21 membros da Universidade de Macau, na China. Os convidados foram&hellip;<\/p>\n","protected":false},"author":3,"featured_media":39790,"comment_status":"closed","ping_status":"closed","sticky":false,"template":"","format":"standard","meta":{"_exactmetrics_skip_tracking":false,"_exactmetrics_sitenote_active":false,"_exactmetrics_sitenote_note":"","_exactmetrics_sitenote_category":0,"footnotes":""},"categories":[10],"tags":[],"class_list":["post-39788","post","type-post","status-publish","format-standard","has-post-thumbnail","hentry","category-noticias"],"_links":{"self":[{"href":"https:\/\/acrj.org.br\/index.php\/wp-json\/wp\/v2\/posts\/39788","targetHints":{"allow":["GET"]}}],"collection":[{"href":"https:\/\/acrj.org.br\/index.php\/wp-json\/wp\/v2\/posts"}],"about":[{"href":"https:\/\/acrj.org.br\/index.php\/wp-json\/wp\/v2\/types\/post"}],"author":[{"embeddable":true,"href":"https:\/\/acrj.org.br\/index.php\/wp-json\/wp\/v2\/users\/3"}],"replies":[{"embeddable":true,"href":"https:\/\/acrj.org.br\/index.php\/wp-json\/wp\/v2\/comments?post=39788"}],"version-history":[{"count":0,"href":"https:\/\/acrj.org.br\/index.php\/wp-json\/wp\/v2\/posts\/39788\/revisions"}],"wp:featuredmedia":[{"embeddable":true,"href":"https:\/\/acrj.org.br\/index.php\/wp-json\/wp\/v2\/media\/39790"}],"wp:attachment":[{"href":"https:\/\/acrj.org.br\/index.php\/wp-json\/wp\/v2\/media?parent=39788"}],"wp:term":[{"taxonomy":"category","embeddable":true,"href":"https:\/\/acrj.org.br\/index.php\/wp-json\/wp\/v2\/categories?post=39788"},{"taxonomy":"post_tag","embeddable":true,"href":"https:\/\/acrj.org.br\/index.php\/wp-json\/wp\/v2\/tags?post=39788"}],"curies":[{"name":"wp","href":"https:\/\/api.w.org\/{rel}","templated":true}]}}