{"id":39723,"date":"2025-10-13T17:11:58","date_gmt":"2025-10-13T20:11:58","guid":{"rendered":"https:\/\/acrj.org.br\/?p=39723"},"modified":"2025-11-03T13:53:26","modified_gmt":"2025-11-03T16:53:26","slug":"forum-rio-empreendedor-um-rio-em-permanente-movimento","status":"publish","type":"post","link":"https:\/\/acrj.org.br\/index.php\/2025\/10\/13\/forum-rio-empreendedor-um-rio-em-permanente-movimento\/","title":{"rendered":"III F\u00f3rum Rio Empreendedor: um Rio em permanente movimento"},"content":{"rendered":"\n<p>O III F\u00f3rum Rio Empreendedor reafirmou o papel da ACRJ como ponto de encontro entre os diferentes agentes que constroem o desenvolvimento do estado. Em dois dias de evento, dias 8 e 9 de outubro, o p\u00fablico acompanhou debates sobre temas estrat\u00e9gicos e tamb\u00e9m vivenciou experi\u00eancias que conectaram hist\u00f3ria, cultura e oportunidades de neg\u00f3cios.<\/p>\n\n\n\n<p>Mais do que um ciclo de mesas e pain\u00e9is, o F\u00f3rum se transformou em uma vitrine do que o Rio tem de melhor: sua capacidade de se reinventar, unir tradi\u00e7\u00e3o e futuro, criar pontes entre setores diversos. Os espa\u00e7os interativos \u2014 Rio de Trajet\u00f3rias, Rio de Conex\u00f5es, Rio de Sabores, Rio da Economia Solid\u00e1ria e Rio de Ideias \u2014 deram vida a essa proposta de integra\u00e7\u00e3o.<\/p>\n\n\n\n<figure class=\"wp-block-image size-large is-resized\"><img fetchpriority=\"high\" decoding=\"async\" width=\"1024\" height=\"682\" src=\"https:\/\/acrj.org.br\/wp-content\/uploads\/2025\/10\/14o-andar-1-1024x682.jpeg\" alt=\"\" class=\"wp-image-40017\" style=\"width:500px\" srcset=\"https:\/\/acrj.org.br\/wp-content\/uploads\/2025\/10\/14o-andar-1-1024x682.jpeg 1024w, https:\/\/acrj.org.br\/wp-content\/uploads\/2025\/10\/14o-andar-1-300x200.jpeg 300w, https:\/\/acrj.org.br\/wp-content\/uploads\/2025\/10\/14o-andar-1-768x512.jpeg 768w, https:\/\/acrj.org.br\/wp-content\/uploads\/2025\/10\/14o-andar-1.jpeg 1280w\" sizes=\"(max-width: 1024px) 100vw, 1024px\" \/><\/figure>\n\n\n\n<p>No espa\u00e7o da ACRJ, uma \u00e1rea dedicada ao Bar\u00e3o de Mau\u00e1 atraiu o p\u00fablico para registrar momentos ao lado do maior empres\u00e1rio do s\u00e9culo 19. Al\u00e9m disso, a Associa\u00e7\u00e3o Comercial apresentou seu projeto Ninho do Empreendedor, uma iniciativa estrat\u00e9gica que nasce para transformar a experi\u00eancia de quem deseja empreender ou expandir seu neg\u00f3cio no estado do Rio de Janeiro e que estar\u00e1 funcionando a partir do ano que vem no pr\u00e9dio da ACRJ.<\/p>\n\n\n\n<p>O Rio de Trajet\u00f3rias apresentou uma linha do tempo imersiva que celebrou a hist\u00f3ria da Associa\u00e7\u00e3o Comercial e o legado do empresariado fluminense, mostrando como passado e futuro se entrela\u00e7am no desenvolvimento do estado.<\/p>\n\n\n\n<figure class=\"wp-block-image size-large is-resized\"><img decoding=\"async\" width=\"1688\" height=\"950\" src=\"https:\/\/acrj.org.br\/wp-content\/uploads\/2025\/10\/rio-de-trajetorias1-1-edited.jpg\" alt=\"\" class=\"wp-image-40019\" style=\"width:500px\" srcset=\"https:\/\/acrj.org.br\/wp-content\/uploads\/2025\/10\/rio-de-trajetorias1-1-edited.jpg 1688w, https:\/\/acrj.org.br\/wp-content\/uploads\/2025\/10\/rio-de-trajetorias1-1-edited-300x169.jpg 300w, https:\/\/acrj.org.br\/wp-content\/uploads\/2025\/10\/rio-de-trajetorias1-1-edited-1024x576.jpg 1024w, https:\/\/acrj.org.br\/wp-content\/uploads\/2025\/10\/rio-de-trajetorias1-1-edited-768x432.jpg 768w, https:\/\/acrj.org.br\/wp-content\/uploads\/2025\/10\/rio-de-trajetorias1-1-edited-1536x864.jpg 1536w\" sizes=\"(max-width: 1688px) 100vw, 1688px\" \/><\/figure>\n\n\n\n<p>No Rio de Conex\u00f5es, o p\u00fablico encontrou um ambiente pulsante de networking e novos neg\u00f3cios, aproximando empreendedores, investidores e produtores de diferentes regi\u00f5es. J\u00e1 o Rio de Sabores encantou pela experi\u00eancia sensorial: um espa\u00e7o dedicado \u00e0 gastronomia local e aos produtos artesanais que expressam a identidade e a criatividade do estado. O Rio da Economia Solid\u00e1ria, foi um espa\u00e7o colaborativo que reuniu empreendedores do Conselho Empresarial de Comunidades, Economia Solid\u00e1ria, Microempreendedorismo e Terceiro Setor da ACRJ para apresentar seus produtos e servi\u00e7os. O Rio de Ideias se destacou como um palco de trocas criativas, debates inspiradores e experi\u00eancias de cocria\u00e7\u00e3o voltadas para inova\u00e7\u00e3o e sustentabilidade.<\/p>\n\n\n\n<div class=\"wp-block-columns is-layout-flex wp-container-core-columns-is-layout-9d6595d7 wp-block-columns-is-layout-flex\">\n<div class=\"wp-block-column is-layout-flow wp-block-column-is-layout-flow\">\n<figure class=\"wp-block-image size-large\"><img decoding=\"async\" width=\"1024\" height=\"682\" src=\"https:\/\/acrj.org.br\/wp-content\/uploads\/2025\/10\/Imagem2-1024x682.jpg\" alt=\"\" class=\"wp-image-40020\" srcset=\"https:\/\/acrj.org.br\/wp-content\/uploads\/2025\/10\/Imagem2-1024x682.jpg 1024w, https:\/\/acrj.org.br\/wp-content\/uploads\/2025\/10\/Imagem2-300x200.jpg 300w, https:\/\/acrj.org.br\/wp-content\/uploads\/2025\/10\/Imagem2-768x512.jpg 768w, https:\/\/acrj.org.br\/wp-content\/uploads\/2025\/10\/Imagem2-1536x1024.jpg 1536w, https:\/\/acrj.org.br\/wp-content\/uploads\/2025\/10\/Imagem2.jpg 1688w\" sizes=\"(max-width: 1024px) 100vw, 1024px\" \/><\/figure>\n<\/div>\n\n\n\n<div class=\"wp-block-column is-layout-flow wp-block-column-is-layout-flow\">\n<figure class=\"wp-block-image size-large\"><img loading=\"lazy\" decoding=\"async\" width=\"1024\" height=\"682\" src=\"https:\/\/acrj.org.br\/wp-content\/uploads\/2025\/10\/Imagem3-1024x682.jpg\" alt=\"\" class=\"wp-image-40021\" srcset=\"https:\/\/acrj.org.br\/wp-content\/uploads\/2025\/10\/Imagem3-1024x682.jpg 1024w, https:\/\/acrj.org.br\/wp-content\/uploads\/2025\/10\/Imagem3-300x200.jpg 300w, https:\/\/acrj.org.br\/wp-content\/uploads\/2025\/10\/Imagem3-768x512.jpg 768w, https:\/\/acrj.org.br\/wp-content\/uploads\/2025\/10\/Imagem3-1536x1024.jpg 1536w, https:\/\/acrj.org.br\/wp-content\/uploads\/2025\/10\/Imagem3.jpg 1688w\" sizes=\"(max-width: 1024px) 100vw, 1024px\" \/><\/figure>\n<\/div>\n<\/div>\n\n\n\n<p>Confira os momentos do evento <a href=\"https:\/\/drive.google.com\/drive\/folders\/1s__cfEPWcAkbdYfZokuL0ZL3WybfjFas?usp=sharing\"><strong><mark style=\"background-color:rgba(0, 0, 0, 0)\" class=\"has-inline-color has-vivid-cyan-blue-color\">aqui<\/mark><\/strong><\/a><\/p>\n\n\n\n<p>Os v\u00eddeos das palestras est\u00e3o dispon\u00edveis do Canal ACRJ Divulga no YouTube.&nbsp;<strong><mark><a href=\"https:\/\/www.youtube.com\/playlist?list=PLmhlNA2jryPr0waISmKChIFNWpB7cvRzr\"><mark style=\"background-color:rgba(0, 0, 0, 0)\" class=\"has-inline-color has-vivid-cyan-blue-color\">Acesse aqui<\/mark><\/a><\/mark><\/strong><\/p>\n\n\n\n<p><br><\/p>\n\n\n\n<p>Fotos: Adolfo Castro<\/p>\n\n\n\n<p><\/p>\n","protected":false},"excerpt":{"rendered":"<p>O III F\u00f3rum Rio Empreendedor reafirmou o papel da ACRJ como ponto de encontro entre os diferentes agentes que constroem o desenvolvimento do estado. Em&hellip;<\/p>\n","protected":false},"author":3,"featured_media":39724,"comment_status":"closed","ping_status":"closed","sticky":false,"template":"","format":"standard","meta":{"_exactmetrics_skip_tracking":false,"_exactmetrics_sitenote_active":false,"_exactmetrics_sitenote_note":"","_exactmetrics_sitenote_category":0,"footnotes":""},"categories":[10],"tags":[],"class_list":["post-39723","post","type-post","status-publish","format-standard","has-post-thumbnail","hentry","category-noticias"],"_links":{"self":[{"href":"https:\/\/acrj.org.br\/index.php\/wp-json\/wp\/v2\/posts\/39723","targetHints":{"allow":["GET"]}}],"collection":[{"href":"https:\/\/acrj.org.br\/index.php\/wp-json\/wp\/v2\/posts"}],"about":[{"href":"https:\/\/acrj.org.br\/index.php\/wp-json\/wp\/v2\/types\/post"}],"author":[{"embeddable":true,"href":"https:\/\/acrj.org.br\/index.php\/wp-json\/wp\/v2\/users\/3"}],"replies":[{"embeddable":true,"href":"https:\/\/acrj.org.br\/index.php\/wp-json\/wp\/v2\/comments?post=39723"}],"version-history":[{"count":0,"href":"https:\/\/acrj.org.br\/index.php\/wp-json\/wp\/v2\/posts\/39723\/revisions"}],"wp:featuredmedia":[{"embeddable":true,"href":"https:\/\/acrj.org.br\/index.php\/wp-json\/wp\/v2\/media\/39724"}],"wp:attachment":[{"href":"https:\/\/acrj.org.br\/index.php\/wp-json\/wp\/v2\/media?parent=39723"}],"wp:term":[{"taxonomy":"category","embeddable":true,"href":"https:\/\/acrj.org.br\/index.php\/wp-json\/wp\/v2\/categories?post=39723"},{"taxonomy":"post_tag","embeddable":true,"href":"https:\/\/acrj.org.br\/index.php\/wp-json\/wp\/v2\/tags?post=39723"}],"curies":[{"name":"wp","href":"https:\/\/api.w.org\/{rel}","templated":true}]}}