{"id":39647,"date":"2025-10-10T10:46:05","date_gmt":"2025-10-10T13:46:05","guid":{"rendered":"https:\/\/acrj.org.br\/?p=39647"},"modified":"2025-11-03T13:54:05","modified_gmt":"2025-11-03T16:54:05","slug":"iii-forum-rio-empreendedor-participantes-apontam-solucoes-para-um-estado-mais-seguro-inovador-e-acolhedor","status":"publish","type":"post","link":"https:\/\/acrj.org.br\/index.php\/2025\/10\/10\/iii-forum-rio-empreendedor-participantes-apontam-solucoes-para-um-estado-mais-seguro-inovador-e-acolhedor\/","title":{"rendered":"III F\u00f3rum Rio Empreendedor: participantes apontam solu\u00e7\u00f5es para um estado mais seguro, inovador e acolhedor"},"content":{"rendered":"\n<p>Casa cheia, com cerca de 1.200 participantes, a terceira edi\u00e7\u00e3o do F\u00f3rum Rio Empreendedor, promovido pela ACRJ, reuniu poder p\u00fablico, empres\u00e1rios e a sociedade para debater o &#8220;Rio que queremos&#8221;, tema do evento este ano.<\/p>\n\n\n\n<p>&#8220;O Rio que queremos \u00e9 um Rio integrado&#8221;. Essa foi a t\u00f4nica do primeiro dia do III F\u00f3rum Rio Empreendedor, no dia 8\/10. Sob diferentes enfoques \u2014 da mobilidade \u00e0 seguran\u00e7a, da cultura \u00e0 inova\u00e7\u00e3o \u2014, o evento revelou um consenso: o desenvolvimento fluminense depende da capacidade de di\u00e1logo e coopera\u00e7\u00e3o entre diversos setores.<\/p>\n\n\n\n<p>A abertura contou com as participa\u00e7\u00f5es do presidente da ACRJ, Josier Vilar, moderando o painel, Antonio Vilela (Firjan), secret\u00e1rio de Estado Nicola Miccione, secret\u00e1rio municipal Osmar Lima, Guilherme Merc\u00eas (Fecom\u00e9rcio RJ), Robson Carneiro (Facerj e Sebrae Rio). O tom foi de otimismo e realismo. O presidente Josier Vilar ressaltou que o Rio precisa estar conectado ao seu tempo. \u201cA cidade quer estar alinhada \u00e0 tecnologia e ser um lugar atrativo para se empreender, se visitar e se investir\u201d, afirmou.<\/p>\n\n\n\n<figure class=\"wp-block-image size-large is-resized\"><img fetchpriority=\"high\" decoding=\"async\" width=\"1024\" height=\"678\" src=\"https:\/\/acrj.org.br\/wp-content\/uploads\/2025\/10\/josier-1024x678.jpg\" alt=\"\" class=\"wp-image-39655\" style=\"width:500px\" srcset=\"https:\/\/acrj.org.br\/wp-content\/uploads\/2025\/10\/josier-1024x678.jpg 1024w, https:\/\/acrj.org.br\/wp-content\/uploads\/2025\/10\/josier-300x199.jpg 300w, https:\/\/acrj.org.br\/wp-content\/uploads\/2025\/10\/josier-768x509.jpg 768w, https:\/\/acrj.org.br\/wp-content\/uploads\/2025\/10\/josier-1536x1018.jpg 1536w, https:\/\/acrj.org.br\/wp-content\/uploads\/2025\/10\/josier.jpg 1698w\" sizes=\"(max-width: 1024px) 100vw, 1024px\" \/><figcaption class=\"wp-element-caption\"><em>Antonio Vilela, secret\u00e1rio Nicola Miccione, Josier Vilar e o secret\u00e1rio Osmar Lima <\/em><\/figcaption><\/figure>\n\n\n\n<p>O secret\u00e1rio da Casa Civil do Governo do Estado, Nicola Miccione, por sua vez, destacou o avan\u00e7o da desburocratiza\u00e7\u00e3o e o fortalecimento do di\u00e1logo com o setor produtivo. \u201cO Rio de Janeiro sempre vai ter problemas, e precisamos solucion\u00e1-los. Olho mais o copo meio cheio do que meio vazio: o Rio melhorou muito nos \u00faltimos anos, mas ainda tem desafios\u201d.<\/p>\n\n\n\n<p>A seguran\u00e7a p\u00fablica, tema inevit\u00e1vel quando se fala em empreender no estado, permeou todas as discuss\u00f5es do dia. O secret\u00e1rio de Estado de Seguran\u00e7a, Victor Carvalho, participou do painel mediado pelo delegado da Pol\u00edcia Federal, Marcelo Itagiba, com as participa\u00e7\u00f5es do consultor Camilo D&#8217;ornellas, do coordenador geral do Disque Den\u00fancia., Renato Almeida, e do vice-presidente da ACRJ e presidente da Fetranscarga, Eduardo Rebuzzi. Foi consenso que apenas com integra\u00e7\u00e3o e coordena\u00e7\u00e3o entre setores ser\u00e1 poss\u00edvel enfrentar o problema. <\/p>\n\n\n\n<p>O mesmo esp\u00edrito norteou os debates sobre mobilidade urbana, cultura e inova\u00e7\u00e3o. As falas apontaram para a necessidade de projetos metropolitanos que unam esfor\u00e7os e tornem o Rio mais acess\u00edvel e conectado, seja por meio de um transporte eficiente, de pol\u00edticas culturais integradas ou da aproxima\u00e7\u00e3o entre universidades, empresas&nbsp; e poder p\u00fablico.<\/p>\n\n\n\n<p>\u201cPrecisamos vender melhor nossos atrativos e manter os talentos aqui\u201d, destacou F\u00e1bio Ferrari, do Grupo Visagio, em uma das mesas sobre inova\u00e7\u00e3o. Encerrando o dia, ficou evidente que o Rio \u00e9, por si s\u00f3, uma marca \u2014 uma cidade que acolhe, cria e inspira. \u201cParis \u00e9 a cidade mais bonita criada pelo homem e o Rio \u00e9 a cidade mais bonita criada por Deus\u201d, elogiou Patrick Sabatier, diretor da L\u2019Or\u00e9al no Brasil.<\/p>\n\n\n\n<p>A frase serviu como s\u00edntese de um sentimento compartilhado entre os participantes: o de que o Rio, apesar dos desafios, continua sendo um terreno f\u00e9rtil para empreender, investir e acreditar \u2014 desde que suas for\u00e7as caminhem juntas.<\/p>\n\n\n\n<div class=\"wp-block-columns is-layout-flex wp-container-core-columns-is-layout-9d6595d7 wp-block-columns-is-layout-flex\">\n<div class=\"wp-block-column is-layout-flow wp-block-column-is-layout-flow\" style=\"flex-basis:50%\">\n<figure class=\"wp-block-image size-large\"><img decoding=\"async\" width=\"1698\" height=\"956\" src=\"https:\/\/acrj.org.br\/wp-content\/uploads\/2025\/10\/nicola1-edited-1.jpg\" alt=\"\" class=\"wp-image-39659\" srcset=\"https:\/\/acrj.org.br\/wp-content\/uploads\/2025\/10\/nicola1-edited-1.jpg 1698w, https:\/\/acrj.org.br\/wp-content\/uploads\/2025\/10\/nicola1-edited-1-300x169.jpg 300w, https:\/\/acrj.org.br\/wp-content\/uploads\/2025\/10\/nicola1-edited-1-1024x577.jpg 1024w, https:\/\/acrj.org.br\/wp-content\/uploads\/2025\/10\/nicola1-edited-1-768x432.jpg 768w, https:\/\/acrj.org.br\/wp-content\/uploads\/2025\/10\/nicola1-edited-1-1536x865.jpg 1536w\" sizes=\"(max-width: 1698px) 100vw, 1698px\" \/><\/figure>\n<\/div>\n\n\n\n<div class=\"wp-block-column is-layout-flow wp-block-column-is-layout-flow\" style=\"flex-basis:50%\">\n<figure class=\"wp-block-image size-large\"><img decoding=\"async\" width=\"1518\" height=\"854\" src=\"https:\/\/acrj.org.br\/wp-content\/uploads\/2025\/10\/painel-edited-1.jpg\" alt=\"\" class=\"wp-image-39691\" srcset=\"https:\/\/acrj.org.br\/wp-content\/uploads\/2025\/10\/painel-edited-1.jpg 1518w, https:\/\/acrj.org.br\/wp-content\/uploads\/2025\/10\/painel-edited-1-300x169.jpg 300w, https:\/\/acrj.org.br\/wp-content\/uploads\/2025\/10\/painel-edited-1-1024x576.jpg 1024w, https:\/\/acrj.org.br\/wp-content\/uploads\/2025\/10\/painel-edited-1-768x432.jpg 768w\" sizes=\"(max-width: 1518px) 100vw, 1518px\" \/><\/figure>\n<\/div>\n<\/div>\n\n\n\n<div class=\"wp-block-columns is-layout-flex wp-container-core-columns-is-layout-9d6595d7 wp-block-columns-is-layout-flex\">\n<div class=\"wp-block-column is-layout-flow wp-block-column-is-layout-flow\" style=\"flex-basis:50%\">\n<figure class=\"wp-block-image size-large\"><img loading=\"lazy\" decoding=\"async\" width=\"1420\" height=\"799\" src=\"https:\/\/acrj.org.br\/wp-content\/uploads\/2025\/10\/sectrario-de-seguranca-1-edited.jpg\" alt=\"\" class=\"wp-image-39667\" srcset=\"https:\/\/acrj.org.br\/wp-content\/uploads\/2025\/10\/sectrario-de-seguranca-1-edited.jpg 1420w, https:\/\/acrj.org.br\/wp-content\/uploads\/2025\/10\/sectrario-de-seguranca-1-edited-300x169.jpg 300w, https:\/\/acrj.org.br\/wp-content\/uploads\/2025\/10\/sectrario-de-seguranca-1-edited-1024x576.jpg 1024w, https:\/\/acrj.org.br\/wp-content\/uploads\/2025\/10\/sectrario-de-seguranca-1-edited-768x432.jpg 768w\" sizes=\"(max-width: 1420px) 100vw, 1420px\" \/><\/figure>\n<\/div>\n\n\n\n<div class=\"wp-block-column is-layout-flow wp-block-column-is-layout-flow\" style=\"flex-basis:50%\">\n<figure class=\"wp-block-image size-large\"><img loading=\"lazy\" decoding=\"async\" width=\"1600\" height=\"900\" src=\"https:\/\/acrj.org.br\/wp-content\/uploads\/2025\/10\/painel-mulheres-edited.jpeg\" alt=\"\" class=\"wp-image-39699\" srcset=\"https:\/\/acrj.org.br\/wp-content\/uploads\/2025\/10\/painel-mulheres-edited.jpeg 1600w, https:\/\/acrj.org.br\/wp-content\/uploads\/2025\/10\/painel-mulheres-edited-300x169.jpeg 300w, https:\/\/acrj.org.br\/wp-content\/uploads\/2025\/10\/painel-mulheres-edited-1024x576.jpeg 1024w, https:\/\/acrj.org.br\/wp-content\/uploads\/2025\/10\/painel-mulheres-edited-768x432.jpeg 768w, https:\/\/acrj.org.br\/wp-content\/uploads\/2025\/10\/painel-mulheres-edited-1536x864.jpeg 1536w\" sizes=\"(max-width: 1600px) 100vw, 1600px\" \/><\/figure>\n<\/div>\n<\/div>\n\n\n\n<p><strong>2\u00ba dia de debates exalta as oportunidades que o estado oferece<\/strong><\/p>\n\n\n\n<p>Se na abertura do lll F\u00f3rum Rio Empreendedor a palavra-chave foi integra\u00e7\u00e3o, o segundo exaltou as oportunidades que o estado oferece \u2014 comerciais, tecnol\u00f3gicas e territoriais. A bola rolou em um segmento que concentra poder de atra\u00e7\u00e3o e economia: o futebol. O painel, moderado pelo presidente do Conselho Superior da ACRJ, Ruy Barreto Filho, mostrou que o esporte vai muito al\u00e9m das quatro linhas e pode ser um vetor de turismo, inova\u00e7\u00e3o e gera\u00e7\u00e3o de renda. \u201cO futebol \u00e9 o maior entretenimento do Rio de Janeiro. Temos aqui o melhor espet\u00e1culo, mas ainda usamos mal ferramentas como o programa de s\u00f3cio-torcedor, que poderiam aproximar o p\u00fablico e gerar valor real para os clubes e para a cidade&#8221;, disse<\/p>\n\n\n\n<p>O presidente do Flamengo acrescentou: \u201cHoje falta conex\u00e3o em um mundo que nunca esteve t\u00e3o conectado. Mais do que investir, \u00e9 preciso integrar as pontas. Conectar os esfor\u00e7os entre clubes, cidade e setor de turismo para receber melhor o visitante e aproveitar os momentos certos para essa intera\u00e7\u00e3o.\u201d A ideia de convergir atra\u00e7\u00f5es \u2014 est\u00e1dios, calend\u00e1rio e oferta tur\u00edstica \u2014 voltou em diferentes interven\u00e7\u00f5es como caminho para estender a estadia do visitante e aumentar receita local.<\/p>\n\n\n\n<figure class=\"wp-block-image size-large is-resized\"><img loading=\"lazy\" decoding=\"async\" width=\"1024\" height=\"609\" src=\"https:\/\/acrj.org.br\/wp-content\/uploads\/2025\/10\/BAP-1024x609.jpg\" alt=\"\" class=\"wp-image-39697\" style=\"width:500px\" srcset=\"https:\/\/acrj.org.br\/wp-content\/uploads\/2025\/10\/BAP-1024x609.jpg 1024w, https:\/\/acrj.org.br\/wp-content\/uploads\/2025\/10\/BAP-300x178.jpg 300w, https:\/\/acrj.org.br\/wp-content\/uploads\/2025\/10\/BAP-768x457.jpg 768w, https:\/\/acrj.org.br\/wp-content\/uploads\/2025\/10\/BAP-1536x913.jpg 1536w, https:\/\/acrj.org.br\/wp-content\/uploads\/2025\/10\/BAP.jpg 1566w\" sizes=\"(max-width: 1024px) 100vw, 1024px\" \/><\/figure>\n\n\n\n<p>As discuss\u00f5es no F\u00f3rum evolu\u00edram para temas estruturantes: energia e transi\u00e7\u00e3o, inova\u00e7\u00e3o corporativa, economia circular e regula\u00e7\u00e3o para parcerias p\u00fablico privadas. No painel sobre energia, ficou claro o potencial do interior do estado para novos investimentos e a dimens\u00e3o econ\u00f4mica da transi\u00e7\u00e3o. \u201cO interior do estado tem oportunidades concretas, m\u00e3o de obra qualificada, espa\u00e7o para investimentos e uma estrutura em expans\u00e3o\u201d, afirmou Gabriel Kropsch.<\/p>\n\n\n\n<p>Em conjunto com o debate \u201cLiderando com inova\u00e7\u00e3o\u201d e \u201cDesvendando oportunidades da economia circular\u201d, a mensagem foi un\u00e2nime: tecnologia, capital humano e modelos de neg\u00f3cio circulares s\u00e3o pe\u00e7as-chave para transformar voca\u00e7\u00f5es em neg\u00f3cios sustent\u00e1veis.<\/p>\n\n\n\n<p>O encerramento do ciclo de debates do dia aproximou temas institucionais e sociais: sucess\u00e3o em empresas familiares e o papel das mulheres no empreendedorismo estiveram entre as pautas que trataram de regula\u00e7\u00e3o, governan\u00e7a e diversidade como motores do crescimento.<\/p>\n\n\n\n<p>Pensar o futuro tamb\u00e9m passou pelo passado: a conversa \u201cDe Irineu Evangelista a Irineu Marinho \u2014 um legado de empreendedorismo e inova\u00e7\u00e3o para o Rio e o pa\u00eds\u201d, mediada por Ancelmo Gois, lembrou trajet\u00f3rias que ajudaram a moldar a economia local e convidou o p\u00fablico a usar essas li\u00e7\u00f5es para projetar novos caminhos. <strong><a href=\"https:\/\/acrj.org.br\/index.php\/2025\/10\/10\/forum-rio-empreendedor-legados-de-irineu-marinho-e-barao-de-maua-apontam-para-o-futuro\/\"><mark style=\"background-color:rgba(0, 0, 0, 0)\" class=\"has-inline-color has-vivid-cyan-blue-color\">Leia aqui<\/mark><\/a><\/strong> a mat\u00e9ria na \u00edntegra.<\/p>\n\n\n\n<p><strong>O que o Rio tem de melhor<\/strong><\/p>\n\n\n\n<p>No espa\u00e7o do Hall e do 14\u00ba andar, a edi\u00e7\u00e3o deste ano apresentou novidades em rela\u00e7\u00e3o \u00e0s anteriores, com v\u00e1rios espa\u00e7os interativos para o p\u00fablico: o espa\u00e7o<strong> Rio de Trajet\u00f3rias<\/strong>, localizado no hall de entrada do pr\u00e9dio, ser\u00e1 um ambiente concebido para celebrar a hist\u00f3ria, a inova\u00e7\u00e3o e o legado da ACRJ e do empresariado fluminense; o espa\u00e7o <strong>Rio de Conex\u00f5es<\/strong>, um ambiente din\u00e2mico e interativo, criado para ser o ponto central de networking e gera\u00e7\u00e3o de neg\u00f3cios; o <strong>Rio de Sabores<\/strong>, um convite para experimentar a autenticidade e a diversidade da gastronomia fluminense; o <strong>Rio de Ideias<\/strong> uma sala interativa do F\u00f3rum, com palco de debates inspiradores, trocas criativas e experi\u00eancias de cocria\u00e7\u00e3o; e o espa\u00e7o <strong>Rio da Economia Solid\u00e1ria<\/strong>, espa\u00e7o colaborativo que reuniu empreendedores do Conselho Empresarial de Comunidades, Economia Solid\u00e1ria, Microempreendedorismo e Terceiro Setor da ACRJ. Leia mais <strong><a href=\"https:\/\/acrj.org.br\/index.php\/2025\/10\/13\/forum-rio-empreendedor-um-rio-em-permanente-movimento\/\"><mark style=\"background-color:rgba(0, 0, 0, 0)\" class=\"has-inline-color has-vivid-cyan-blue-color\">aqui<\/mark><\/a><\/strong><\/p>\n\n\n\n<div class=\"wp-block-columns is-layout-flex wp-container-core-columns-is-layout-9d6595d7 wp-block-columns-is-layout-flex\">\n<div class=\"wp-block-column is-layout-flow wp-block-column-is-layout-flow\" style=\"flex-basis:50%\">\n<figure class=\"wp-block-image size-large\"><img loading=\"lazy\" decoding=\"async\" width=\"1024\" height=\"573\" src=\"https:\/\/acrj.org.br\/wp-content\/uploads\/2025\/10\/Imagem1-1024x573.jpg\" alt=\"\" class=\"wp-image-39763\" srcset=\"https:\/\/acrj.org.br\/wp-content\/uploads\/2025\/10\/Imagem1-1024x573.jpg 1024w, https:\/\/acrj.org.br\/wp-content\/uploads\/2025\/10\/Imagem1-300x168.jpg 300w, https:\/\/acrj.org.br\/wp-content\/uploads\/2025\/10\/Imagem1-768x430.jpg 768w, https:\/\/acrj.org.br\/wp-content\/uploads\/2025\/10\/Imagem1-1536x860.jpg 1536w, https:\/\/acrj.org.br\/wp-content\/uploads\/2025\/10\/Imagem1.jpg 1688w\" sizes=\"(max-width: 1024px) 100vw, 1024px\" \/><\/figure>\n<\/div>\n\n\n\n<div class=\"wp-block-column is-layout-flow wp-block-column-is-layout-flow\" style=\"flex-basis:50%\">\n<figure class=\"wp-block-image size-large\"><img loading=\"lazy\" decoding=\"async\" width=\"1280\" height=\"720\" src=\"https:\/\/acrj.org.br\/wp-content\/uploads\/2025\/10\/14o-andar-edited.jpeg\" alt=\"\" class=\"wp-image-39765\" srcset=\"https:\/\/acrj.org.br\/wp-content\/uploads\/2025\/10\/14o-andar-edited.jpeg 1280w, https:\/\/acrj.org.br\/wp-content\/uploads\/2025\/10\/14o-andar-edited-300x169.jpeg 300w, https:\/\/acrj.org.br\/wp-content\/uploads\/2025\/10\/14o-andar-edited-1024x576.jpeg 1024w, https:\/\/acrj.org.br\/wp-content\/uploads\/2025\/10\/14o-andar-edited-768x432.jpeg 768w\" sizes=\"(max-width: 1280px) 100vw, 1280px\" \/><\/figure>\n<\/div>\n<\/div>\n\n\n\n<div class=\"wp-block-columns is-layout-flex wp-container-core-columns-is-layout-9d6595d7 wp-block-columns-is-layout-flex\">\n<div class=\"wp-block-column is-layout-flow wp-block-column-is-layout-flow\" style=\"flex-basis:50%\">\n<figure class=\"wp-block-image size-large\"><img loading=\"lazy\" decoding=\"async\" width=\"1688\" height=\"950\" src=\"https:\/\/acrj.org.br\/wp-content\/uploads\/2025\/10\/painel-CEOs-edited.jpg\" alt=\"\" class=\"wp-image-39696\" srcset=\"https:\/\/acrj.org.br\/wp-content\/uploads\/2025\/10\/painel-CEOs-edited.jpg 1688w, https:\/\/acrj.org.br\/wp-content\/uploads\/2025\/10\/painel-CEOs-edited-300x169.jpg 300w, https:\/\/acrj.org.br\/wp-content\/uploads\/2025\/10\/painel-CEOs-edited-1024x576.jpg 1024w, https:\/\/acrj.org.br\/wp-content\/uploads\/2025\/10\/painel-CEOs-edited-768x432.jpg 768w, https:\/\/acrj.org.br\/wp-content\/uploads\/2025\/10\/painel-CEOs-edited-1536x864.jpg 1536w\" sizes=\"(max-width: 1688px) 100vw, 1688px\" \/><\/figure>\n<\/div>\n\n\n\n<div class=\"wp-block-column is-layout-flow wp-block-column-is-layout-flow\" style=\"flex-basis:50%\">\n<figure class=\"wp-block-image size-large\"><img loading=\"lazy\" decoding=\"async\" width=\"1688\" height=\"950\" src=\"https:\/\/acrj.org.br\/wp-content\/uploads\/2025\/10\/Painel-Economia-circular-edited.jpg\" alt=\"\" class=\"wp-image-39700\" srcset=\"https:\/\/acrj.org.br\/wp-content\/uploads\/2025\/10\/Painel-Economia-circular-edited.jpg 1688w, https:\/\/acrj.org.br\/wp-content\/uploads\/2025\/10\/Painel-Economia-circular-edited-300x169.jpg 300w, https:\/\/acrj.org.br\/wp-content\/uploads\/2025\/10\/Painel-Economia-circular-edited-1024x576.jpg 1024w, https:\/\/acrj.org.br\/wp-content\/uploads\/2025\/10\/Painel-Economia-circular-edited-768x432.jpg 768w, https:\/\/acrj.org.br\/wp-content\/uploads\/2025\/10\/Painel-Economia-circular-edited-1536x864.jpg 1536w\" sizes=\"(max-width: 1688px) 100vw, 1688px\" \/><\/figure>\n\n\n\n<p><\/p>\n<\/div>\n<\/div>\n\n\n\n<div class=\"wp-block-columns is-layout-flex wp-container-core-columns-is-layout-9d6595d7 wp-block-columns-is-layout-flex\">\n<div class=\"wp-block-column is-layout-flow wp-block-column-is-layout-flow\" style=\"flex-basis:50%\">\n<figure class=\"wp-block-image size-large\"><img loading=\"lazy\" decoding=\"async\" width=\"1024\" height=\"678\" src=\"https:\/\/acrj.org.br\/wp-content\/uploads\/2025\/10\/accioly-1024x678.jpeg\" alt=\"\" class=\"wp-image-39701\" srcset=\"https:\/\/acrj.org.br\/wp-content\/uploads\/2025\/10\/accioly-1024x678.jpeg 1024w, https:\/\/acrj.org.br\/wp-content\/uploads\/2025\/10\/accioly-300x199.jpeg 300w, https:\/\/acrj.org.br\/wp-content\/uploads\/2025\/10\/accioly-768x508.jpeg 768w, https:\/\/acrj.org.br\/wp-content\/uploads\/2025\/10\/accioly-1536x1017.jpeg 1536w, https:\/\/acrj.org.br\/wp-content\/uploads\/2025\/10\/accioly.jpeg 1600w\" sizes=\"(max-width: 1024px) 100vw, 1024px\" \/><\/figure>\n<\/div>\n\n\n\n<div class=\"wp-block-column is-layout-flow wp-block-column-is-layout-flow\" style=\"flex-basis:50%\">\n<figure class=\"wp-block-image size-large\"><img loading=\"lazy\" decoding=\"async\" width=\"1632\" height=\"1088\" src=\"https:\/\/acrj.org.br\/wp-content\/uploads\/2025\/10\/energia-edited.jpg\" alt=\"\" class=\"wp-image-39703\" srcset=\"https:\/\/acrj.org.br\/wp-content\/uploads\/2025\/10\/energia-edited.jpg 1632w, https:\/\/acrj.org.br\/wp-content\/uploads\/2025\/10\/energia-edited-300x200.jpg 300w, https:\/\/acrj.org.br\/wp-content\/uploads\/2025\/10\/energia-edited-1024x683.jpg 1024w, https:\/\/acrj.org.br\/wp-content\/uploads\/2025\/10\/energia-edited-768x512.jpg 768w, https:\/\/acrj.org.br\/wp-content\/uploads\/2025\/10\/energia-edited-1536x1024.jpg 1536w\" sizes=\"(max-width: 1632px) 100vw, 1632px\" \/><\/figure>\n<\/div>\n<\/div>\n\n\n\n<p>Confira os momentos do F\u00f3rum<mark style=\"background-color:rgba(0, 0, 0, 0)\" class=\"has-inline-color has-vivid-cyan-blue-color\"> <\/mark><strong><a href=\"https:\/\/drive.google.com\/drive\/folders\/1s__cfEPWcAkbdYfZokuL0ZL3WybfjFas?usp=sharing\"><mark style=\"background-color:rgba(0, 0, 0, 0)\" class=\"has-inline-color has-vivid-cyan-blue-color\">aqui<\/mark><\/a><\/strong><\/p>\n\n\n\n<p>Os v\u00eddeos das palestras est\u00e3o dispon\u00edveis do Canal ACRJ Divulga no YouTube. <strong><a href=\"https:\/\/www.youtube.com\/playlist?list=PLmhlNA2jryPr0waISmKChIFNWpB7cvRzr\"><mark style=\"background-color:rgba(0, 0, 0, 0)\" class=\"has-inline-color has-vivid-cyan-blue-color\">Acesse aqui<\/mark><\/a><\/strong><\/p>\n\n\n\n<p><br>Fotos: Adolfo Castro e Estefan Radovicz<br><br><\/p>\n\n\n\n<p><\/p>\n","protected":false},"excerpt":{"rendered":"<p>Casa cheia, com cerca de 1.200 participantes, a terceira edi\u00e7\u00e3o do F\u00f3rum Rio Empreendedor, promovido pela ACRJ, reuniu poder p\u00fablico, empres\u00e1rios e a sociedade para&hellip;<\/p>\n","protected":false},"author":3,"featured_media":39649,"comment_status":"closed","ping_status":"closed","sticky":false,"template":"","format":"standard","meta":{"_exactmetrics_skip_tracking":false,"_exactmetrics_sitenote_active":false,"_exactmetrics_sitenote_note":"","_exactmetrics_sitenote_category":0,"footnotes":""},"categories":[10],"tags":[],"class_list":["post-39647","post","type-post","status-publish","format-standard","has-post-thumbnail","hentry","category-noticias"],"_links":{"self":[{"href":"https:\/\/acrj.org.br\/index.php\/wp-json\/wp\/v2\/posts\/39647","targetHints":{"allow":["GET"]}}],"collection":[{"href":"https:\/\/acrj.org.br\/index.php\/wp-json\/wp\/v2\/posts"}],"about":[{"href":"https:\/\/acrj.org.br\/index.php\/wp-json\/wp\/v2\/types\/post"}],"author":[{"embeddable":true,"href":"https:\/\/acrj.org.br\/index.php\/wp-json\/wp\/v2\/users\/3"}],"replies":[{"embeddable":true,"href":"https:\/\/acrj.org.br\/index.php\/wp-json\/wp\/v2\/comments?post=39647"}],"version-history":[{"count":0,"href":"https:\/\/acrj.org.br\/index.php\/wp-json\/wp\/v2\/posts\/39647\/revisions"}],"wp:featuredmedia":[{"embeddable":true,"href":"https:\/\/acrj.org.br\/index.php\/wp-json\/wp\/v2\/media\/39649"}],"wp:attachment":[{"href":"https:\/\/acrj.org.br\/index.php\/wp-json\/wp\/v2\/media?parent=39647"}],"wp:term":[{"taxonomy":"category","embeddable":true,"href":"https:\/\/acrj.org.br\/index.php\/wp-json\/wp\/v2\/categories?post=39647"},{"taxonomy":"post_tag","embeddable":true,"href":"https:\/\/acrj.org.br\/index.php\/wp-json\/wp\/v2\/tags?post=39647"}],"curies":[{"name":"wp","href":"https:\/\/api.w.org\/{rel}","templated":true}]}}