{"id":39299,"date":"2025-10-02T13:16:10","date_gmt":"2025-10-02T16:16:10","guid":{"rendered":"https:\/\/acrj.org.br\/?p=39299"},"modified":"2025-10-07T15:36:27","modified_gmt":"2025-10-07T18:36:27","slug":"rio-de-conexoes","status":"publish","type":"post","link":"https:\/\/acrj.org.br\/index.php\/2025\/10\/02\/rio-de-conexoes\/","title":{"rendered":"Rio de Conex\u00f5es"},"content":{"rendered":"\t\t<div data-elementor-type=\"wp-post\" data-elementor-id=\"39299\" class=\"elementor elementor-39299\" data-elementor-post-type=\"post\">\n\t\t\t\t\t\t<section class=\"elementor-section elementor-top-section elementor-element elementor-element-8f8b638 elementor-section-stretched elementor-section-boxed elementor-section-height-default elementor-section-height-default\" data-id=\"8f8b638\" data-element_type=\"section\" data-e-type=\"section\" data-settings=\"{&quot;stretch_section&quot;:&quot;section-stretched&quot;,&quot;background_background&quot;:&quot;classic&quot;}\">\n\t\t\t\t\t\t<div class=\"elementor-container elementor-column-gap-default\">\n\t\t\t\t\t<div class=\"elementor-column elementor-col-100 elementor-top-column elementor-element elementor-element-4dbfe2e\" data-id=\"4dbfe2e\" data-element_type=\"column\" data-e-type=\"column\" data-settings=\"{&quot;background_background&quot;:&quot;classic&quot;}\">\n\t\t\t<div class=\"elementor-widget-wrap elementor-element-populated\">\n\t\t\t\t\t\t<div class=\"elementor-element elementor-element-e432a8a elementor-widget elementor-widget-spacer\" data-id=\"e432a8a\" data-element_type=\"widget\" data-e-type=\"widget\" data-widget_type=\"spacer.default\">\n\t\t\t\t<div class=\"elementor-widget-container\">\n\t\t\t\t\t\t\t<div class=\"elementor-spacer\">\n\t\t\t<div class=\"elementor-spacer-inner\"><\/div>\n\t\t<\/div>\n\t\t\t\t\t\t<\/div>\n\t\t\t\t<\/div>\n\t\t\t\t<div class=\"elementor-element elementor-element-b6257c6 elementor-widget elementor-widget-image\" data-id=\"b6257c6\" data-element_type=\"widget\" data-e-type=\"widget\" data-widget_type=\"image.default\">\n\t\t\t\t<div class=\"elementor-widget-container\">\n\t\t\t\t\t\t\t\t\t\t\t\t\t\t\t<img fetchpriority=\"high\" decoding=\"async\" width=\"843\" height=\"206\" src=\"https:\/\/acrj.org.br\/wp-content\/uploads\/2025\/10\/Rio-de-Conexoes-1024x250.png\" class=\"attachment-large size-large wp-image-39302\" alt=\"\" srcset=\"https:\/\/acrj.org.br\/wp-content\/uploads\/2025\/10\/Rio-de-Conexoes-1024x250.png 1024w, https:\/\/acrj.org.br\/wp-content\/uploads\/2025\/10\/Rio-de-Conexoes-300x73.png 300w, https:\/\/acrj.org.br\/wp-content\/uploads\/2025\/10\/Rio-de-Conexoes-768x188.png 768w, https:\/\/acrj.org.br\/wp-content\/uploads\/2025\/10\/Rio-de-Conexoes.png 1486w\" sizes=\"(max-width: 843px) 100vw, 843px\" \/>\t\t\t\t\t\t\t\t\t\t\t\t\t\t\t<\/div>\n\t\t\t\t<\/div>\n\t\t\t\t<div class=\"elementor-element elementor-element-4cf13fa texto elementor-widget elementor-widget-text-editor\" data-id=\"4cf13fa\" data-element_type=\"widget\" data-e-type=\"widget\" data-widget_type=\"text-editor.default\">\n\t\t\t\t<div class=\"elementor-widget-container\">\n\t\t\t\t\t\t\t\t\t<div class=\"elementor-element elementor-element-c252b5b texto_forum elementor-widget elementor-widget-text-editor\" data-id=\"c252b5b\" data-element_type=\"widget\" data-widget_type=\"text-editor.default\"><div class=\"elementor-widget-container\"><p>O Espa\u00e7o Rio de Conex\u00f5es ser\u00e1 um ambiente din\u00e2mico e interativo, criado para ser o ponto central de networking e gera\u00e7\u00e3o de neg\u00f3cios. A iniciativa pretende conectar diferentes setores da economia fluminense, aproximando o p\u00fablico de pequenos e m\u00e9dios produtores de diversas regi\u00f5es do estado.<\/p><\/div><\/div>\t\t\t\t\t\t\t\t<\/div>\n\t\t\t\t<\/div>\n\t\t\t\t<div class=\"elementor-element elementor-element-166de01 elementor-widget elementor-widget-image\" data-id=\"166de01\" data-element_type=\"widget\" data-e-type=\"widget\" data-widget_type=\"image.default\">\n\t\t\t\t<div class=\"elementor-widget-container\">\n\t\t\t\t\t\t\t\t\t\t\t\t\t\t\t<img decoding=\"async\" width=\"843\" height=\"231\" src=\"https:\/\/acrj.org.br\/wp-content\/uploads\/2025\/10\/Rio-de-Sabores-1-1024x281.png\" class=\"attachment-large size-large wp-image-39323\" alt=\"\" srcset=\"https:\/\/acrj.org.br\/wp-content\/uploads\/2025\/10\/Rio-de-Sabores-1-1024x281.png 1024w, https:\/\/acrj.org.br\/wp-content\/uploads\/2025\/10\/Rio-de-Sabores-1-300x82.png 300w, https:\/\/acrj.org.br\/wp-content\/uploads\/2025\/10\/Rio-de-Sabores-1-768x210.png 768w, https:\/\/acrj.org.br\/wp-content\/uploads\/2025\/10\/Rio-de-Sabores-1.png 1128w\" sizes=\"(max-width: 843px) 100vw, 843px\" \/>\t\t\t\t\t\t\t\t\t\t\t\t\t\t\t<\/div>\n\t\t\t\t<\/div>\n\t\t\t\t<div class=\"elementor-element elementor-element-0a972bb texto elementor-widget elementor-widget-text-editor\" data-id=\"0a972bb\" data-element_type=\"widget\" data-e-type=\"widget\" data-widget_type=\"text-editor.default\">\n\t\t\t\t<div class=\"elementor-widget-container\">\n\t\t\t\t\t\t\t\t\t<div class=\"elementor-element elementor-element-c252b5b texto_forum elementor-widget elementor-widget-text-editor\" data-id=\"c252b5b\" data-element_type=\"widget\" data-widget_type=\"text-editor.default\"><div class=\"elementor-widget-container\"><p>O Espa\u00e7o Rio de Sabores \u00e9 um convite para experimentar a autenticidade e a diversidade da gastronomia fluminense. O espa\u00e7o vai reunir produtores locais, valorizando sabores artesanais que contam hist\u00f3rias do Rio em cada detalhe.<\/p><\/div><\/div>\t\t\t\t\t\t\t\t<\/div>\n\t\t\t\t<\/div>\n\t\t\t\t<div class=\"elementor-element elementor-element-ed522e3 elementor-widget elementor-widget-image\" data-id=\"ed522e3\" data-element_type=\"widget\" data-e-type=\"widget\" data-widget_type=\"image.default\">\n\t\t\t\t<div class=\"elementor-widget-container\">\n\t\t\t\t\t\t\t\t\t\t\t\t\t\t\t<img decoding=\"async\" width=\"843\" height=\"266\" src=\"https:\/\/acrj.org.br\/wp-content\/uploads\/2025\/10\/Logo_Rio_de_ideias-1-1024x323.png\" class=\"attachment-large size-large wp-image-39322\" alt=\"\" srcset=\"https:\/\/acrj.org.br\/wp-content\/uploads\/2025\/10\/Logo_Rio_de_ideias-1-1024x323.png 1024w, https:\/\/acrj.org.br\/wp-content\/uploads\/2025\/10\/Logo_Rio_de_ideias-1-300x95.png 300w, https:\/\/acrj.org.br\/wp-content\/uploads\/2025\/10\/Logo_Rio_de_ideias-1-768x242.png 768w, https:\/\/acrj.org.br\/wp-content\/uploads\/2025\/10\/Logo_Rio_de_ideias-1-1536x485.png 1536w, https:\/\/acrj.org.br\/wp-content\/uploads\/2025\/10\/Logo_Rio_de_ideias-1.png 2000w\" sizes=\"(max-width: 843px) 100vw, 843px\" \/>\t\t\t\t\t\t\t\t\t\t\t\t\t\t\t<\/div>\n\t\t\t\t<\/div>\n\t\t\t\t<div class=\"elementor-element elementor-element-b7350ca texto elementor-widget elementor-widget-text-editor\" data-id=\"b7350ca\" data-element_type=\"widget\" data-e-type=\"widget\" data-widget_type=\"text-editor.default\">\n\t\t\t\t<div class=\"elementor-widget-container\">\n\t\t\t\t\t\t\t\t\t<div class=\"elementor-element elementor-element-c252b5b texto_forum elementor-widget elementor-widget-text-editor\" data-id=\"c252b5b\" data-element_type=\"widget\" data-widget_type=\"text-editor.default\">\n<div class=\"elementor-widget-container\">\n\nO Espa\u00e7o Rio de Ideias, por sua vez, ser\u00e1 uma sala interativa do F\u00f3rum: palco de debates inspiradores, trocas criativas e experi\u00eancias de cocria\u00e7\u00e3o onde o p\u00fablico ser\u00e1 provocado a refletir sobre tend\u00eancias, inova\u00e7\u00e3o e os desafios que moldam o futuro dos neg\u00f3cios.\n<\/div>\n<\/div>\t\t\t\t\t\t\t\t<\/div>\n\t\t\t\t<\/div>\n\t\t\t\t<div class=\"elementor-element elementor-element-c24cdfc elementor-widget elementor-widget-html\" data-id=\"c24cdfc\" data-element_type=\"widget\" data-e-type=\"widget\" data-widget_type=\"html.default\">\n\t\t\t\t<div class=\"elementor-widget-container\">\n\t\t\t\t\t<style class=\"accordion-closed-on-load\">\r\nbody:not(.elementor-editor-active) .elementor-widget-accordion .elementor-tab-content {\r\ndisplay: none!important;\r\n}\r\n<\/style>\r\n<script>\r\nwindow.addEventListener('load', function() {\r\nsetTimeout(function(){\r\ndocument.querySelector('.accordion-closed-on-load').remove();\r\nlet accordionsElems = document.querySelectorAll('.elementor-widget-accordion')\r\naccordionsElems.forEach(e => {\r\nlet activeTitle = e.querySelector('.elementor-tab-title.elementor-active');\r\nlet activeContent = e.querySelector('.elementor-tab-content.elementor-active')\r\njQuery(activeContent).hide();\r\nactiveTitle.classList.remove('elementor-active');\r\nactiveContent.classList.remove('elementor-active');\r\nactiveContent.setAttribute('hidden','hidden');\r\nactiveTitle.setAttribute('aria-expanded',false);\r\nactiveTitle.setAttribute('aria-selected',false);\r\nactiveTitle.setAttribute('tabindex',-1);\r\n});\r\n},100);\r\n});\r\n<\/script>\t\t\t\t<\/div>\n\t\t\t\t<\/div>\n\t\t\t\t<div class=\"elementor-element elementor-element-963f53b programacao elementor-widget elementor-widget-accordion\" data-id=\"963f53b\" data-element_type=\"widget\" data-e-type=\"widget\" data-widget_type=\"accordion.default\">\n\t\t\t\t<div class=\"elementor-widget-container\">\n\t\t\t\t\t\t\t<div class=\"elementor-accordion\">\n\t\t\t\t\t\t\t<div class=\"elementor-accordion-item\">\n\t\t\t\t\t<div id=\"elementor-tab-title-1571\" class=\"elementor-tab-title\" data-tab=\"1\" role=\"button\" aria-controls=\"elementor-tab-content-1571\" aria-expanded=\"false\">\n\t\t\t\t\t\t\t\t\t\t\t\t<a class=\"elementor-accordion-title\" tabindex=\"0\">08.10 - quarta-feira<\/a>\n\t\t\t\t\t<\/div>\n\t\t\t\t\t<div id=\"elementor-tab-content-1571\" class=\"elementor-tab-content elementor-clearfix\" data-tab=\"1\" role=\"region\" aria-labelledby=\"elementor-tab-title-1571\"><div id=\"elementor-tab-content-2521\" class=\"elementor-tab-content elementor-clearfix elementor-active\" role=\"region\" data-tab=\"1\" aria-labelledby=\"elementor-tab-title-2521\"><h5><strong>MANH\u00c3<\/strong><\/h5><h5>10h \u00e0s 10h50<\/h5><h4><a href=\"https:\/\/acrj.org.br\/index.php\/2025\/10\/07\/empresas-que-aprendem-a-aprender-como-a-educacao-corporativa-impulsiona-resultados-e-fortalece-a-cultura-organizacional\/\">Empresas que Aprendem a Aprender &#8211; Como a Educa\u00e7\u00e3o Corporativa Impulsiona Resultados e Fortalece a Cultura Organizacional<\/a><\/h4><h5>11h \u00e0s 11h50<\/h5><h4><a href=\"https:\/\/acrj.org.br\/index.php\/2025\/10\/07\/gastronomia-como-vetor-de-desenvolvimento\/\">Gastronomia como Vetor de Desenvolvimento<\/a><\/h4><h5><strong>TARDE<\/strong><br \/>14h \u00e0s 14h50<\/h5><h4><a href=\"https:\/\/acrj.org.br\/index.php\/2025\/10\/07\/o-papel-da-diversidade-e-inclusao-nas-empresas\/\">O papel da diversidade e inclus\u00e3o nas empresas<\/a><\/h4><h5>15h \u00e0s 15h50<\/h5><h4><a href=\"https:\/\/acrj.org.br\/index.php\/2025\/10\/07\/negocios-com-proposito-esg-para-empreendedores\/\">Neg\u00f3cios com prop\u00f3sito, ESG para empreendedores<\/a><\/h4><h5>16h \u00e0s 16h50<\/h5><h4><a href=\"https:\/\/acrj.org.br\/index.php\/2025\/10\/07\/relacionamentos-midia-pressao-e-expectativas\/\">Relacionamentos, midia, press\u00e3o e expectativas<\/a><\/h4><h5>17h \u00e0s 17h50<\/h5><h4><a href=\"https:\/\/acrj.org.br\/index.php\/2025\/10\/07\/conexoes-que-geram-negocios\/\">Conex\u00f5es que geram Neg\u00f3cios<\/a><\/h4><\/div><\/div>\n\t\t\t\t<\/div>\n\t\t\t\t\t\t\t<div class=\"elementor-accordion-item\">\n\t\t\t\t\t<div id=\"elementor-tab-title-1572\" class=\"elementor-tab-title\" data-tab=\"2\" role=\"button\" aria-controls=\"elementor-tab-content-1572\" aria-expanded=\"false\">\n\t\t\t\t\t\t\t\t\t\t\t\t<a class=\"elementor-accordion-title\" tabindex=\"0\">09.10 - quinta-feira<\/a>\n\t\t\t\t\t<\/div>\n\t\t\t\t\t<div id=\"elementor-tab-content-1572\" class=\"elementor-tab-content elementor-clearfix\" data-tab=\"2\" role=\"region\" aria-labelledby=\"elementor-tab-title-1572\"><div id=\"elementor-tab-content-2522\" class=\"elementor-tab-content elementor-clearfix elementor-active\" role=\"region\" data-tab=\"2\" aria-labelledby=\"elementor-tab-title-2522\"><h5><strong>MANH\u00c3<\/strong><\/h5><h5>10h \u00e0s 10h50<\/h5><h4><a href=\"https:\/\/acrj.org.br\/index.php\/2025\/10\/07\/praias-inteligentes-tecnologia-dados-inclusao-produtiva-no-turismo-azul\/\">Praias Inteligentes, tecnologia, dados, inclus\u00e3o produtiva no Turismo Azul<\/a><\/h4><h5>11h \u00e0s 11h50<\/h5><h4><a href=\"https:\/\/acrj.org.br\/index.php\/2025\/10\/07\/empreendedorismo-na-maturidade-nunca-e-tarde-para-comecar\/\">Empreendedorismo na maturidade \u2013 nunca \u00e9 tarde para come\u00e7ar<\/a><\/h4><h5><strong>TARDE<\/strong><\/h5><h5>14h \u00e0s 14h50<\/h5><h4><a href=\"https:\/\/acrj.org.br\/index.php\/2025\/10\/07\/lideranca-humanizada-e-performance\/\">Lideran\u00e7a Humanizada e Performance<\/a><\/h4><h5>15h \u00e0s 15h50<\/h5><h4><a href=\"https:\/\/acrj.org.br\/index.php\/2025\/10\/07\/a-revolucao-do-streaming-a-nova-economia-da-musica\/\">A revolu\u00e7\u00e3o do streaming \u2013 a nova economia da m\u00fasica<\/a><\/h4><h5>16h \u00e0s 16h50<\/h5><h4><a href=\"https:\/\/acrj.org.br\/index.php\/2025\/10\/07\/saude-mental-e-produtividade-no-ambiente-de-trabalho\/\">Sa\u00fade mental e produtividade no ambiente de trabalho<\/a><\/h4><h5>17h \u00e0s 17h50<\/h5><h4><a href=\"https:\/\/acrj.org.br\/index.php\/2025\/10\/07\/como-transformar-o-rio-na-capital-nacional-de-eventos-corporativos\/\">Como transformar o Rio na capital nacional de eventos corporativos<\/a><\/h4><\/div><\/div>\n\t\t\t\t<\/div>\n\t\t\t\t\t\t\t\t\t\t<script type=\"application\/ld+json\">{\"@context\":\"https:\\\/\\\/schema.org\",\"@type\":\"FAQPage\",\"mainEntity\":[{\"@type\":\"Question\",\"name\":\"08.10 - quarta-feira\",\"acceptedAnswer\":{\"@type\":\"Answer\",\"text\":\"<div id=\\\"elementor-tab-content-2521\\\" class=\\\"elementor-tab-content elementor-clearfix elementor-active\\\" role=\\\"region\\\" data-tab=\\\"1\\\" aria-labelledby=\\\"elementor-tab-title-2521\\\"><h5><strong>MANH\\u00c3<\\\/strong><\\\/h5><h5>10h \\u00e0s 10h50<\\\/h5><h4><a href=\\\"https:\\\/\\\/acrj.org.br\\\/index.php\\\/2025\\\/10\\\/07\\\/empresas-que-aprendem-a-aprender-como-a-educacao-corporativa-impulsiona-resultados-e-fortalece-a-cultura-organizacional\\\/\\\">Empresas que Aprendem a Aprender &#8211; Como a Educa\\u00e7\\u00e3o Corporativa Impulsiona Resultados e Fortalece a Cultura Organizacional<\\\/a><\\\/h4><h5>11h \\u00e0s 11h50<\\\/h5><h4><a href=\\\"https:\\\/\\\/acrj.org.br\\\/index.php\\\/2025\\\/10\\\/07\\\/gastronomia-como-vetor-de-desenvolvimento\\\/\\\">Gastronomia como Vetor de Desenvolvimento<\\\/a><\\\/h4><h5><strong>TARDE<\\\/strong><br \\\/>14h \\u00e0s 14h50<\\\/h5><h4><a href=\\\"https:\\\/\\\/acrj.org.br\\\/index.php\\\/2025\\\/10\\\/07\\\/o-papel-da-diversidade-e-inclusao-nas-empresas\\\/\\\">O papel da diversidade e inclus\\u00e3o nas empresas<\\\/a><\\\/h4><h5>15h \\u00e0s 15h50<\\\/h5><h4><a href=\\\"https:\\\/\\\/acrj.org.br\\\/index.php\\\/2025\\\/10\\\/07\\\/negocios-com-proposito-esg-para-empreendedores\\\/\\\">Neg\\u00f3cios com prop\\u00f3sito, ESG para empreendedores<\\\/a><\\\/h4><h5>16h \\u00e0s 16h50<\\\/h5><h4><a href=\\\"https:\\\/\\\/acrj.org.br\\\/index.php\\\/2025\\\/10\\\/07\\\/relacionamentos-midia-pressao-e-expectativas\\\/\\\">Relacionamentos, midia, press\\u00e3o e expectativas<\\\/a><\\\/h4><h5>17h \\u00e0s 17h50<\\\/h5><h4><a href=\\\"https:\\\/\\\/acrj.org.br\\\/index.php\\\/2025\\\/10\\\/07\\\/conexoes-que-geram-negocios\\\/\\\">Conex\\u00f5es que geram Neg\\u00f3cios<\\\/a><\\\/h4><\\\/div>\"}},{\"@type\":\"Question\",\"name\":\"09.10 - quinta-feira\",\"acceptedAnswer\":{\"@type\":\"Answer\",\"text\":\"<div id=\\\"elementor-tab-content-2522\\\" class=\\\"elementor-tab-content elementor-clearfix elementor-active\\\" role=\\\"region\\\" data-tab=\\\"2\\\" aria-labelledby=\\\"elementor-tab-title-2522\\\"><h5><strong>MANH\\u00c3<\\\/strong><\\\/h5><h5>10h \\u00e0s 10h50<\\\/h5><h4><a href=\\\"https:\\\/\\\/acrj.org.br\\\/index.php\\\/2025\\\/10\\\/07\\\/praias-inteligentes-tecnologia-dados-inclusao-produtiva-no-turismo-azul\\\/\\\">Praias Inteligentes, tecnologia, dados, inclus\\u00e3o produtiva no Turismo Azul<\\\/a><\\\/h4><h5>11h \\u00e0s 11h50<\\\/h5><h4><a href=\\\"https:\\\/\\\/acrj.org.br\\\/index.php\\\/2025\\\/10\\\/07\\\/empreendedorismo-na-maturidade-nunca-e-tarde-para-comecar\\\/\\\">Empreendedorismo na maturidade \\u2013 nunca \\u00e9 tarde para come\\u00e7ar<\\\/a><\\\/h4><h5><strong>TARDE<\\\/strong><\\\/h5><h5>14h \\u00e0s 14h50<\\\/h5><h4><a href=\\\"https:\\\/\\\/acrj.org.br\\\/index.php\\\/2025\\\/10\\\/07\\\/lideranca-humanizada-e-performance\\\/\\\">Lideran\\u00e7a Humanizada e Performance<\\\/a><\\\/h4><h5>15h \\u00e0s 15h50<\\\/h5><h4><a href=\\\"https:\\\/\\\/acrj.org.br\\\/index.php\\\/2025\\\/10\\\/07\\\/a-revolucao-do-streaming-a-nova-economia-da-musica\\\/\\\">A revolu\\u00e7\\u00e3o do streaming \\u2013 a nova economia da m\\u00fasica<\\\/a><\\\/h4><h5>16h \\u00e0s 16h50<\\\/h5><h4><a href=\\\"https:\\\/\\\/acrj.org.br\\\/index.php\\\/2025\\\/10\\\/07\\\/saude-mental-e-produtividade-no-ambiente-de-trabalho\\\/\\\">Sa\\u00fade mental e produtividade no ambiente de trabalho<\\\/a><\\\/h4><h5>17h \\u00e0s 17h50<\\\/h5><h4><a href=\\\"https:\\\/\\\/acrj.org.br\\\/index.php\\\/2025\\\/10\\\/07\\\/como-transformar-o-rio-na-capital-nacional-de-eventos-corporativos\\\/\\\">Como transformar o Rio na capital nacional de eventos corporativos<\\\/a><\\\/h4><\\\/div>\"}}]}<\/script>\n\t\t\t\t\t<\/div>\n\t\t\t\t\t\t<\/div>\n\t\t\t\t<\/div>\n\t\t\t\t<div class=\"elementor-element elementor-element-a50b40b elementor-widget elementor-widget-spacer\" data-id=\"a50b40b\" data-element_type=\"widget\" data-e-type=\"widget\" data-widget_type=\"spacer.default\">\n\t\t\t\t<div class=\"elementor-widget-container\">\n\t\t\t\t\t\t\t<div class=\"elementor-spacer\">\n\t\t\t<div class=\"elementor-spacer-inner\"><\/div>\n\t\t<\/div>\n\t\t\t\t\t\t<\/div>\n\t\t\t\t<\/div>\n\t\t\t\t<div class=\"elementor-element elementor-element-91476dd elementor-widget elementor-widget-image\" data-id=\"91476dd\" data-element_type=\"widget\" data-e-type=\"widget\" data-widget_type=\"image.default\">\n\t\t\t\t<div class=\"elementor-widget-container\">\n\t\t\t\t\t\t\t\t\t\t\t\t\t\t\t<img loading=\"lazy\" decoding=\"async\" width=\"843\" height=\"222\" src=\"https:\/\/acrj.org.br\/wp-content\/uploads\/2025\/10\/Rio-Economia-Solidaria-1-1024x270.png\" class=\"attachment-large size-large wp-image-39324\" alt=\"\" srcset=\"https:\/\/acrj.org.br\/wp-content\/uploads\/2025\/10\/Rio-Economia-Solidaria-1-1024x270.png 1024w, https:\/\/acrj.org.br\/wp-content\/uploads\/2025\/10\/Rio-Economia-Solidaria-1-300x79.png 300w, https:\/\/acrj.org.br\/wp-content\/uploads\/2025\/10\/Rio-Economia-Solidaria-1-768x202.png 768w, https:\/\/acrj.org.br\/wp-content\/uploads\/2025\/10\/Rio-Economia-Solidaria-1.png 1518w\" sizes=\"(max-width: 843px) 100vw, 843px\" \/>\t\t\t\t\t\t\t\t\t\t\t\t\t\t\t<\/div>\n\t\t\t\t<\/div>\n\t\t\t\t<div class=\"elementor-element elementor-element-aefdd7c texto elementor-widget elementor-widget-text-editor\" data-id=\"aefdd7c\" data-element_type=\"widget\" data-e-type=\"widget\" data-widget_type=\"text-editor.default\">\n\t\t\t\t<div class=\"elementor-widget-container\">\n\t\t\t\t\t\t\t\t\t<div class=\"elementor-element elementor-element-c252b5b texto_forum elementor-widget elementor-widget-text-editor\" data-id=\"c252b5b\" data-element_type=\"widget\" data-widget_type=\"text-editor.default\"><div class=\"elementor-widget-container\"><p>O Espa\u00e7o Rio da Economia Solid\u00e1ria, espa\u00e7o colaborativo que vai reunir 10 empreendedores do Conselho Empresarial de Comunidades, Economia Solid\u00e1ria, Microempreendedorismo e Terceiro Setor da ACRJ para apresentar seus produtos\u00a0e\u00a0servi\u00e7os.<\/p><\/div><\/div>\t\t\t\t\t\t\t\t<\/div>\n\t\t\t\t<\/div>\n\t\t\t\t<div class=\"elementor-element elementor-element-2f3aac3 elementor-widget elementor-widget-spacer\" data-id=\"2f3aac3\" data-element_type=\"widget\" data-e-type=\"widget\" data-widget_type=\"spacer.default\">\n\t\t\t\t<div class=\"elementor-widget-container\">\n\t\t\t\t\t\t\t<div class=\"elementor-spacer\">\n\t\t\t<div class=\"elementor-spacer-inner\"><\/div>\n\t\t<\/div>\n\t\t\t\t\t\t<\/div>\n\t\t\t\t<\/div>\n\t\t\t\t\t<\/div>\n\t\t<\/div>\n\t\t\t\t\t<\/div>\n\t\t<\/section>\n\t\t\t\t<\/div>\n\t\t","protected":false},"excerpt":{"rendered":"<p>O Espa\u00e7o Rio de Conex\u00f5es ser\u00e1 um ambiente din\u00e2mico e interativo, criado para ser o ponto central de networking e gera\u00e7\u00e3o de neg\u00f3cios. A iniciativa&hellip;<\/p>\n","protected":false},"author":1,"featured_media":0,"comment_status":"closed","ping_status":"closed","sticky":false,"template":"","format":"standard","meta":{"_exactmetrics_skip_tracking":false,"_exactmetrics_sitenote_active":false,"_exactmetrics_sitenote_note":"","_exactmetrics_sitenote_category":0,"footnotes":""},"categories":[94],"tags":[],"class_list":["post-39299","post","type-post","status-publish","format-standard","hentry","category-forum-2025"],"_links":{"self":[{"href":"https:\/\/acrj.org.br\/index.php\/wp-json\/wp\/v2\/posts\/39299","targetHints":{"allow":["GET"]}}],"collection":[{"href":"https:\/\/acrj.org.br\/index.php\/wp-json\/wp\/v2\/posts"}],"about":[{"href":"https:\/\/acrj.org.br\/index.php\/wp-json\/wp\/v2\/types\/post"}],"author":[{"embeddable":true,"href":"https:\/\/acrj.org.br\/index.php\/wp-json\/wp\/v2\/users\/1"}],"replies":[{"embeddable":true,"href":"https:\/\/acrj.org.br\/index.php\/wp-json\/wp\/v2\/comments?post=39299"}],"version-history":[{"count":0,"href":"https:\/\/acrj.org.br\/index.php\/wp-json\/wp\/v2\/posts\/39299\/revisions"}],"wp:attachment":[{"href":"https:\/\/acrj.org.br\/index.php\/wp-json\/wp\/v2\/media?parent=39299"}],"wp:term":[{"taxonomy":"category","embeddable":true,"href":"https:\/\/acrj.org.br\/index.php\/wp-json\/wp\/v2\/categories?post=39299"},{"taxonomy":"post_tag","embeddable":true,"href":"https:\/\/acrj.org.br\/index.php\/wp-json\/wp\/v2\/tags?post=39299"}],"curies":[{"name":"wp","href":"https:\/\/api.w.org\/{rel}","templated":true}]}}