{"id":39200,"date":"2025-09-26T15:10:42","date_gmt":"2025-09-26T18:10:42","guid":{"rendered":"https:\/\/acrj.org.br\/?p=39200"},"modified":"2025-09-26T16:31:57","modified_gmt":"2025-09-26T19:31:57","slug":"especialista-faz-palestra-sobre-o-panorama-atual-do-mercado-de-gas","status":"publish","type":"post","link":"https:\/\/acrj.org.br\/index.php\/2025\/09\/26\/especialista-faz-palestra-sobre-o-panorama-atual-do-mercado-de-gas\/","title":{"rendered":"Especialista faz palestra sobre o panorama atual do mercado de g\u00e1s"},"content":{"rendered":"\n<p><\/p>\n\n\n\n<p>O Conselho Empresarial de Energia e Transi\u00e7\u00e3o Energ\u00e9tica da ACRJ promoveu, dia 26 de setembro, a palestra <em>\u201cO Panorama Atual do Mercado de G\u00e1s\u201d, com <\/em>Pedro Camarota, da Wood Mackenzie, empresa que atua no fornecimento de solu\u00e7\u00f5es de dados e an\u00e1lises para os setores de energia, renov\u00e1veis e recursos naturais.<\/p>\n\n\n\n<p>Durante a apresenta\u00e7\u00e3o, Pedro falou sobre a cadeia integrada do g\u00e1s natural, um tema cada vez mais estrat\u00e9gico para o pa\u00eds, e a relev\u00e2ncia crescente do mercado livre de g\u00e1s no Brasil, que vem desenvolvendo alternativas de suprimento e novos produtos para garantir maior competitividade at\u00e9 o consumidor final. Ele fez uma an\u00e1lise dos fundamentos de mercado, mostrando proje\u00e7\u00f5es de oferta e demanda para os pr\u00f3ximos 10 anos, considerando investimentos j\u00e1 anunciados e em execu\u00e7\u00e3o; e da din\u00e2mica de pre\u00e7os, apresentando a evolu\u00e7\u00e3o recente e as perspectivas diante do cen\u00e1rio de produ\u00e7\u00e3o e consumo.<\/p>\n\n\n\n<figure class=\"wp-block-image size-large is-resized\"><img fetchpriority=\"high\" decoding=\"async\" width=\"1024\" height=\"507\" src=\"https:\/\/acrj.org.br\/wp-content\/uploads\/2025\/09\/mesa-6-1024x507.jpg\" alt=\"\" class=\"wp-image-39204\" style=\"width:500px\" srcset=\"https:\/\/acrj.org.br\/wp-content\/uploads\/2025\/09\/mesa-6-1024x507.jpg 1024w, https:\/\/acrj.org.br\/wp-content\/uploads\/2025\/09\/mesa-6-300x149.jpg 300w, https:\/\/acrj.org.br\/wp-content\/uploads\/2025\/09\/mesa-6-768x380.jpg 768w, https:\/\/acrj.org.br\/wp-content\/uploads\/2025\/09\/mesa-6-1536x760.jpg 1536w, https:\/\/acrj.org.br\/wp-content\/uploads\/2025\/09\/mesa-6-2048x1014.jpg 2048w\" sizes=\"(max-width: 1024px) 100vw, 1024px\" \/><\/figure>\n\n\n\n<p>Pedro Camarota tamb\u00e9m citou dados sobre a produ\u00e7\u00e3o nacional de g\u00e1s natural, com destaque para os avan\u00e7os no pr\u00e9-sal e os impactos da entrada em opera\u00e7\u00e3o do gasoduto da Rota 3, que vai escoar g\u00e1s natural produzido em v\u00e1rios campos, al\u00e9m das perspectivas de novos projetos em diferentes bacias. O palestrante ainda abordou os desafios da infraestrutura, a integra\u00e7\u00e3o entre rotas de escoamento, a import\u00e2ncia da previsibilidade dos investimentos, as demandas do setor industrial, entre outras quest\u00f5es do mercado de g\u00e1s.<\/p>\n\n\n\n<p>O presidente do Conselho, Gabriel Kropsch, destacou o impacto dessas perspectivas para o Rio de Janeiro, tanto em rela\u00e7\u00e3o \u00e0 arrecada\u00e7\u00e3o de royalties quanto na atra\u00e7\u00e3o de investimentos de infraestrutura de produ\u00e7\u00e3o, escoamento e em projetos de consumo industrial desse g\u00e1s no Estado.<\/p>\n","protected":false},"excerpt":{"rendered":"<p>O Conselho Empresarial de Energia e Transi\u00e7\u00e3o Energ\u00e9tica da ACRJ promoveu, dia 26 de setembro, a palestra \u201cO Panorama Atual do Mercado de G\u00e1s\u201d, com&hellip;<\/p>\n","protected":false},"author":3,"featured_media":39201,"comment_status":"closed","ping_status":"closed","sticky":false,"template":"","format":"standard","meta":{"_exactmetrics_skip_tracking":false,"_exactmetrics_sitenote_active":false,"_exactmetrics_sitenote_note":"","_exactmetrics_sitenote_category":0,"footnotes":""},"categories":[56,10],"tags":[],"class_list":["post-39200","post","type-post","status-publish","format-standard","has-post-thumbnail","hentry","category-destaque_conselhos","category-noticias"],"_links":{"self":[{"href":"https:\/\/acrj.org.br\/index.php\/wp-json\/wp\/v2\/posts\/39200","targetHints":{"allow":["GET"]}}],"collection":[{"href":"https:\/\/acrj.org.br\/index.php\/wp-json\/wp\/v2\/posts"}],"about":[{"href":"https:\/\/acrj.org.br\/index.php\/wp-json\/wp\/v2\/types\/post"}],"author":[{"embeddable":true,"href":"https:\/\/acrj.org.br\/index.php\/wp-json\/wp\/v2\/users\/3"}],"replies":[{"embeddable":true,"href":"https:\/\/acrj.org.br\/index.php\/wp-json\/wp\/v2\/comments?post=39200"}],"version-history":[{"count":0,"href":"https:\/\/acrj.org.br\/index.php\/wp-json\/wp\/v2\/posts\/39200\/revisions"}],"wp:featuredmedia":[{"embeddable":true,"href":"https:\/\/acrj.org.br\/index.php\/wp-json\/wp\/v2\/media\/39201"}],"wp:attachment":[{"href":"https:\/\/acrj.org.br\/index.php\/wp-json\/wp\/v2\/media?parent=39200"}],"wp:term":[{"taxonomy":"category","embeddable":true,"href":"https:\/\/acrj.org.br\/index.php\/wp-json\/wp\/v2\/categories?post=39200"},{"taxonomy":"post_tag","embeddable":true,"href":"https:\/\/acrj.org.br\/index.php\/wp-json\/wp\/v2\/tags?post=39200"}],"curies":[{"name":"wp","href":"https:\/\/api.w.org\/{rel}","templated":true}]}}