{"id":38954,"date":"2025-09-15T11:42:19","date_gmt":"2025-09-15T14:42:19","guid":{"rendered":"https:\/\/acrj.org.br\/?p=38954"},"modified":"2025-09-15T17:23:47","modified_gmt":"2025-09-15T20:23:47","slug":"conselho-de-varejo-analisa-cenario-do-comercio-brasileiro-e-debate-a-nr1-e-a-gestao-de-empresas","status":"publish","type":"post","link":"https:\/\/acrj.org.br\/index.php\/2025\/09\/15\/conselho-de-varejo-analisa-cenario-do-comercio-brasileiro-e-debate-a-nr1-e-a-gestao-de-empresas\/","title":{"rendered":"Conselho de Varejo analisa cen\u00e1rio do com\u00e9rcio e debate a NR1 e a gest\u00e3o de empresas"},"content":{"rendered":"\n<p>A reuni\u00e3o do Conselho Empresarial de Varejo da ACRJ, realizada dia 12 de setembro, sob a presid\u00eancia de Juedir Teixeira, contou com o debate sobre a Norma NR1, palestra sobre gest\u00e3o de equipes e uma apresenta\u00e7\u00e3o da nova empresa associada Evehx Rio Engenharia. A reuni\u00e3o contou com as presen\u00e7as dos presidentes em exerc\u00edcio da ACRJ, Laudelino Mendes, e do Conselho Superior, Ruy Barreto Filho.<\/p>\n\n\n\n<figure class=\"wp-block-image size-large is-resized\"><img fetchpriority=\"high\" decoding=\"async\" width=\"1842\" height=\"1036\" src=\"https:\/\/acrj.org.br\/wp-content\/uploads\/2025\/09\/laudelino-edited-1.jpg\" alt=\"\" class=\"wp-image-38960\" style=\"width:500px\" srcset=\"https:\/\/acrj.org.br\/wp-content\/uploads\/2025\/09\/laudelino-edited-1.jpg 1842w, https:\/\/acrj.org.br\/wp-content\/uploads\/2025\/09\/laudelino-edited-1-300x169.jpg 300w, https:\/\/acrj.org.br\/wp-content\/uploads\/2025\/09\/laudelino-edited-1-1024x576.jpg 1024w, https:\/\/acrj.org.br\/wp-content\/uploads\/2025\/09\/laudelino-edited-1-768x432.jpg 768w, https:\/\/acrj.org.br\/wp-content\/uploads\/2025\/09\/laudelino-edited-1-1536x864.jpg 1536w\" sizes=\"(max-width: 1842px) 100vw, 1842px\" \/><figcaption class=\"wp-element-caption\"><em>Laudelino Mendes (esq.) ao lado de Ruy Barreto Filho na reuni\u00e3o<\/em><\/figcaption><\/figure>\n\n\n\n<p>Juedir Teixeira abriu o encontro fazendo uma an\u00e1lise do \u00cdndice Stone de Varejo, que evidenciou um quadro desafiador para o setor, que registrou queda nas vendas de 1,5% em agosto de 2024, em rela\u00e7\u00e3o a julho, e de menos 3,3% na compara\u00e7\u00e3o anual. Dos oito segmentos avaliados, apenas hipermercados e supermercados tiveram desempenho positivo (+1,7%), impulsionados pelo consumo de produtos essenciais.<\/p>\n\n\n\n<p>De acordo com a apresenta\u00e7\u00e3o, o endividamento elevado das fam\u00edlias, a desacelera\u00e7\u00e3o do mercado de trabalho e a manuten\u00e7\u00e3o de altas taxas de juros foram fatores que explicam a retra\u00e7\u00e3o. O levantamento tamb\u00e9m apontou diferen\u00e7as regionais: enquanto estados como Amap\u00e1 (+3,2%), Tocantins (+1,9%) e Mato Grosso (+1,7%) tiveram crescimento, Rio Grande do Sul (-7,1%) e Rio Grande do Norte (-6,4%) registraram fortes quedas. No Rio de Janeiro, a retra\u00e7\u00e3o foi de -2,2%. Segundo o presidente do Conselho, o estudo refor\u00e7a a necessidade de monitoramento constante dos indicadores e da adapta\u00e7\u00e3o das estrat\u00e9gias de neg\u00f3cios, al\u00e9m de pol\u00edticas p\u00fablicas capazes de estimular o consumo e aliviar a press\u00e3o sobre o com\u00e9rcio varejista.  <strong><a href=\"https:\/\/acrj.org.br\/wp-content\/uploads\/2025\/09\/Analise-das-vendas-no-1o-semestre.pdf\">Confira aqui <\/a><\/strong>a apresenta\u00e7\u00e3o completa. <\/p>\n\n\n\n<p>Em seguida, o conselheiro Jos\u00e9 Renato, fundador da Consultoria de Impacto, comentou sobre a cria\u00e7\u00e3o de um m\u00e9todo pr\u00f3prio de gest\u00e3o voltado especialmente para empresas familiares e em reestrutura\u00e7\u00e3o. A proposta de sua empresa \u00e9 alinhar pessoas e gest\u00e3o, criando modelos sob medida para cada organiza\u00e7\u00e3o, corrigindo v\u00edcios comuns \u00e0 cultura empresarial brasileira, como improviso, dispers\u00e3o e centraliza\u00e7\u00e3o, substituindo-os por disciplina, processos claros e fortalecimento de equipes. <strong><a href=\"https:\/\/acrj.org.br\/wp-content\/uploads\/2025\/09\/JOSE-RENATO-0.-ACRJ-.-CV-.-Sobre-Consultoria-de-Impacto-Copia.pdf\">Confira aqui <\/a><\/strong>a apresenta\u00e7\u00e3o completa.<\/p>\n\n\n\n<figure class=\"wp-block-image size-large is-resized\"><img decoding=\"async\" width=\"2560\" height=\"1439\" src=\"https:\/\/acrj.org.br\/wp-content\/uploads\/2025\/09\/jose-renato-edited-scaled.jpg\" alt=\"\" class=\"wp-image-38963\" style=\"width:500px\" srcset=\"https:\/\/acrj.org.br\/wp-content\/uploads\/2025\/09\/jose-renato-edited-scaled.jpg 2560w, https:\/\/acrj.org.br\/wp-content\/uploads\/2025\/09\/jose-renato-edited-300x169.jpg 300w, https:\/\/acrj.org.br\/wp-content\/uploads\/2025\/09\/jose-renato-edited-1024x576.jpg 1024w, https:\/\/acrj.org.br\/wp-content\/uploads\/2025\/09\/jose-renato-edited-768x432.jpg 768w, https:\/\/acrj.org.br\/wp-content\/uploads\/2025\/09\/jose-renato-edited-1536x864.jpg 1536w, https:\/\/acrj.org.br\/wp-content\/uploads\/2025\/09\/jose-renato-edited-2048x1151.jpg 2048w\" sizes=\"(max-width: 2560px) 100vw, 2560px\" \/><figcaption class=\"wp-element-caption\"><em>Jos\u00e9 Renato, da Consultoria  de Impacto<\/em><\/figcaption><\/figure>\n\n\n\n<p>O conselheiro Ant\u00f4nio L\u00facio, falou sobre a Norma NR-1 (Disposi\u00e7\u00f5es Gerais e Gerenciamento de Riscos Ocupacionais) destacando que ela estabelece regras b\u00e1sicas de seguran\u00e7a e sa\u00fade no trabalho, aplic\u00e1veis a todos os setores, que inclui os riscos psicossociais (estresse, burnout, ass\u00e9dio moral e organizacional) e refor\u00e7a a import\u00e2ncia da sa\u00fade mental no ambiente laboral.<\/p>\n\n\n\n<figure class=\"wp-block-image size-large is-resized\"><img decoding=\"async\" width=\"2560\" height=\"1441\" src=\"https:\/\/acrj.org.br\/wp-content\/uploads\/2025\/09\/antonio-lucio-edited-1-scaled.jpg\" alt=\"\" class=\"wp-image-38969\" style=\"width:500px\" srcset=\"https:\/\/acrj.org.br\/wp-content\/uploads\/2025\/09\/antonio-lucio-edited-1-scaled.jpg 2560w, https:\/\/acrj.org.br\/wp-content\/uploads\/2025\/09\/antonio-lucio-edited-1-300x169.jpg 300w, https:\/\/acrj.org.br\/wp-content\/uploads\/2025\/09\/antonio-lucio-edited-1-1024x576.jpg 1024w, https:\/\/acrj.org.br\/wp-content\/uploads\/2025\/09\/antonio-lucio-edited-1-768x432.jpg 768w, https:\/\/acrj.org.br\/wp-content\/uploads\/2025\/09\/antonio-lucio-edited-1-1536x864.jpg 1536w, https:\/\/acrj.org.br\/wp-content\/uploads\/2025\/09\/antonio-lucio-edited-1-2048x1153.jpg 2048w\" sizes=\"(max-width: 2560px) 100vw, 2560px\" \/><figcaption class=\"wp-element-caption\"><em>O conselheiro Antonio L\u00facio falou sobre a NR1<\/em><\/figcaption><\/figure>\n\n\n\n<p>Ele explicou que o n\u00e3o cumprimento da NR-1 gera riscos legais, autua\u00e7\u00f5es e a\u00e7\u00f5es trabalhistas, impactando tamb\u00e9m a reputa\u00e7\u00e3o empresarial. Em s\u00edntese, disse, a norma exige que as organiza\u00e7\u00f5es atuem preventivamente na gest\u00e3o da sa\u00fade mental e f\u00edsica dos trabalhadores, garantindo ambientes de trabalho seguros, produtivos e em conformidade legal. <strong><a href=\"https:\/\/acrj.org.br\/wp-content\/uploads\/2025\/09\/Apresentacao-NR1.pdf\">Confira aqui <\/a><\/strong>a apresenta\u00e7\u00e3o completa. <\/p>\n\n\n\n<p>\u00a0O novo membro do Conselho de Varejo, Vagner Dantas, apresentou a empresa Evehx Rio Engenharia que desenvolve solu\u00e7\u00f5es personalizadas para reforma e constru\u00e7\u00e3o, especialmente para o varejo. <strong><a href=\"https:\/\/acrj.org.br\/wp-content\/uploads\/2025\/09\/Evehx-Rio-Engenharia-na-ACRJ-Comissao-de-Varejo_20250912_094503_0000.pdf\">Confira aqui <\/a><\/strong>a apresenta\u00e7\u00e3o completa.<\/p>\n\n\n\n<figure class=\"wp-block-image size-large is-resized\"><img loading=\"lazy\" decoding=\"async\" width=\"2560\" height=\"1439\" src=\"https:\/\/acrj.org.br\/wp-content\/uploads\/2025\/09\/vagner-dantas-edited-scaled.jpg\" alt=\"\" class=\"wp-image-38975\" style=\"width:500px\" srcset=\"https:\/\/acrj.org.br\/wp-content\/uploads\/2025\/09\/vagner-dantas-edited-scaled.jpg 2560w, https:\/\/acrj.org.br\/wp-content\/uploads\/2025\/09\/vagner-dantas-edited-300x169.jpg 300w, https:\/\/acrj.org.br\/wp-content\/uploads\/2025\/09\/vagner-dantas-edited-1024x576.jpg 1024w, https:\/\/acrj.org.br\/wp-content\/uploads\/2025\/09\/vagner-dantas-edited-768x432.jpg 768w, https:\/\/acrj.org.br\/wp-content\/uploads\/2025\/09\/vagner-dantas-edited-1536x863.jpg 1536w, https:\/\/acrj.org.br\/wp-content\/uploads\/2025\/09\/vagner-dantas-edited-2048x1151.jpg 2048w\" sizes=\"(max-width: 2560px) 100vw, 2560px\" \/><figcaption class=\"wp-element-caption\"><em>O novo conselheiro Vagner Dantas<\/em><\/figcaption><\/figure>\n","protected":false},"excerpt":{"rendered":"<p>A reuni\u00e3o do Conselho Empresarial de Varejo da ACRJ, realizada dia 12 de setembro, sob a presid\u00eancia de Juedir Teixeira, contou com o debate sobre&hellip;<\/p>\n","protected":false},"author":3,"featured_media":38955,"comment_status":"closed","ping_status":"closed","sticky":false,"template":"","format":"standard","meta":{"_exactmetrics_skip_tracking":false,"_exactmetrics_sitenote_active":false,"_exactmetrics_sitenote_note":"","_exactmetrics_sitenote_category":0,"footnotes":""},"categories":[56,10],"tags":[],"class_list":["post-38954","post","type-post","status-publish","format-standard","has-post-thumbnail","hentry","category-destaque_conselhos","category-noticias"],"_links":{"self":[{"href":"https:\/\/acrj.org.br\/index.php\/wp-json\/wp\/v2\/posts\/38954","targetHints":{"allow":["GET"]}}],"collection":[{"href":"https:\/\/acrj.org.br\/index.php\/wp-json\/wp\/v2\/posts"}],"about":[{"href":"https:\/\/acrj.org.br\/index.php\/wp-json\/wp\/v2\/types\/post"}],"author":[{"embeddable":true,"href":"https:\/\/acrj.org.br\/index.php\/wp-json\/wp\/v2\/users\/3"}],"replies":[{"embeddable":true,"href":"https:\/\/acrj.org.br\/index.php\/wp-json\/wp\/v2\/comments?post=38954"}],"version-history":[{"count":0,"href":"https:\/\/acrj.org.br\/index.php\/wp-json\/wp\/v2\/posts\/38954\/revisions"}],"wp:featuredmedia":[{"embeddable":true,"href":"https:\/\/acrj.org.br\/index.php\/wp-json\/wp\/v2\/media\/38955"}],"wp:attachment":[{"href":"https:\/\/acrj.org.br\/index.php\/wp-json\/wp\/v2\/media?parent=38954"}],"wp:term":[{"taxonomy":"category","embeddable":true,"href":"https:\/\/acrj.org.br\/index.php\/wp-json\/wp\/v2\/categories?post=38954"},{"taxonomy":"post_tag","embeddable":true,"href":"https:\/\/acrj.org.br\/index.php\/wp-json\/wp\/v2\/tags?post=38954"}],"curies":[{"name":"wp","href":"https:\/\/api.w.org\/{rel}","templated":true}]}}