{"id":38794,"date":"2025-09-05T15:48:53","date_gmt":"2025-09-05T18:48:53","guid":{"rendered":"https:\/\/acrj.org.br\/?p=38794"},"modified":"2025-09-09T14:59:08","modified_gmt":"2025-09-09T17:59:08","slug":"o-papel-estrategico-do-brasil-no-cenario-global-e-tema-do-conselho-de-governanca","status":"publish","type":"post","link":"https:\/\/acrj.org.br\/index.php\/2025\/09\/05\/o-papel-estrategico-do-brasil-no-cenario-global-e-tema-do-conselho-de-governanca\/","title":{"rendered":"O papel estrat\u00e9gico do Brasil no cen\u00e1rio global \u00e9 tema do Conselho de Governan\u00e7a"},"content":{"rendered":"\n<p><\/p>\n\n\n\n<p>O professor de Pol\u00edtica Internacional da UERJ, Paulo Velasco, participou, dia 5 de setembro, da reuni\u00e3o do Conselho Empresarial de Governan\u00e7a, Compliance e Diversidade da ACRJ quando debateu os desafios da desordem global para os neg\u00f3cios e a posi\u00e7\u00e3o do Brasil. O encontro contou com a participa\u00e7\u00e3o do presidente do Conselho Superior da ACRJ, Ruy Barreto Filho e foi coordenado pelo presidente do Conselho, Humberto Mota Filho.<\/p>\n\n\n\n<p>Na abertura do encontro, Humberto Filho anunciou que ser\u00e1 firmada uma parceria entre a ACRJ e a consultoria Smart3 para a realiza\u00e7\u00e3o conjunta e\/ou divulga\u00e7\u00e3o m\u00fatua de eventos, cursos, palestras, oficinas, elabora\u00e7\u00e3o e divulga\u00e7\u00e3o de cartilhas e outras publica\u00e7\u00f5es, bem como outras a\u00e7\u00f5es gratuitas voltadas \u00e0 educa\u00e7\u00e3o e capacita\u00e7\u00e3o em temas relacionados \u00e0s \u00e1reas de Direito Digital, Prote\u00e7\u00e3o de Dados, Intelig\u00eancia Artificial, Inova\u00e7\u00e3o e Tecnologia da Informa\u00e7\u00e3o.<\/p>\n\n\n\n<figure class=\"wp-block-image size-large is-resized\"><img fetchpriority=\"high\" decoding=\"async\" width=\"2379\" height=\"1339\" src=\"https:\/\/acrj.org.br\/wp-content\/uploads\/2025\/09\/IMG_20250905_101505395_HDR_AE-edited.jpg\" alt=\"\" class=\"wp-image-38797\" style=\"width:500px\" srcset=\"https:\/\/acrj.org.br\/wp-content\/uploads\/2025\/09\/IMG_20250905_101505395_HDR_AE-edited.jpg 2379w, https:\/\/acrj.org.br\/wp-content\/uploads\/2025\/09\/IMG_20250905_101505395_HDR_AE-edited-300x169.jpg 300w, https:\/\/acrj.org.br\/wp-content\/uploads\/2025\/09\/IMG_20250905_101505395_HDR_AE-edited-1024x576.jpg 1024w, https:\/\/acrj.org.br\/wp-content\/uploads\/2025\/09\/IMG_20250905_101505395_HDR_AE-edited-768x432.jpg 768w, https:\/\/acrj.org.br\/wp-content\/uploads\/2025\/09\/IMG_20250905_101505395_HDR_AE-edited-1536x865.jpg 1536w, https:\/\/acrj.org.br\/wp-content\/uploads\/2025\/09\/IMG_20250905_101505395_HDR_AE-edited-2048x1153.jpg 2048w\" sizes=\"(max-width: 2379px) 100vw, 2379px\" \/><figcaption class=\"wp-element-caption\"><em>Ruy Barreto Filho, Walter Capanema e Humberto Mota <\/em><br><em>Filho com o termo de compromisso para a parceria<\/em><\/figcaption><\/figure>\n\n\n\n<p>Em seguida, o professor Paulo Velasco deu in\u00edcio \u00e0 sua apresenta\u00e7\u00e3o, destacando o poder da informa\u00e7\u00e3o e o papel estrat\u00e9gico do Brasil no cen\u00e1rio global e que a humanidade vive hoje em uma era cada vez mais orientada por dados e tecnologia da informa\u00e7\u00e3o. \u201cPara os empres\u00e1rios, compreender quais informa\u00e7\u00f5es s\u00e3o realmente relevantes e como utiliz\u00e1-las de forma estrat\u00e9gica \u00e9 um diferencial competitivo. A coleta, o tratamento e a an\u00e1lise de dados permitem decis\u00f5es mais assertivas, alinhadas \u00e0s necessidades de consumidores, clientes e colaboradores\u201d, afirmou.<\/p>\n\n\n\n<p>Ao mesmo tempo, de acordo com ele, o mundo passa por uma profunda transforma\u00e7\u00e3o geopol\u00edtica, onde \u201cEstados Unidos, China, Uni\u00e3o Europeia, \u00cdndia, Indon\u00e9sia e Brasil s\u00e3o alguns dos atores que disputam espa\u00e7o e influ\u00eancia global, com interesses muitas vezes divergentes e at\u00e9 antag\u00f4nicos\u201d. \u201cSe antes viv\u00edamos em um cen\u00e1rio bipolar, com dois polos claros de poder, hoje enfrentamos um ambiente multipolar, muito mais complexo e din\u00e2mico. Nesse contexto, o Brasil se destaca por adotar historicamente uma pol\u00edtica externa universalista, que busca equil\u00edbrio entre parceiros tradicionais\u201d, explicou.<\/p>\n\n\n\n<figure class=\"wp-block-image size-large is-resized\"><img decoding=\"async\" width=\"2560\" height=\"1440\" src=\"https:\/\/acrj.org.br\/wp-content\/uploads\/2025\/09\/IMG_20250905_122649343_HDR_AE-edited-scaled.jpg\" alt=\"\" class=\"wp-image-38801\" style=\"width:500px\" srcset=\"https:\/\/acrj.org.br\/wp-content\/uploads\/2025\/09\/IMG_20250905_122649343_HDR_AE-edited-scaled.jpg 2560w, https:\/\/acrj.org.br\/wp-content\/uploads\/2025\/09\/IMG_20250905_122649343_HDR_AE-edited-300x169.jpg 300w, https:\/\/acrj.org.br\/wp-content\/uploads\/2025\/09\/IMG_20250905_122649343_HDR_AE-edited-1024x576.jpg 1024w, https:\/\/acrj.org.br\/wp-content\/uploads\/2025\/09\/IMG_20250905_122649343_HDR_AE-edited-768x432.jpg 768w, https:\/\/acrj.org.br\/wp-content\/uploads\/2025\/09\/IMG_20250905_122649343_HDR_AE-edited-1536x864.jpg 1536w, https:\/\/acrj.org.br\/wp-content\/uploads\/2025\/09\/IMG_20250905_122649343_HDR_AE-edited-2048x1152.jpg 2048w\" sizes=\"(max-width: 2560px) 100vw, 2560px\" \/><\/figure>\n\n\n\n<p>O convidado tamb\u00e9m abordou, entre outras quest\u00f5es, a rela\u00e7\u00e3o China e Estados Unidos na \u00e1rea militar e a superioridade tecnol\u00f3gica e estrat\u00e9gica dos americanos nesta quest\u00e3o, os BRICS e os desafios e oportunidades para o Brasil no atual cen\u00e1rio global.<\/p>\n\n\n\n<p>Para ele, o pa\u00eds adota uma pol\u00edtica externa universalista, e essa postura conciliadora d\u00e1 ao Brasil credibilidade como mediador internacional. \u201cPara o Brasil, o cen\u00e1rio global exige diversifica\u00e7\u00e3o de parceiros, acordos bilaterais robustos e vis\u00e3o estrat\u00e9gica para fortalecer a competitividade, equilibrando rela\u00e7\u00f5es com China, Estados Unidos e Europa\u201d, acrescentou.<\/p>\n\n\n\n<p>Ruy Barreto Filho, com mais de 30 anos de experi\u00eancia como exportador de caf\u00e9 sol\u00favel, destacou que o Brasil n\u00e3o aproveitou oportunidades hist\u00f3ricas no mercado de caf\u00e9, carne e min\u00e9rio, permitindo que pa\u00edses como Alemanha e Vietn\u00e3 dominassem setores estrat\u00e9gicos. \u201cO Brasil pode fortalecer sua posi\u00e7\u00e3o global, mas a falta de vis\u00e3o estrat\u00e9gica impede seu protagonismo internacional e maior capacita\u00e7\u00e3o e conhecimento geopol\u00edtico para avan\u00e7ar\u201d, afirmou.<\/p>\n\n\n\n<p>Ao final da reuni\u00e3o, o presidente do Conselho, Humberto Mota Filho fez a doa\u00e7\u00e3o de seu livro \u00e0 UERJ. &#8220;Ao agradecer ao professor Paulo Velasco, fa\u00e7o a doa\u00e7\u00e3o de 10 exemplares de meu livro <em>As escolhas pol\u00edticas de integra\u00e7\u00e3o nos casos do Mercosul e da Alca, <\/em>objeto de minha tese de doutorado, para a biblioteca da UERJ. Nessa tese, ressalto a import\u00e2ncia da estrat\u00e9gia nacional e dos agentes pol\u00edticos nas formas de integra\u00e7\u00e3o poss\u00edveis, no longo prazo. Precisamos retomar o debate da estrat\u00e9gia nacional, num debate qualificado\u201d, disse.<\/p>\n","protected":false},"excerpt":{"rendered":"<p>O professor de Pol\u00edtica Internacional da UERJ, Paulo Velasco, participou, dia 5 de setembro, da reuni\u00e3o do Conselho Empresarial de Governan\u00e7a, Compliance e Diversidade da&hellip;<\/p>\n","protected":false},"author":3,"featured_media":38795,"comment_status":"closed","ping_status":"closed","sticky":false,"template":"","format":"standard","meta":{"_exactmetrics_skip_tracking":false,"_exactmetrics_sitenote_active":false,"_exactmetrics_sitenote_note":"","_exactmetrics_sitenote_category":0,"footnotes":""},"categories":[56,10],"tags":[],"class_list":["post-38794","post","type-post","status-publish","format-standard","has-post-thumbnail","hentry","category-destaque_conselhos","category-noticias"],"_links":{"self":[{"href":"https:\/\/acrj.org.br\/index.php\/wp-json\/wp\/v2\/posts\/38794","targetHints":{"allow":["GET"]}}],"collection":[{"href":"https:\/\/acrj.org.br\/index.php\/wp-json\/wp\/v2\/posts"}],"about":[{"href":"https:\/\/acrj.org.br\/index.php\/wp-json\/wp\/v2\/types\/post"}],"author":[{"embeddable":true,"href":"https:\/\/acrj.org.br\/index.php\/wp-json\/wp\/v2\/users\/3"}],"replies":[{"embeddable":true,"href":"https:\/\/acrj.org.br\/index.php\/wp-json\/wp\/v2\/comments?post=38794"}],"version-history":[{"count":0,"href":"https:\/\/acrj.org.br\/index.php\/wp-json\/wp\/v2\/posts\/38794\/revisions"}],"wp:featuredmedia":[{"embeddable":true,"href":"https:\/\/acrj.org.br\/index.php\/wp-json\/wp\/v2\/media\/38795"}],"wp:attachment":[{"href":"https:\/\/acrj.org.br\/index.php\/wp-json\/wp\/v2\/media?parent=38794"}],"wp:term":[{"taxonomy":"category","embeddable":true,"href":"https:\/\/acrj.org.br\/index.php\/wp-json\/wp\/v2\/categories?post=38794"},{"taxonomy":"post_tag","embeddable":true,"href":"https:\/\/acrj.org.br\/index.php\/wp-json\/wp\/v2\/tags?post=38794"}],"curies":[{"name":"wp","href":"https:\/\/api.w.org\/{rel}","templated":true}]}}