{"id":38785,"date":"2025-09-04T15:45:19","date_gmt":"2025-09-04T18:45:19","guid":{"rendered":"https:\/\/acrj.org.br\/?p=38785"},"modified":"2025-11-03T16:16:49","modified_gmt":"2025-11-03T19:16:49","slug":"conselho-debate-propostas-para-impulsionar-a-regiao-central-da-cidade","status":"publish","type":"post","link":"https:\/\/acrj.org.br\/index.php\/2025\/09\/04\/conselho-debate-propostas-para-impulsionar-a-regiao-central-da-cidade\/","title":{"rendered":"Conselho debate propostas para impulsionar a regi\u00e3o central da cidade"},"content":{"rendered":"\n<p>No dia 4 de setembro, o Conselho Empresarial da Renova\u00e7\u00e3o do Centro do Rio da ACRJ, presidido por Carlos Roberto Osorio, se reuniu para debater alguns temas importantes para a revitaliza\u00e7\u00e3o da regi\u00e3o central da cidade. O encontro contou com a participa\u00e7\u00e3o do consultor Rodrigo Teixeira, que apresentou a primeira vers\u00e3o do plano de a\u00e7\u00e3o a partir do encontro realizado pela ACRJ em 19 de agosto, quando 33 institui\u00e7\u00f5es p\u00fablicas e privadas se reuniram para debater propostas e solu\u00e7\u00f5es para os desafios do Centro da cidade. O documento ser\u00e1 analisado pelos conselheiros, que far\u00e3o ajustes antes de encaminhar ao presidente da ACRJ, Josier Vilar.<\/p>\n\n\n\n<p>Na segunda parte da reuni\u00e3o, entre os principais temas discutidos, destacou-se a necessidade de encontrar caminhos para reduzir o custo do IPTU, considerado um dos maiores entraves \u00e0 reocupa\u00e7\u00e3o de im\u00f3veis e \u00e0 atra\u00e7\u00e3o de novos investimentos para a regi\u00e3o. O tema foi apresentado pelo vice-presidente do Conselho, Cl\u00e1udio Andr\u00e9 Castro, que mostrou casos extremos, como im\u00f3veis com IPTU mensal superior a R$ 40 mil, principalmente ex-lojas de bancos que hoje est\u00e3o vazias e contribuem para a sensa\u00e7\u00e3o de abandono do Centro.<\/p>\n\n\n\n<p>Segundo Castro, a Procuradoria Geral do Munic\u00edpio confirmou a possibilidade de reduzir individualmente o valor do IPTU mediante laudos de avalia\u00e7\u00e3o t\u00e9cnica conforme normas da ABNT, mas explicou que a ado\u00e7\u00e3o de um projeto setorial espec\u00edfico para o Centro enfrenta desafios t\u00e9cnicos e pol\u00edticos. Para enfrentar esta situa\u00e7\u00e3o, o Conselho debateu a cria\u00e7\u00e3o de mecanismos tempor\u00e1rios de desonera\u00e7\u00e3o, com validade inicial de cinco anos e crit\u00e9rios vinculados \u00e0 efetiva ocupa\u00e7\u00e3o dos im\u00f3veis, priorizando atividades econ\u00f4micas estrat\u00e9gicas, al\u00e9m de outras alternativas. O tema ser\u00e1 aprofundado com a C\u00e2mara Municipal do Rio, que se prepara para discutir o Reviver Centro 3, programa voltado \u00e0 revitaliza\u00e7\u00e3o do Centro.<\/p>\n\n\n\n<p>Outro ponto de destaque foi a discuss\u00e3o sobre o Corredor Cultural e as exig\u00eancias atuais para reformas e restaura\u00e7\u00f5es, consideradas onerosas e impeditivas para muitos investidores. A proposta \u00e9 buscar simplifica\u00e7\u00e3o regulat\u00f3ria sem comprometer a preserva\u00e7\u00e3o do patrim\u00f4nio hist\u00f3rico.<\/p>\n\n\n\n<p>O Conselho tamb\u00e9m avan\u00e7ou em ideias para requalificar a voca\u00e7\u00e3o econ\u00f4mica do Centro, resgatando ruas tem\u00e1ticas tradicionais, como a Rua do Ouvidor e Rep\u00fablica do L\u00edbano, por exemplo, criando polos setoriais organizados. Entre as iniciativas estudadas est\u00e1 a atra\u00e7\u00e3o de lojas de f\u00e1brica com apoio e incentivos para gerar fluxo de consumidores, al\u00e9m de um mapeamento detalhado das atividades por quadra, fortalecendo a identidade hist\u00f3rica e comercial da regi\u00e3o.<\/p>\n\n\n\n<p>\u201cEstamos construindo solu\u00e7\u00f5es em conjunto com o poder p\u00fablico e a iniciativa privada com o objetivo \u00e9 retomar a vitalidade econ\u00f4mica do Centro\u201d, destacou Carlos Roberto Osorio. A ACRJ segue atuando como ponto de articula\u00e7\u00e3o entre diferentes setores, consolidando propostas que combinam incentivos econ\u00f4micos, gest\u00e3o compartilhada e valoriza\u00e7\u00e3o da hist\u00f3ria e da identidade do Centro do Rio.<\/p>\n","protected":false},"excerpt":{"rendered":"<p>No dia 4 de setembro, o Conselho Empresarial da Renova\u00e7\u00e3o do Centro do Rio da ACRJ, presidido por Carlos Roberto Osorio, se reuniu para debater&hellip;<\/p>\n","protected":false},"author":3,"featured_media":38786,"comment_status":"closed","ping_status":"closed","sticky":false,"template":"","format":"standard","meta":{"_exactmetrics_skip_tracking":false,"_exactmetrics_sitenote_active":false,"_exactmetrics_sitenote_note":"","_exactmetrics_sitenote_category":0,"footnotes":""},"categories":[56,10],"tags":[],"class_list":["post-38785","post","type-post","status-publish","format-standard","has-post-thumbnail","hentry","category-destaque_conselhos","category-noticias"],"_links":{"self":[{"href":"https:\/\/acrj.org.br\/index.php\/wp-json\/wp\/v2\/posts\/38785","targetHints":{"allow":["GET"]}}],"collection":[{"href":"https:\/\/acrj.org.br\/index.php\/wp-json\/wp\/v2\/posts"}],"about":[{"href":"https:\/\/acrj.org.br\/index.php\/wp-json\/wp\/v2\/types\/post"}],"author":[{"embeddable":true,"href":"https:\/\/acrj.org.br\/index.php\/wp-json\/wp\/v2\/users\/3"}],"replies":[{"embeddable":true,"href":"https:\/\/acrj.org.br\/index.php\/wp-json\/wp\/v2\/comments?post=38785"}],"version-history":[{"count":0,"href":"https:\/\/acrj.org.br\/index.php\/wp-json\/wp\/v2\/posts\/38785\/revisions"}],"wp:featuredmedia":[{"embeddable":true,"href":"https:\/\/acrj.org.br\/index.php\/wp-json\/wp\/v2\/media\/38786"}],"wp:attachment":[{"href":"https:\/\/acrj.org.br\/index.php\/wp-json\/wp\/v2\/media?parent=38785"}],"wp:term":[{"taxonomy":"category","embeddable":true,"href":"https:\/\/acrj.org.br\/index.php\/wp-json\/wp\/v2\/categories?post=38785"},{"taxonomy":"post_tag","embeddable":true,"href":"https:\/\/acrj.org.br\/index.php\/wp-json\/wp\/v2\/tags?post=38785"}],"curies":[{"name":"wp","href":"https:\/\/api.w.org\/{rel}","templated":true}]}}