{"id":38645,"date":"2025-09-01T10:41:06","date_gmt":"2025-09-01T13:41:06","guid":{"rendered":"https:\/\/acrj.org.br\/?p=38645"},"modified":"2025-10-21T10:49:00","modified_gmt":"2025-10-21T13:49:00","slug":"acrj-participa-de-debate-sobre-qualidade-do-gasto-publico-e-seguranca","status":"publish","type":"post","link":"https:\/\/acrj.org.br\/index.php\/2025\/09\/01\/acrj-participa-de-debate-sobre-qualidade-do-gasto-publico-e-seguranca\/","title":{"rendered":"ACRJ participa de debate sobre qualidade do gasto p\u00fablico e seguran\u00e7a"},"content":{"rendered":"\n<p>O presidente do Conselho Empresarial da Renova\u00e7\u00e3o do Centro do Rio e da Ordem P\u00fablica da ACRJ, Carlos Roberto Osorio, participou, dia 29 de agosto, na Casa Firjan, do semin\u00e1rio \u201cQualidade do gasto p\u00fablico e a seguran\u00e7a p\u00fablica para o ambiente de neg\u00f3cios\u201d, organizado pela Frente Parlamentar do Empreendedorismo da C\u00e2mara dos Deputados, o encontro apresentou tr\u00eas pain\u00e9is, e tratou, entre outros temas, de pol\u00edticas p\u00fablicas e qualidade de gastos, reforma administrativa, indicadores de seguran\u00e7a e intelig\u00eancia artificial. O evento contou a presen\u00e7a de empres\u00e1rios, parlamentares, autoridades e especialistas. <\/p>\n\n\n\n<p>Carlos Osorio representou o presidente da ACRJ, Josier Vilar, e integrou a mesa sobre Pequenas, M\u00e9dias e Grandes Empresas: a Constru\u00e7\u00e3o de Cadeias Produtivas, mediada pelo deputado federal Luiz Gast\u00e3o (PSD\/CE). O evento tamb\u00e9m contou com a presen\u00e7a do presidente do Conselho Superior da ACRJ, Ruy Barreto Filho.<\/p>\n\n\n\n<p>Em sua apresenta\u00e7\u00e3o,  Osorio tamb\u00e9m abordou o tema da seguran\u00e7a p\u00fablica como um inibidor do crescimento de pequenas e m\u00e9dias empresas no Rio de Janeiro e diversos outros estados brasileiros. Aproveitando a presen\u00e7a da Frente Parlamentar do Empreendedorismo da C\u00e2mara dos Deputados, ele pediu prioridade para a avalia\u00e7\u00e3o e vota\u00e7\u00e3o dos projetos que tratam do aperfei\u00e7oamento do sistema de seguran\u00e7a p\u00fablica, como a PEC da Seguran\u00e7a. <\/p>\n\n\n\n<figure class=\"wp-block-image size-large is-resized\"><img fetchpriority=\"high\" decoding=\"async\" width=\"1024\" height=\"683\" src=\"https:\/\/acrj.org.br\/wp-content\/uploads\/2025\/09\/IMG_9984-1024x683.jpg\" alt=\"\" class=\"wp-image-38646\" style=\"width:500px\" srcset=\"https:\/\/acrj.org.br\/wp-content\/uploads\/2025\/09\/IMG_9984-1024x683.jpg 1024w, https:\/\/acrj.org.br\/wp-content\/uploads\/2025\/09\/IMG_9984-300x200.jpg 300w, https:\/\/acrj.org.br\/wp-content\/uploads\/2025\/09\/IMG_9984-768x512.jpg 768w, https:\/\/acrj.org.br\/wp-content\/uploads\/2025\/09\/IMG_9984-1536x1024.jpg 1536w, https:\/\/acrj.org.br\/wp-content\/uploads\/2025\/09\/IMG_9984-2048x1365.jpg 2048w\" sizes=\"(max-width: 1024px) 100vw, 1024px\" \/><figcaption class=\"wp-element-caption\"><em>Carlos Osorio representou o presidente Josier Vilar<\/em><\/figcaption><\/figure>\n\n\n\n<p>Os participantes abordaram a quest\u00e3o do impacto da IA, que deve provocar um redirecionamento na gest\u00e3o das empresas e em rela\u00e7\u00e3o \u00e0 capacita\u00e7\u00e3o e prepara\u00e7\u00e3o dos trabalhadores, entre outros assuntos sobre o tema. Tamb\u00e9m participaram deste painel junto com Carlos Osorio, o deputado federal Z\u00e9 Neto (PT\/BA); S\u00e9rgio Gusman, presidente da Ag\u00eancia de Fomento da Secretaria de Desenvolvimento Econ\u00f4mico, Ind\u00fastria, Com\u00e9rcio e Servi\u00e7os do Estado do RJ (Agerio); Guilherme Merc\u00eas, consultor da Fecom\u00e9rcio RJ; Rodrigo Moccia, diretor de rela\u00e7\u00f5es governamentais da Ambev; e Robson Carneiro, presidente do Conselho Deliberativo Estadual do Sebrae Rio.<\/p>\n\n\n\n\n\n<p>Com Informa\u00e7\u00f5es do site da Firjan<\/p>\n\n\n\n<p>Fotos: Paula Johas<\/p>\n","protected":false},"excerpt":{"rendered":"<p>O presidente do Conselho Empresarial da Renova\u00e7\u00e3o do Centro do Rio e da Ordem P\u00fablica da ACRJ, Carlos Roberto Osorio, participou, dia 29 de agosto,&hellip;<\/p>\n","protected":false},"author":3,"featured_media":38647,"comment_status":"closed","ping_status":"closed","sticky":false,"template":"","format":"standard","meta":{"_exactmetrics_skip_tracking":false,"_exactmetrics_sitenote_active":false,"_exactmetrics_sitenote_note":"","_exactmetrics_sitenote_category":0,"footnotes":""},"categories":[6,10],"tags":[],"class_list":["post-38645","post","type-post","status-publish","format-standard","has-post-thumbnail","hentry","category-destaque_noticias","category-noticias"],"_links":{"self":[{"href":"https:\/\/acrj.org.br\/index.php\/wp-json\/wp\/v2\/posts\/38645","targetHints":{"allow":["GET"]}}],"collection":[{"href":"https:\/\/acrj.org.br\/index.php\/wp-json\/wp\/v2\/posts"}],"about":[{"href":"https:\/\/acrj.org.br\/index.php\/wp-json\/wp\/v2\/types\/post"}],"author":[{"embeddable":true,"href":"https:\/\/acrj.org.br\/index.php\/wp-json\/wp\/v2\/users\/3"}],"replies":[{"embeddable":true,"href":"https:\/\/acrj.org.br\/index.php\/wp-json\/wp\/v2\/comments?post=38645"}],"version-history":[{"count":0,"href":"https:\/\/acrj.org.br\/index.php\/wp-json\/wp\/v2\/posts\/38645\/revisions"}],"wp:featuredmedia":[{"embeddable":true,"href":"https:\/\/acrj.org.br\/index.php\/wp-json\/wp\/v2\/media\/38647"}],"wp:attachment":[{"href":"https:\/\/acrj.org.br\/index.php\/wp-json\/wp\/v2\/media?parent=38645"}],"wp:term":[{"taxonomy":"category","embeddable":true,"href":"https:\/\/acrj.org.br\/index.php\/wp-json\/wp\/v2\/categories?post=38645"},{"taxonomy":"post_tag","embeddable":true,"href":"https:\/\/acrj.org.br\/index.php\/wp-json\/wp\/v2\/tags?post=38645"}],"curies":[{"name":"wp","href":"https:\/\/api.w.org\/{rel}","templated":true}]}}