{"id":38625,"date":"2025-08-29T14:42:12","date_gmt":"2025-08-29T17:42:12","guid":{"rendered":"https:\/\/acrj.org.br\/?p=38625"},"modified":"2025-09-02T16:47:12","modified_gmt":"2025-09-02T19:47:12","slug":"atuacao-do-conselho-coloca-acrj-como-player-importante-na-discussao-energetica-da-cidade","status":"publish","type":"post","link":"https:\/\/acrj.org.br\/index.php\/2025\/08\/29\/atuacao-do-conselho-coloca-acrj-como-player-importante-na-discussao-energetica-da-cidade\/","title":{"rendered":"Atua\u00e7\u00e3o do Conselho coloca ACRJ como player importante na discuss\u00e3o energ\u00e9tica da cidade"},"content":{"rendered":"\n<p>A reuni\u00e3o mensal do Conselho Empresarial de Energia e Transi\u00e7\u00e3o Energ\u00e9tica da ACRJ, realizada dia 29 de agosto, atualizou os conselheiros sobre os assuntos em andamento e trouxe novidades, como a apresenta\u00e7\u00e3o da plataforma de monitoramento e gerenciamento em tempo real da TSC Americas, feita pela CEO da empresa, Am\u00e1lia Casas.<\/p>\n\n\n\n<p>Ao abrir a reuni\u00e3o, o presidente do Conselho, Gabriel Kropsch, comentou que a ACRJ, por meio do Conselho, tem atuado de forma estrat\u00e9gica na defesa e promo\u00e7\u00e3o de solu\u00e7\u00f5es sustent\u00e1veis para a mobilidade urbana, com foco no uso de g\u00e1s natural, biog\u00e1s e bioetanol. E informou sobre sua participa\u00e7\u00e3o na audi\u00eancia p\u00fablica promovida pela C\u00e2mara Municipal do Rio para colher contribui\u00e7\u00f5es sobre a licita\u00e7\u00e3o de 528 \u00f4nibus destinados \u00e0 Zona Oeste.<\/p>\n\n\n\n<p>\u201cApresentei algumas recomenda\u00e7\u00f5es t\u00e9cnicas durante esta audi\u00eancia p\u00fablica, que geraram uma carta oficial, assinada pelo presidente da ACRJ, Josier Vilar e encaminhada diretamente \u00e0 Prefeitura, refor\u00e7ando nosso posicionamento em favor de uma matriz energ\u00e9tica mais limpa e eficiente\u201d, disse. De acordo com ele, essa atua\u00e7\u00e3o consolidou a ACRJ como um player relevante na discuss\u00e3o sobre mobilidade sustent\u00e1vel e inova\u00e7\u00e3o energ\u00e9tica na cidade. \u201cAgora, aguardamos os desdobramentos da consulta p\u00fablica e seguimos acompanhando o processo de perto\u201d, completou.<\/p>\n\n\n\n<p>Os conselheiros tamb\u00e9m fizeram contribui\u00e7\u00f5es, com destaque para:<\/p>\n\n\n\n<ul class=\"wp-block-list\">\n<li>Pesquisa sobre o Ambiente de Neg\u00f3cios: refor\u00e7ou pontos positivos como regula\u00e7\u00e3o e investimentos em inova\u00e7\u00e3o, al\u00e9m de desafios ligados \u00e0 liquidez comercial e integra\u00e7\u00e3o de pol\u00edticas.<\/li>\n<\/ul>\n\n\n\n<ul class=\"wp-block-list\">\n<li>Energia Offshore: avan\u00e7o na legisla\u00e7\u00e3o para estudos de projetos, com alto potencial para o Rio de Janeiro.<\/li>\n<\/ul>\n\n\n\n<ul class=\"wp-block-list\">\n<li>Usinas Hidrel\u00e9tricas Revers\u00edveis: tema em discuss\u00e3o no setor, ainda sem legisla\u00e7\u00e3o espec\u00edfica no Brasil.<\/li>\n<\/ul>\n\n\n\n<ul class=\"wp-block-list\">\n<li>A\u00e7\u00f5es institucionais: encaminhamento de contribui\u00e7\u00e3o para paper de posicionamento da ACRJ e proposta de convidados para pr\u00f3ximos encontros.<\/li>\n<\/ul>\n\n\n\n<ul class=\"wp-block-list\">\n<li>Mobilidade e transi\u00e7\u00e3o energ\u00e9tica: destaque para a reuni\u00e3o marcada para 11 de setembro na ACRJ sobre Transi\u00e7\u00e3o Energ\u00e9tica na Mobilidade Urbana, al\u00e9m da necessidade de regulamenta\u00e7\u00e3o sobre pontos de carregamento de ve\u00edculos el\u00e9tricos e participa\u00e7\u00e3o no Dia Mundial Sem Carro.<\/li>\n<\/ul>\n\n\n\n<ul class=\"wp-block-list\">\n<li>Leil\u00e3o de Capacidade: lan\u00e7amento de portaria do MME e an\u00fancio de novos projetos de termel\u00e9tricas a g\u00e1s.<\/li>\n<\/ul>\n\n\n\n<p>Na segunda parte da reuni\u00e3o, os conselheiros conheceram a plataforma desenvolvida pela The Stakeholder Company (TSC Americas), que fornece gerenciamento de quest\u00f5es e percep\u00e7\u00f5es em tempo real atrav\u00e9s de um sistema de sensoriamento global orientado pela IA intitulado Genie. Segundo Am\u00e1lia Casas, o trabalho abrange diversos setores, incluindo a \u00e1rea de energia, e tem como foco o monitoramento inteligente de temas, riscos e oportunidades que impactam empresas, institui\u00e7\u00f5es e associa\u00e7\u00f5es. \u201cA atua\u00e7\u00e3o envolve a an\u00e1lise cont\u00ednua de dados e a identifica\u00e7\u00e3o de stakeholders relevantes, permitindo uma tomada de decis\u00e3o mais estrat\u00e9gica e proativa\u201d, explicou.<\/p>\n\n\n\n<p>Ao longo dos anos, a empresa firmou parcerias estrat\u00e9gicas com institui\u00e7\u00f5es internacionais, o que a possibilita operar com uma rede de informa\u00e7\u00f5es abrangente e conectada globalmente. \u201cQuando essas organiza\u00e7\u00f5es identificam que uma empresa ou institui\u00e7\u00e3o enfrenta um desafio de gest\u00e3o de risco reputacional ou regulat\u00f3rio, nosso papel \u00e9 oferecer solu\u00e7\u00f5es que antecipam cen\u00e1rios e apontam caminhos de a\u00e7\u00e3o\u201d, disse.<\/p>\n\n\n\n<p><\/p>\n","protected":false},"excerpt":{"rendered":"<p>A reuni\u00e3o mensal do Conselho Empresarial de Energia e Transi\u00e7\u00e3o Energ\u00e9tica da ACRJ, realizada dia 29 de agosto, atualizou os conselheiros sobre os assuntos em&hellip;<\/p>\n","protected":false},"author":3,"featured_media":38626,"comment_status":"closed","ping_status":"closed","sticky":false,"template":"","format":"standard","meta":{"_exactmetrics_skip_tracking":false,"_exactmetrics_sitenote_active":false,"_exactmetrics_sitenote_note":"","_exactmetrics_sitenote_category":0,"footnotes":""},"categories":[56,10],"tags":[],"class_list":["post-38625","post","type-post","status-publish","format-standard","has-post-thumbnail","hentry","category-destaque_conselhos","category-noticias"],"_links":{"self":[{"href":"https:\/\/acrj.org.br\/index.php\/wp-json\/wp\/v2\/posts\/38625","targetHints":{"allow":["GET"]}}],"collection":[{"href":"https:\/\/acrj.org.br\/index.php\/wp-json\/wp\/v2\/posts"}],"about":[{"href":"https:\/\/acrj.org.br\/index.php\/wp-json\/wp\/v2\/types\/post"}],"author":[{"embeddable":true,"href":"https:\/\/acrj.org.br\/index.php\/wp-json\/wp\/v2\/users\/3"}],"replies":[{"embeddable":true,"href":"https:\/\/acrj.org.br\/index.php\/wp-json\/wp\/v2\/comments?post=38625"}],"version-history":[{"count":0,"href":"https:\/\/acrj.org.br\/index.php\/wp-json\/wp\/v2\/posts\/38625\/revisions"}],"wp:featuredmedia":[{"embeddable":true,"href":"https:\/\/acrj.org.br\/index.php\/wp-json\/wp\/v2\/media\/38626"}],"wp:attachment":[{"href":"https:\/\/acrj.org.br\/index.php\/wp-json\/wp\/v2\/media?parent=38625"}],"wp:term":[{"taxonomy":"category","embeddable":true,"href":"https:\/\/acrj.org.br\/index.php\/wp-json\/wp\/v2\/categories?post=38625"},{"taxonomy":"post_tag","embeddable":true,"href":"https:\/\/acrj.org.br\/index.php\/wp-json\/wp\/v2\/tags?post=38625"}],"curies":[{"name":"wp","href":"https:\/\/api.w.org\/{rel}","templated":true}]}}