{"id":38580,"date":"2025-08-27T15:17:01","date_gmt":"2025-08-27T18:17:01","guid":{"rendered":"https:\/\/acrj.org.br\/?p=38580"},"modified":"2025-08-29T14:43:46","modified_gmt":"2025-08-29T17:43:46","slug":"encontro-com-integrantes-de-nova-iguacu-propoe-parcerias-para-fortalecer-a-economia-solidaria","status":"publish","type":"post","link":"https:\/\/acrj.org.br\/index.php\/2025\/08\/27\/encontro-com-integrantes-de-nova-iguacu-propoe-parcerias-para-fortalecer-a-economia-solidaria\/","title":{"rendered":"Encontro com membros de Nova Igua\u00e7u prop\u00f5e parceria para fortalecer a economia solid\u00e1ria"},"content":{"rendered":"\n<p>Em mais um encontro voltado ao fortalecimento do empreendedorismo e da economia solid\u00e1ria, o Conselho Empresarial de Comunidades, Economia Solid\u00e1ria, Microempreendedorismo e Terceiro Setor da ACRJ recebeu representantes da Prefeitura de Nova Igua\u00e7u para debater a\u00e7\u00f5es conjuntas, ampliar conex\u00f5es e potencializar oportunidades de neg\u00f3cios entre a capital e a Baixada Fluminense. O secret\u00e1rio de Desenvolvimento Econ\u00f4mico, Trabalho e Turismo, M\u00e1rio Lopes; a assessora t\u00e9cnica da Secretaria da Mulher, Ana Paula Lopes; e a supervisora de Empreendedorismo da Secretaria da Mulher, D\u00e9bora Z\u00edlio, foram recebidos pela presidente do Conselho, C\u00e9lia Domingues, dia 26 de agosto, e participaram da reuni\u00e3o mensal do Conselho. O encontro tamb\u00e9m contou com a presen\u00e7a da vice-presidente de Comunica\u00e7\u00e3o da ACRJ, Jacyra Lucas.<\/p>\n\n\n\n<p>C\u00e9lia Domingues destacou a import\u00e2ncia de aproximar lideran\u00e7as de diferentes munic\u00edpios para entender as demandas locais e criar solu\u00e7\u00f5es conjuntas. Durante o encontro, os convidados apresentaram os avan\u00e7os de Nova Igua\u00e7u na \u00e1rea de empreendedorismo, com destaque para a cria\u00e7\u00e3o da Secretaria da Mulher, inaugurada em abril, que vem desenvolvendo projetos estrat\u00e9gicos voltados \u00e0 autonomia financeira de mulheres, capacita\u00e7\u00e3o profissional e apoio a v\u00edtimas de viol\u00eancia dom\u00e9stica.<\/p>\n\n\n\n<figure class=\"wp-block-image size-large is-resized\"><img fetchpriority=\"high\" decoding=\"async\" width=\"1024\" height=\"498\" src=\"https:\/\/acrj.org.br\/wp-content\/uploads\/2025\/08\/mesa-9-1024x498.jpg\" alt=\"\" class=\"wp-image-38584\" style=\"width:500px\" srcset=\"https:\/\/acrj.org.br\/wp-content\/uploads\/2025\/08\/mesa-9-1024x498.jpg 1024w, https:\/\/acrj.org.br\/wp-content\/uploads\/2025\/08\/mesa-9-300x146.jpg 300w, https:\/\/acrj.org.br\/wp-content\/uploads\/2025\/08\/mesa-9-768x374.jpg 768w, https:\/\/acrj.org.br\/wp-content\/uploads\/2025\/08\/mesa-9-1536x748.jpg 1536w, https:\/\/acrj.org.br\/wp-content\/uploads\/2025\/08\/mesa-9.jpg 1656w\" sizes=\"(max-width: 1024px) 100vw, 1024px\" \/><\/figure>\n\n\n\n<p>O encontro permitiu que os representantes de Nova Igua\u00e7u conhecessem os conselheiros e discutissem parcerias e oportunidades de integra\u00e7\u00e3o cultural e econ\u00f4mica. Algumas propostas foram apresentadas, entre elas, a promo\u00e7\u00e3o de visitas t\u00e9cnicas e participa\u00e7\u00e3o de empreendedores de Nova Igua\u00e7u em a\u00e7\u00f5es da ACRJ e vice-versa; fortalecimento de iniciativas sociais e solid\u00e1rias que impactam diretamente na gera\u00e7\u00e3o de emprego e renda; e realizar parcerias para eventos voltados \u00e0 moda, cultura afro, economia criativa e turismo.<\/p>\n\n\n\n<p>Ana Paula refor\u00e7ou a import\u00e2ncia da capacita\u00e7\u00e3o e do acolhimento como instrumentos de transforma\u00e7\u00e3o social, oferecendo condi\u00e7\u00f5es para que mulheres em situa\u00e7\u00e3o de vulnerabilidade saiam de ciclos de viol\u00eancia e conquistem autonomia. A pasta oferece cursos, encaminhamentos para emprego formal e incentiva o empreendedorismo feminino. \u201cAcreditamos que independ\u00eancia financeira \u00e9 um passo essencial para romper barreiras sociais\u201d, disse.<\/p>\n\n\n\n<figure class=\"wp-block-image size-large is-resized\"><img decoding=\"async\" width=\"1024\" height=\"474\" src=\"https:\/\/acrj.org.br\/wp-content\/uploads\/2025\/08\/mesa1-8-1024x474.jpg\" alt=\"\" class=\"wp-image-38583\" style=\"width:500px\" srcset=\"https:\/\/acrj.org.br\/wp-content\/uploads\/2025\/08\/mesa1-8-1024x474.jpg 1024w, https:\/\/acrj.org.br\/wp-content\/uploads\/2025\/08\/mesa1-8-300x139.jpg 300w, https:\/\/acrj.org.br\/wp-content\/uploads\/2025\/08\/mesa1-8-768x355.jpg 768w, https:\/\/acrj.org.br\/wp-content\/uploads\/2025\/08\/mesa1-8-1536x710.jpg 1536w, https:\/\/acrj.org.br\/wp-content\/uploads\/2025\/08\/mesa1-8.jpg 1944w\" sizes=\"(max-width: 1024px) 100vw, 1024px\" \/><\/figure>\n\n\n\n<p>M\u00e1rio Lopes, que tamb\u00e9m \u00e9 presidente da Associa\u00e7\u00e3o Comercial e Industrial de Nova Igua\u00e7u e conselheiro da ACRJ, enfatizou a relev\u00e2ncia da integra\u00e7\u00e3o entre a capital e a Baixada, ressaltando que Nova Igua\u00e7u \u00e9 o segundo maior PIB do estado e um polo estrat\u00e9gico para investimentos. \u201cEstamos a apenas 40 km do Rio de Janeiro e precisamos pensar o estado de forma unificada. Essa troca com a ACRJ nos fortalece, porque amplia a visibilidade do nosso mercado e cria novas pontes para atrair neg\u00f3cios e investimentos\u201d, afirmou.<\/p>\n\n\n\n<figure class=\"wp-block-image size-large is-resized\"><img decoding=\"async\" width=\"1024\" height=\"492\" src=\"https:\/\/acrj.org.br\/wp-content\/uploads\/2025\/08\/mario-1-1024x492.jpg\" alt=\"\" class=\"wp-image-38582\" style=\"width:500px\" srcset=\"https:\/\/acrj.org.br\/wp-content\/uploads\/2025\/08\/mario-1-1024x492.jpg 1024w, https:\/\/acrj.org.br\/wp-content\/uploads\/2025\/08\/mario-1-300x144.jpg 300w, https:\/\/acrj.org.br\/wp-content\/uploads\/2025\/08\/mario-1-768x369.jpg 768w, https:\/\/acrj.org.br\/wp-content\/uploads\/2025\/08\/mario-1-1536x738.jpg 1536w, https:\/\/acrj.org.br\/wp-content\/uploads\/2025\/08\/mario-1.jpg 1872w\" sizes=\"(max-width: 1024px) 100vw, 1024px\" \/><figcaption class=\"wp-element-caption\"><em>M\u00e1rio Lopes com C\u00e9lia Domingues (e.), Ana Paula Lopes e D\u00e9bora Z\u00edlio<\/em><\/figcaption><\/figure>\n\n\n\n<p>Ao final, C\u00e9lia Domingues refor\u00e7ou o convite do presidente da ACRJ, Josier Vilar, para que todos participem do 3\u00ba F\u00f3rum Rio Empreendedor, que acontecer\u00e1 nos dias 8 e 9 de outubro, na sede da ACRJ, destacando que o evento ser\u00e1 uma oportunidade \u00fanica para debater tend\u00eancias, gerar neg\u00f3cios e ampliar conex\u00f5es entre lideran\u00e7as empresariais, empreendedores e gestores p\u00fablicos.<\/p>\n","protected":false},"excerpt":{"rendered":"<p>Em mais um encontro voltado ao fortalecimento do empreendedorismo e da economia solid\u00e1ria, o Conselho Empresarial de Comunidades, Economia Solid\u00e1ria, Microempreendedorismo e Terceiro Setor da&hellip;<\/p>\n","protected":false},"author":3,"featured_media":38581,"comment_status":"closed","ping_status":"closed","sticky":false,"template":"","format":"standard","meta":{"_exactmetrics_skip_tracking":false,"_exactmetrics_sitenote_active":false,"_exactmetrics_sitenote_note":"","_exactmetrics_sitenote_category":0,"footnotes":""},"categories":[56,10],"tags":[],"class_list":["post-38580","post","type-post","status-publish","format-standard","has-post-thumbnail","hentry","category-destaque_conselhos","category-noticias"],"_links":{"self":[{"href":"https:\/\/acrj.org.br\/index.php\/wp-json\/wp\/v2\/posts\/38580","targetHints":{"allow":["GET"]}}],"collection":[{"href":"https:\/\/acrj.org.br\/index.php\/wp-json\/wp\/v2\/posts"}],"about":[{"href":"https:\/\/acrj.org.br\/index.php\/wp-json\/wp\/v2\/types\/post"}],"author":[{"embeddable":true,"href":"https:\/\/acrj.org.br\/index.php\/wp-json\/wp\/v2\/users\/3"}],"replies":[{"embeddable":true,"href":"https:\/\/acrj.org.br\/index.php\/wp-json\/wp\/v2\/comments?post=38580"}],"version-history":[{"count":0,"href":"https:\/\/acrj.org.br\/index.php\/wp-json\/wp\/v2\/posts\/38580\/revisions"}],"wp:featuredmedia":[{"embeddable":true,"href":"https:\/\/acrj.org.br\/index.php\/wp-json\/wp\/v2\/media\/38581"}],"wp:attachment":[{"href":"https:\/\/acrj.org.br\/index.php\/wp-json\/wp\/v2\/media?parent=38580"}],"wp:term":[{"taxonomy":"category","embeddable":true,"href":"https:\/\/acrj.org.br\/index.php\/wp-json\/wp\/v2\/categories?post=38580"},{"taxonomy":"post_tag","embeddable":true,"href":"https:\/\/acrj.org.br\/index.php\/wp-json\/wp\/v2\/tags?post=38580"}],"curies":[{"name":"wp","href":"https:\/\/api.w.org\/{rel}","templated":true}]}}