{"id":38306,"date":"2025-08-25T13:23:52","date_gmt":"2025-08-25T16:23:52","guid":{"rendered":"https:\/\/acrj.org.br\/?p=38306"},"modified":"2025-08-29T15:24:43","modified_gmt":"2025-08-29T18:24:43","slug":"38306","status":"publish","type":"post","link":"https:\/\/acrj.org.br\/index.php\/2025\/08\/25\/38306\/","title":{"rendered":"Conselho da Mulher aborda diversidade, inclus\u00e3o e atua\u00e7\u00e3o estrat\u00e9gica feminina em Conselhos"},"content":{"rendered":"\n<p>O Conselho Empresarial da Mulher no Ambiente de Neg\u00f3cios da ACRJ recebeu, dia 25 de agosto, o evento Jornada Conselheiras 2025 &#8211; Presen\u00e7a, Posicionamento e Influ\u00eancia em Tempos de Transi\u00e7\u00e3o. O encontro contou com as participa\u00e7\u00f5es de Bia Santos, da Barkus Educacional; Lind\u00e1lia Junqueira, do Hacking Rio; e Andrea Carvalho e Taiana Jung, do Hub+ Conselheiras, que debateram a atua\u00e7\u00e3o estrat\u00e9gica feminina em Conselhos.<\/p>\n\n\n\n<p>Ao abrir a reuni\u00e3o, a conselheira da ACRJ, Taiana Jung, representando a presidente do Conselho da Mulher, Michelle Novaes, disse que a discuss\u00e3o de hoje trouxe \u00e0 tona um conceito essencial para o futuro das organiza\u00e7\u00f5es: a diversidade cognitiva, mas que o caminho a ser percorrido exige equil\u00edbrio, respeito e reparo hist\u00f3rico. \u201cA diversidade cognitiva n\u00e3o busca sobrepor g\u00eaneros, mas integrar for\u00e7as, experi\u00eancias e perspectivas para construir decis\u00f5es mais robustas e inclusivas. Afinal, quando h\u00e1 preparo, abertura e inten\u00e7\u00e3o de fazer a diferen\u00e7a, as mudan\u00e7as acontecem. A diversidade, portanto, n\u00e3o \u00e9 apenas uma pauta social, \u00e9 estrat\u00e9gia de neg\u00f3cio\u201d, ressaltou.<\/p>\n\n\n\n<figure class=\"wp-block-image size-large is-resized\"><img fetchpriority=\"high\" decoding=\"async\" width=\"2196\" height=\"1235\" src=\"https:\/\/acrj.org.br\/wp-content\/uploads\/2025\/08\/taiana-edited.jpg\" alt=\"\" class=\"wp-image-38318\" style=\"width:500px\" srcset=\"https:\/\/acrj.org.br\/wp-content\/uploads\/2025\/08\/taiana-edited.jpg 2196w, https:\/\/acrj.org.br\/wp-content\/uploads\/2025\/08\/taiana-edited-300x169.jpg 300w, https:\/\/acrj.org.br\/wp-content\/uploads\/2025\/08\/taiana-edited-1024x576.jpg 1024w, https:\/\/acrj.org.br\/wp-content\/uploads\/2025\/08\/taiana-edited-768x432.jpg 768w, https:\/\/acrj.org.br\/wp-content\/uploads\/2025\/08\/taiana-edited-1536x864.jpg 1536w, https:\/\/acrj.org.br\/wp-content\/uploads\/2025\/08\/taiana-edited-2048x1152.jpg 2048w\" sizes=\"(max-width: 2196px) 100vw, 2196px\" \/><figcaption class=\"wp-element-caption\"><em>&#8220;A diversidade cognitiva n\u00e3o busca sobrepor g\u00eaneros, <\/em><br><em>mas integrar for\u00e7as&#8221;, ressaltou Taiana Jung<\/em><\/figcaption><\/figure>\n\n\n\n<p>Segundo ela, dados recentes revelam desafios importantes: apenas 15% das cadeiras em conselhos de administra\u00e7\u00e3o no Brasil s\u00e3o ocupadas por mulheres, enquanto a Uni\u00e3o Europeia estabeleceu a meta de 40% at\u00e9 2026. Al\u00e9m disso, explicou, menos de 40% das institui\u00e7\u00f5es e funda\u00e7\u00f5es consideram diversidade na composi\u00e7\u00e3o de conselhos, segundo pesquisa do GIFE (Grupo de Institutos Funda\u00e7\u00f5es e Empresas). \u201cNo Brasil, apenas 38% dos cargos de lideran\u00e7a s\u00e3o ocupados por mulheres e, quando falamos de mulheres negras, esse n\u00famero cai para menos de 4%\u201d, acrescentou.<\/p>\n\n\n\n<p>Estudos mostram que empresas com equipes diversas t\u00eam 25% mais chances de estar entre as mais inovadoras e lucrativas. \u201cA diversidade, portanto, n\u00e3o \u00e9 apenas uma pauta social: \u00e9 estrat\u00e9gia de neg\u00f3cio. Incorporar diferentes formas de pensar amplia a capacidade de resolver problemas, fortalece a representatividade e impulsiona o crescimento sustent\u00e1vel\u201d, completou Taiana.<\/p>\n\n\n\n<p>Em seguida, a cofundadora do Hub Mais Conselheiras, Andr\u00e9a Carvalho, explicou que o prop\u00f3sito do movimento \u00e9 fortalecer a presen\u00e7a qualificada de mulheres em conselhos e espa\u00e7os de lideran\u00e7a no estado do Rio de Janeiro, conectando institui\u00e7\u00f5es p\u00fablicas, privadas e da sociedade civil para ampliar a representatividade feminina em posi\u00e7\u00f5es estrat\u00e9gicas.<\/p>\n\n\n\n<figure class=\"wp-block-image size-large is-resized\"><img decoding=\"async\" width=\"1600\" height=\"900\" src=\"https:\/\/acrj.org.br\/wp-content\/uploads\/2025\/08\/andrea_foto-Raul-edited.jpeg\" alt=\"\" class=\"wp-image-38309\" style=\"width:500px\" srcset=\"https:\/\/acrj.org.br\/wp-content\/uploads\/2025\/08\/andrea_foto-Raul-edited.jpeg 1600w, https:\/\/acrj.org.br\/wp-content\/uploads\/2025\/08\/andrea_foto-Raul-edited-300x169.jpeg 300w, https:\/\/acrj.org.br\/wp-content\/uploads\/2025\/08\/andrea_foto-Raul-edited-1024x576.jpeg 1024w, https:\/\/acrj.org.br\/wp-content\/uploads\/2025\/08\/andrea_foto-Raul-edited-768x432.jpeg 768w, https:\/\/acrj.org.br\/wp-content\/uploads\/2025\/08\/andrea_foto-Raul-edited-1536x864.jpeg 1536w\" sizes=\"(max-width: 1600px) 100vw, 1600px\" \/><figcaption class=\"wp-element-caption\"><em>Andr\u00e9a Carvalho falou sobre a presen\u00e7a qualificada <\/em><br><em>de mulheres em conselhos e espa\u00e7os de lideran\u00e7a<\/em> &#8211; Foto: Raul Moreira<\/figcaption><\/figure>\n\n\n\n<p>Em 2024, segundo ela, o Hub mobilizou mais de 200 pessoas e 20 institui\u00e7\u00f5es, promovendo encontros, participando de semin\u00e1rios e aumentando a visibilidade das mulheres em conselhos decis\u00f3rios. \u201cEste ano, vamos avan\u00e7ar com a Jornada Conselheiras RJ, realizada em parceria com a ACRJ, Amcham e ESPM, com foco em atua\u00e7\u00e3o estrat\u00e9gica, compet\u00eancias contempor\u00e2neas e governan\u00e7a clim\u00e1tica para provocar, inspirar e equipar mulheres para exercerem influ\u00eancia real e estrat\u00e9gica. O Hub busca preparar conselheiras para assumirem protagonismo, gerarem valor e conduzirem organiza\u00e7\u00f5es rumo a um futuro pr\u00f3spero e inovador\u201d, explicou.<\/p>\n\n\n\n<p>Bia Santos compartilhou sua trajet\u00f3ria como empreendedora e conselheira, destacando a import\u00e2ncia das mentorias, da diversidade e da representatividade nos espa\u00e7os de decis\u00e3o. Ela tamb\u00e9m ressaltou que \u00e9 fundamental a forma\u00e7\u00e3o cont\u00ednua e a articula\u00e7\u00e3o pol\u00edtica para ampliar vozes e garantir que diferentes perspectivas estejam presentes nas tomadas de decis\u00e3o. Bia iniciou sua carreira aos 24 anos como conselheira na cidade do Rio, sem forma\u00e7\u00e3o espec\u00edfica para o cargo, mas com uma trajet\u00f3ria s\u00f3lida no empreendedorismo. Cinco anos depois, atua em diferentes conselhos, municipais, estaduais e internacionais, sempre com o objetivo de gerar impacto e promover inclus\u00e3o.<\/p>\n\n\n\n<p>&#8220;Diversidade n\u00e3o \u00e9 apenas uma pauta social, mas uma estrat\u00e9gia de inova\u00e7\u00e3o e competitividade para empresas e institui\u00e7\u00f5es. Organiza\u00e7\u00f5es diversas s\u00e3o mais criativas, resilientes e preparadas para enfrentar os desafios do futuro&#8221;, disse.<\/p>\n\n\n\n<figure class=\"wp-block-image size-full is-resized\"><img decoding=\"async\" width=\"1698\" height=\"1125\" src=\"https:\/\/acrj.org.br\/wp-content\/uploads\/2025\/08\/bia-2.jpg\" alt=\"\" class=\"wp-image-38439\" style=\"width:500px\" srcset=\"https:\/\/acrj.org.br\/wp-content\/uploads\/2025\/08\/bia-2.jpg 1698w, https:\/\/acrj.org.br\/wp-content\/uploads\/2025\/08\/bia-2-300x199.jpg 300w, https:\/\/acrj.org.br\/wp-content\/uploads\/2025\/08\/bia-2-1024x678.jpg 1024w, https:\/\/acrj.org.br\/wp-content\/uploads\/2025\/08\/bia-2-768x509.jpg 768w, https:\/\/acrj.org.br\/wp-content\/uploads\/2025\/08\/bia-2-1536x1018.jpg 1536w\" sizes=\"(max-width: 1698px) 100vw, 1698px\" \/><figcaption class=\"wp-element-caption\"><em>Bia Santos destacou a import\u00e2ncia da forma\u00e7\u00e3o cont\u00ednua<\/em> &#8211; Foto: Raul Moreira<\/figcaption><\/figure>\n\n\n\n<p>\u201cParticipar de um conselho de administra\u00e7\u00e3o exige muito mais do que um t\u00edtulo ou um curso r\u00e1pido. A experi\u00eancia mostra que a atua\u00e7\u00e3o como conselheira vai muito al\u00e9m da ideia de uma transi\u00e7\u00e3o de carreira tranquila. \u00c9 uma fun\u00e7\u00e3o que demanda comprometimento, atualiza\u00e7\u00e3o constante, preparo t\u00e9cnico e habilidade interpessoal\u201d, afirmou Lindalia Junqueira em sua participa\u00e7\u00e3o no debate. Ela destacou que formar-se em institui\u00e7\u00f5es s\u00e9rias \u00e9 fundamental, mas acredita que a capacita\u00e7\u00e3o deve ser cont\u00ednua. Tamb\u00e9m chamou a aten\u00e7\u00e3o para a quest\u00e3o da diversidade nos conselhos. \u201cN\u00e3o apenas de g\u00eanero, mas de ra\u00e7a, idade, experi\u00eancias e perspectivas. A troca entre gera\u00e7\u00f5es, por exemplo, pode enriquecer as decis\u00f5es, pois os jovens trazem perguntas ousadas, enquanto profissionais mais experientes agregam vis\u00e3o estrat\u00e9gica e hist\u00f3rico de mercado\u201d, disse.<\/p>\n\n\n\n<figure class=\"wp-block-image size-large is-resized\"><img loading=\"lazy\" decoding=\"async\" width=\"1532\" height=\"862\" src=\"https:\/\/acrj.org.br\/wp-content\/uploads\/2025\/08\/lindalia-edited.jpg\" alt=\"\" class=\"wp-image-38311\" style=\"width:500px\" srcset=\"https:\/\/acrj.org.br\/wp-content\/uploads\/2025\/08\/lindalia-edited.jpg 1532w, https:\/\/acrj.org.br\/wp-content\/uploads\/2025\/08\/lindalia-edited-300x169.jpg 300w, https:\/\/acrj.org.br\/wp-content\/uploads\/2025\/08\/lindalia-edited-1024x576.jpg 1024w, https:\/\/acrj.org.br\/wp-content\/uploads\/2025\/08\/lindalia-edited-768x432.jpg 768w\" sizes=\"(max-width: 1532px) 100vw, 1532px\" \/><figcaption class=\"wp-element-caption\"><em>Lindalia Junqueira disse que a atua\u00e7\u00e3o como conselheira demanda comprometimento<\/em><\/figcaption><\/figure>\n\n\n\n<p>E finalizou: \u201cno cen\u00e1rio atual, integrar conselhos significa aprender, colaborar e inovar. Diversidade e preparo s\u00e3o fatores decisivos para construir ambientes mais equilibrados, estrat\u00e9gicos e representativos\u201d.<\/p>\n\n\n\n<p>A reuni\u00e3o foi organizada pelo Conselho Empresarial da Mulher no Ambiente de Neg\u00f3cios da ACRJ e contou com a parceria da Amcham Rio, ESPM e Hub Mais Conselheiras.<\/p>\n\n\n\n<figure class=\"wp-block-image size-large is-resized\"><img loading=\"lazy\" decoding=\"async\" width=\"1024\" height=\"569\" src=\"https:\/\/acrj.org.br\/wp-content\/uploads\/2025\/08\/grupo-6-1024x569.jpg\" alt=\"\" class=\"wp-image-38443\" style=\"width:500px\" srcset=\"https:\/\/acrj.org.br\/wp-content\/uploads\/2025\/08\/grupo-6-1024x569.jpg 1024w, https:\/\/acrj.org.br\/wp-content\/uploads\/2025\/08\/grupo-6-300x167.jpg 300w, https:\/\/acrj.org.br\/wp-content\/uploads\/2025\/08\/grupo-6-768x427.jpg 768w, https:\/\/acrj.org.br\/wp-content\/uploads\/2025\/08\/grupo-6-1536x854.jpg 1536w, https:\/\/acrj.org.br\/wp-content\/uploads\/2025\/08\/grupo-6.jpg 1606w\" sizes=\"(max-width: 1024px) 100vw, 1024px\" \/><figcaption class=\"wp-element-caption\">Foto: Raul Moreira<\/figcaption><\/figure>\n","protected":false},"excerpt":{"rendered":"<p>O Conselho Empresarial da Mulher no Ambiente de Neg\u00f3cios da ACRJ recebeu, dia 25 de agosto, o evento Jornada Conselheiras 2025 &#8211; Presen\u00e7a, Posicionamento e&hellip;<\/p>\n","protected":false},"author":3,"featured_media":38307,"comment_status":"closed","ping_status":"closed","sticky":false,"template":"","format":"standard","meta":{"_exactmetrics_skip_tracking":false,"_exactmetrics_sitenote_active":false,"_exactmetrics_sitenote_note":"","_exactmetrics_sitenote_category":0,"footnotes":""},"categories":[56,10],"tags":[],"class_list":["post-38306","post","type-post","status-publish","format-standard","has-post-thumbnail","hentry","category-destaque_conselhos","category-noticias"],"_links":{"self":[{"href":"https:\/\/acrj.org.br\/index.php\/wp-json\/wp\/v2\/posts\/38306","targetHints":{"allow":["GET"]}}],"collection":[{"href":"https:\/\/acrj.org.br\/index.php\/wp-json\/wp\/v2\/posts"}],"about":[{"href":"https:\/\/acrj.org.br\/index.php\/wp-json\/wp\/v2\/types\/post"}],"author":[{"embeddable":true,"href":"https:\/\/acrj.org.br\/index.php\/wp-json\/wp\/v2\/users\/3"}],"replies":[{"embeddable":true,"href":"https:\/\/acrj.org.br\/index.php\/wp-json\/wp\/v2\/comments?post=38306"}],"version-history":[{"count":0,"href":"https:\/\/acrj.org.br\/index.php\/wp-json\/wp\/v2\/posts\/38306\/revisions"}],"wp:featuredmedia":[{"embeddable":true,"href":"https:\/\/acrj.org.br\/index.php\/wp-json\/wp\/v2\/media\/38307"}],"wp:attachment":[{"href":"https:\/\/acrj.org.br\/index.php\/wp-json\/wp\/v2\/media?parent=38306"}],"wp:term":[{"taxonomy":"category","embeddable":true,"href":"https:\/\/acrj.org.br\/index.php\/wp-json\/wp\/v2\/categories?post=38306"},{"taxonomy":"post_tag","embeddable":true,"href":"https:\/\/acrj.org.br\/index.php\/wp-json\/wp\/v2\/tags?post=38306"}],"curies":[{"name":"wp","href":"https:\/\/api.w.org\/{rel}","templated":true}]}}