{"id":38297,"date":"2025-08-22T17:06:59","date_gmt":"2025-08-22T20:06:59","guid":{"rendered":"https:\/\/acrj.org.br\/?p=38297"},"modified":"2025-11-04T12:14:45","modified_gmt":"2025-11-04T15:14:45","slug":"conselho-vai-debater-o-assedio-nas-empresas-e-o-engajamento-da-genz-no-mercado-de-trabalho","status":"publish","type":"post","link":"https:\/\/acrj.org.br\/index.php\/2025\/08\/22\/conselho-vai-debater-o-assedio-nas-empresas-e-o-engajamento-da-genz-no-mercado-de-trabalho\/","title":{"rendered":"Conselho vai debater o ass\u00e9dio nas empresas e o engajamento da GenZ no mercado de trabalho"},"content":{"rendered":"\n<p>O Conselho Empresarial de Desenvolvimento Humano e Educa\u00e7\u00e3o Corporativa da ACRJ convida para o debate sobre dois temas importantes no mundo do trabalho:<\/p>\n\n\n\n<p>1- O ass\u00e9dio nas empresas;<\/p>\n\n\n\n<p>2- Como engajar e capacitar a gera\u00e7\u00e3o Z no mercado de trabalho.<\/p>\n\n\n\n<p>Dois especialistas foram convidados, Luiz Guilherme Guedes e Ana Addobbati.<\/p>\n\n\n\n<p>&#x1f193; O encontro \u00e9 <strong>gratuito<\/strong>, mediante inscri\u00e7\u00e3o pr\u00e9via.<\/p>\n\n\n\n<p>&#x1f517; <strong><a href=\"https:\/\/forms.gle\/6VJRwQTz9nrDtWzM8\">Acesse aqui <\/a><\/strong>para se inscrever\u00a0 <\/p>\n\n\n\n<p><strong>SERVI\u00c7O<\/strong><\/p>\n\n\n\n<p>&#x1f5d3;&#xfe0f; Data: 28\/8\/2025<\/p>\n\n\n\n<p>&#x1f552; Hor\u00e1rio: 15 horas<\/p>\n\n\n\n<p>&#x1f3e2; Local: Sede da Associa\u00e7\u00e3o Comercial do RJ &#8211; ACRJ &#8211; Rua Candel\u00e1ria, 9\/12\u00ba andar &#8211; Centro &#8211; RJ<\/p>\n\n\n\n<p>&#x260e; Informa\u00e7\u00f5es: 2514-1203<\/p>\n","protected":false},"excerpt":{"rendered":"<p>O Conselho Empresarial de Desenvolvimento Humano e Educa\u00e7\u00e3o Corporativa da ACRJ convida para o debate sobre dois temas importantes no mundo do trabalho: 1- O&hellip;<\/p>\n","protected":false},"author":3,"featured_media":38299,"comment_status":"closed","ping_status":"closed","sticky":false,"template":"","format":"standard","meta":{"_exactmetrics_skip_tracking":false,"_exactmetrics_sitenote_active":false,"_exactmetrics_sitenote_note":"","_exactmetrics_sitenote_category":0,"footnotes":""},"categories":[55,83],"tags":[],"class_list":["post-38297","post","type-post","status-publish","format-standard","has-post-thumbnail","hentry","category-destaque_eventos","category-eventos_acrj"],"_links":{"self":[{"href":"https:\/\/acrj.org.br\/index.php\/wp-json\/wp\/v2\/posts\/38297","targetHints":{"allow":["GET"]}}],"collection":[{"href":"https:\/\/acrj.org.br\/index.php\/wp-json\/wp\/v2\/posts"}],"about":[{"href":"https:\/\/acrj.org.br\/index.php\/wp-json\/wp\/v2\/types\/post"}],"author":[{"embeddable":true,"href":"https:\/\/acrj.org.br\/index.php\/wp-json\/wp\/v2\/users\/3"}],"replies":[{"embeddable":true,"href":"https:\/\/acrj.org.br\/index.php\/wp-json\/wp\/v2\/comments?post=38297"}],"version-history":[{"count":0,"href":"https:\/\/acrj.org.br\/index.php\/wp-json\/wp\/v2\/posts\/38297\/revisions"}],"wp:featuredmedia":[{"embeddable":true,"href":"https:\/\/acrj.org.br\/index.php\/wp-json\/wp\/v2\/media\/38299"}],"wp:attachment":[{"href":"https:\/\/acrj.org.br\/index.php\/wp-json\/wp\/v2\/media?parent=38297"}],"wp:term":[{"taxonomy":"category","embeddable":true,"href":"https:\/\/acrj.org.br\/index.php\/wp-json\/wp\/v2\/categories?post=38297"},{"taxonomy":"post_tag","embeddable":true,"href":"https:\/\/acrj.org.br\/index.php\/wp-json\/wp\/v2\/tags?post=38297"}],"curies":[{"name":"wp","href":"https:\/\/api.w.org\/{rel}","templated":true}]}}