{"id":38277,"date":"2025-08-23T17:00:19","date_gmt":"2025-08-23T20:00:19","guid":{"rendered":"https:\/\/acrj.org.br\/?p=38277"},"modified":"2025-08-28T12:52:10","modified_gmt":"2025-08-28T15:52:10","slug":"um-presidente-que-se-matou-no-palacio","status":"publish","type":"post","link":"https:\/\/acrj.org.br\/index.php\/2025\/08\/23\/um-presidente-que-se-matou-no-palacio\/","title":{"rendered":"Um presidente que se matou no pal\u00e1cio"},"content":{"rendered":"\n<p>Por Reinaldo Paes Barreto, vice-presidente do Conselho de Cultura da ACRJ<\/p>\n\n\n\n<p>\u00c0s 8h05 do dia 24 de agosto de 1954, Get\u00falio saiu do quarto de pijama com listras de amarelo ouro, amarelo claro e bord\u00f4, e desceu at\u00e9 seu gabinete, no&nbsp;2\u00ba andar&nbsp;do Pal\u00e1cio do Catete. Quase cruzou com o Barbeiro Barbosa, que como fazia todas as manh\u00e3s se dirigia para esse quarto do 3\u00ba andar, a fim de fazer a barba do presidente.&nbsp; Mas n\u00e3o o encontrou e voltou para o t\u00e9rreo. \u00c0s 8:26 o Get\u00falio voltou para os seus aposentos com a Carta-Testamento no bolso. Sentou-se na cama, apontou o rev\u00f3lver contra o cora\u00e7\u00e3o e puxou o gatilho: eram 8:35m. A primeira pessoa que entrou no quarto foi D. Darcy, a esposa. Get\u00falio estava com meio corpo para fora da cama, agonizante, o rev\u00f3lver Colt calibre 32, carga dupla, com o cabo de madrep\u00e9rola perto da m\u00e3o direita. Morreu alguns minutos depois.<\/p>\n\n\n\n<p>A crise vinha num crescendo desde o in\u00edcio do segundo mandato, mas se agravou em agosto desse ano. No dia 5, o jornalista Carlos Lacerda estava chegando na portaria do pr\u00e9dio onde residia, na Rua Tonelero n\u00ba 180, em Copacabana, tarde da noite, acompanhado do Major da Aeron\u00e1utica Rubens Vaz, encarregado de lhe dar prote\u00e7\u00e3o, quando o pistoleiro de aluguel Alcino Jo\u00e3o do Nascimento, a mando direto do chefe da guarda pessoal do presidente, Greg\u00f3rio Fortunato \u2013 o anjo -negro \u2013 e a mando indireto de algu\u00e9m bem mais em cima, mas pr\u00f3ximo ao Get\u00falio, saiu de sua tocaia no escuro e fez v\u00e1rios disparos com uma arma 45mm. Mas errou o alvo e acertou primeiro o peito o peito do Major Vaz, que caiu morto na hora, ao lado do carro. Um outro tiro acertou o p\u00e9 do Lacerda e, segundo o Get\u00falio comentou na \u00faltima reuni\u00e3o do minist\u00e9rio, na noite de 23 de agosto, um terceiro acertou simbolicamente o presidente, pelas costas.<\/p>\n\n\n\n<p>Get\u00falio governou o Brasil por 19 anos, mas o getulismo durou meio s\u00e9culo. Era um homem do seu tempo e origem. Ateu, positivista, tinha um temperamento frio e controlado, e n\u00e3o gostava de intimidades. Chamava a todos de doutor e senhor; nunca falou com ningu\u00e9m ao telefone. Embora de baixa estatura f\u00edsica, tinha um magnetismo pessoal contagiante. E foi um patriota a seu modo.&nbsp; Amado por multid\u00f5es de v\u00e1rias gera\u00e7\u00f5es, \u201cfazia pol\u00edtica de esquerda, com a m\u00e3o direita\u201d, como o definiu Stefan Zweig, o escritor austr\u00edaco-judeu que vivia no Brasil. E embora ga\u00facho do pampa, e da fronteira com a Argentina, adquiriu na presid\u00eancia um estilo tropical, t\u00edpico dos ditadores caribenhos. E, como eles, incorporou tamb\u00e9m, o estilo populista: vestia ternos brancos, dava gargalhada em p\u00fablico, andava a p\u00e9 pelas ruas do Rio e de Petr\u00f3polis; volta e meia assistia a espet\u00e1culos de teatro-revista (ah! Dona Virg\u00ednia Lane) mas, pessoalmente, era s\u00f3brio. O seu quarto no Pal\u00e1cio do Catete (nos primeiros 15 anos morou no Pal\u00e1cio Guanabara) era quase mon\u00e1stico. Por exemplo: fez apenas duas viagens ao exterior, mas em compensa\u00e7\u00e3o correu todo o pa\u00eds, e foi ao Brasil Central \u2013 o primeiro presidente a visitar os povos origin\u00e1rios &#8212; donde, meio que para puxar saco, meio porque j\u00e1 nascia um movimento de curiosidade pela nossa etnia, virou moda os pr\u00e9dios de Copacabana se chamarem Itahy, Piragibe, Marajoara e outros nomes ind\u00edgenas.&nbsp;<\/p>\n\n\n\n<p>Mas embora fosse simples, como pessoa, j\u00e1 que nunca se interessou pelos luxos e mordomias: vinhos caros, presentes nababescos, resid\u00eancias extravagantes, etc, exerceu o poder com paix\u00e3o. E apreciava os seus ritos: carro com batedores, a volta triunfante no Est\u00e1dio de S\u00e3o Janu\u00e1rio, nos Primeiro de Maio, (sorrindo e acenando com a m\u00e3o em concha para o povo) o tratamento cerimonioso &#8212; gostava de ser chamado de excel\u00eancia e tratava a todos por \u201cdoutor\u201d ou pelo t\u00edtulo \u201cprofessor, jornalista\u201d \u2013 e legou ao Brasil e aos brasileiros legados definitivos: a legisla\u00e7\u00e3o trabalhista, a carteira de trabalho e o seu respectivo minist\u00e9rio, a obrigatoriedade de uma s\u00f3 l\u00edngua e uma s\u00f3 bandeira, o Primeiro C\u00f3digo Eleitoral do pa\u00eds (embora o tenha desrespeitado duas vezes), a Cia. Sider\u00fargica Nacional, a Petrobr\u00e1s, a Vale do Rio Doce, a Cia. Hidrel\u00e9trica do Vale do S\u00e3o Francisco e a consolida\u00e7\u00e3o de uma diplomacia profissional e de Estado.<\/p>\n\n\n\n<p>Morreu solit\u00e1rio: a maioria de suas noites sobretudo nos \u00faltimos quatro anos, eram de leitura, papo com um ou outro velho amigo em torno de um chimarr\u00e3o e longas partidas de paci\u00eancia para driblar a ins\u00f4nia. Consta que acreditava no espiritismo.<\/p>\n\n\n\n<p><em>Nada receio. Serenamente dou o primeiro passo no caminho da eternidade e saio da vida para entrar na Hist\u00f3ria <\/em>(Carta Testamento).<\/p>\n\n\n\n<p>&#8212;<\/p>\n\n\n\n<figure class=\"wp-block-image size-large is-resized\"><img fetchpriority=\"high\" decoding=\"async\" width=\"1024\" height=\"768\" src=\"https:\/\/acrj.org.br\/wp-content\/uploads\/2024\/12\/Assuntos-culturais_vice-Reinaldo-Paes-Barreto-edited-1024x768.jpg\" alt=\"\" class=\"wp-image-33479\" style=\"width:300px\" srcset=\"https:\/\/acrj.org.br\/wp-content\/uploads\/2024\/12\/Assuntos-culturais_vice-Reinaldo-Paes-Barreto-edited-1024x768.jpg 1024w, https:\/\/acrj.org.br\/wp-content\/uploads\/2024\/12\/Assuntos-culturais_vice-Reinaldo-Paes-Barreto-edited-300x225.jpg 300w, https:\/\/acrj.org.br\/wp-content\/uploads\/2024\/12\/Assuntos-culturais_vice-Reinaldo-Paes-Barreto-edited-768x576.jpg 768w, https:\/\/acrj.org.br\/wp-content\/uploads\/2024\/12\/Assuntos-culturais_vice-Reinaldo-Paes-Barreto-edited.jpg 1138w\" sizes=\"(max-width: 1024px) 100vw, 1024px\" \/><figcaption class=\"wp-element-caption\"><em>Reinaldo Paes Barreto \u00e9 assessor da diretoria executiva do INPI<\/em><\/figcaption><\/figure>\n\n\n\n<p><\/p>\n","protected":false},"excerpt":{"rendered":"<p>Por Reinaldo Paes Barreto, vice-presidente do Conselho de Cultura da ACRJ.<\/p>\n","protected":false},"author":3,"featured_media":38278,"comment_status":"closed","ping_status":"closed","sticky":false,"template":"","format":"standard","meta":{"_exactmetrics_skip_tracking":false,"_exactmetrics_sitenote_active":false,"_exactmetrics_sitenote_note":"","_exactmetrics_sitenote_category":0,"footnotes":""},"categories":[12],"tags":[],"class_list":["post-38277","post","type-post","status-publish","format-standard","has-post-thumbnail","hentry","category-artigos"],"_links":{"self":[{"href":"https:\/\/acrj.org.br\/index.php\/wp-json\/wp\/v2\/posts\/38277","targetHints":{"allow":["GET"]}}],"collection":[{"href":"https:\/\/acrj.org.br\/index.php\/wp-json\/wp\/v2\/posts"}],"about":[{"href":"https:\/\/acrj.org.br\/index.php\/wp-json\/wp\/v2\/types\/post"}],"author":[{"embeddable":true,"href":"https:\/\/acrj.org.br\/index.php\/wp-json\/wp\/v2\/users\/3"}],"replies":[{"embeddable":true,"href":"https:\/\/acrj.org.br\/index.php\/wp-json\/wp\/v2\/comments?post=38277"}],"version-history":[{"count":0,"href":"https:\/\/acrj.org.br\/index.php\/wp-json\/wp\/v2\/posts\/38277\/revisions"}],"wp:featuredmedia":[{"embeddable":true,"href":"https:\/\/acrj.org.br\/index.php\/wp-json\/wp\/v2\/media\/38278"}],"wp:attachment":[{"href":"https:\/\/acrj.org.br\/index.php\/wp-json\/wp\/v2\/media?parent=38277"}],"wp:term":[{"taxonomy":"category","embeddable":true,"href":"https:\/\/acrj.org.br\/index.php\/wp-json\/wp\/v2\/categories?post=38277"},{"taxonomy":"post_tag","embeddable":true,"href":"https:\/\/acrj.org.br\/index.php\/wp-json\/wp\/v2\/tags?post=38277"}],"curies":[{"name":"wp","href":"https:\/\/api.w.org\/{rel}","templated":true}]}}