{"id":38059,"date":"2025-08-21T11:03:26","date_gmt":"2025-08-21T14:03:26","guid":{"rendered":"https:\/\/acrj.org.br\/?p=38059"},"modified":"2025-08-25T17:53:18","modified_gmt":"2025-08-25T20:53:18","slug":"projetos-estrategicos-vao-impulsionar-o-trabalho-do-conselho-para-atrair-investimentos-para-o-rio","status":"publish","type":"post","link":"https:\/\/acrj.org.br\/index.php\/2025\/08\/21\/projetos-estrategicos-vao-impulsionar-o-trabalho-do-conselho-para-atrair-investimentos-para-o-rio\/","title":{"rendered":"Projetos estrat\u00e9gicos v\u00e3o impulsionar o trabalho do Conselho para atrair investimentos para o Rio"},"content":{"rendered":"\n<p>Realiza\u00e7\u00e3o de eventos, reativa\u00e7\u00e3o do Rio Investor Day, apoio \u00e0 Nova Bolsa do Rio e sele\u00e7\u00e3o de \u00edndices econ\u00f4micos de confian\u00e7a para acompanhamento s\u00e3o alguns dos projetos estrat\u00e9gicos que far\u00e3o parte da pauta do Conselho Empresarial de Desenvolvimento Econ\u00f4mico e Mercado de Capitais da ACRJ para os pr\u00f3ximos dois anos. A primeira reuni\u00e3o para o bi\u00eanio 2025\/27, realizada dia 20 de agosto, foi coordenada pelo presidente Paulo Ganime e o vice-presidente Luiz Guilherme Dias. Ao final da reuni\u00e3o, os membros foram diplomados pelo vice-presidente da ACRJ, Laudelino Mendes.<\/p>\n\n\n\n<p>Paulo Ganime destacou a necessidade de fortalecer a atua\u00e7\u00e3o do grupo e estabelecer metas concretas para os pr\u00f3ximos meses, ressaltando a import\u00e2ncia do trabalho conjunto. Ele solicitou aos conselheiros que contribuam com sugest\u00f5es, propostas e novos nomes para integrar o conselho. \u201cContamos com a colabora\u00e7\u00e3o de todos para construir um Conselho atuante e conectado com os desafios do setor. Queremos sair do campo das ideias e avan\u00e7ar com entregas concretas\u201d, afirmou.<\/p>\n\n\n\n<p>O vice-presidente Luiz Guilherme descreveu brevemente os objetivos do semin\u00e1rio \u201cMercado de Capitais: o motor do crescimento social e econ\u00f4mico\u201d, que dever\u00e1 ser realizado no final deste ano ou in\u00edcio de 2026. Ele destacou a discuss\u00e3o sobre o mercado de capitais como catalisador do desenvolvimento, que \u00e9 mais do que um ambiente de investimentos e pode ser um motor de financiamento para empresas, inova\u00e7\u00e3o e infraestrutura, reduzindo a depend\u00eancia de recursos p\u00fablicos e impulsionando setores estrat\u00e9gicos para o Rio.<\/p>\n\n\n\n<p>Os conselheiros tamb\u00e9m falaram sobre os \u00cdndices Econ\u00f4micos de Confian\u00e7a, considerados uma ferramenta importante para impulsionar a economia do munic\u00edpio do Rio de Janeiro e que poder\u00e1 refor\u00e7ar o papel da ACRJ como uma fonte de intelig\u00eancia econ\u00f4mica estrat\u00e9gica. Eles tamb\u00e9m avaliaram que os \u00edndices podem ser usados pela Associa\u00e7\u00e3o para influenciar pol\u00edticas p\u00fablicas, atrair parceiros estrat\u00e9gicos e apresentar demandas setoriais aos governos e ainda agregando valor para os associados.<\/p>\n\n\n\n<p>Outro ponto debatido foi a proposta de revitalizar o Rio Investor Day, evento que marcou \u00e9poca ao reunir investidores estrangeiros e l\u00edderes do mercado de capitais em 2011 e 2012. A meta agora, segundo os conselheiros, \u00e9 transformar o Rio Investor Day em um evento anual, com foco em atrair novos investimentos e apresentar o potencial econ\u00f4mico do Rio.<\/p>\n\n\n\n<p>Os pr\u00f3ximos passos definidos foram: definir um plano de trabalho com metas objetivas para curto e m\u00e9dio prazo; promover maior integra\u00e7\u00e3o com os demais Conselhos da ACRJ, otimizando agendas e fortalecendo a troca de experi\u00eancias; se aproximar os Associados para apoio e parcerias; transformar discuss\u00f5es em entregas concretas, consolidando a atua\u00e7\u00e3o do Conselho como agente ativo no desenvolvimento econ\u00f4mico; avan\u00e7ar em projetos de inova\u00e7\u00e3o, refor\u00e7ando a imagem do Rio como ambiente competitivo e atrativo para investimentos; ampliar a base de conselheiros, convidando novos nomes do setor econ\u00f4mico e financeiro, entre outros.<\/p>\n","protected":false},"excerpt":{"rendered":"<p>Realiza\u00e7\u00e3o de eventos, reativa\u00e7\u00e3o do Rio Investor Day, apoio \u00e0 Nova Bolsa do Rio e sele\u00e7\u00e3o de \u00edndices econ\u00f4micos de confian\u00e7a para acompanhamento s\u00e3o alguns&hellip;<\/p>\n","protected":false},"author":3,"featured_media":38060,"comment_status":"closed","ping_status":"closed","sticky":false,"template":"","format":"standard","meta":{"_exactmetrics_skip_tracking":false,"_exactmetrics_sitenote_active":false,"_exactmetrics_sitenote_note":"","_exactmetrics_sitenote_category":0,"footnotes":""},"categories":[56,10],"tags":[],"class_list":["post-38059","post","type-post","status-publish","format-standard","has-post-thumbnail","hentry","category-destaque_conselhos","category-noticias"],"_links":{"self":[{"href":"https:\/\/acrj.org.br\/index.php\/wp-json\/wp\/v2\/posts\/38059","targetHints":{"allow":["GET"]}}],"collection":[{"href":"https:\/\/acrj.org.br\/index.php\/wp-json\/wp\/v2\/posts"}],"about":[{"href":"https:\/\/acrj.org.br\/index.php\/wp-json\/wp\/v2\/types\/post"}],"author":[{"embeddable":true,"href":"https:\/\/acrj.org.br\/index.php\/wp-json\/wp\/v2\/users\/3"}],"replies":[{"embeddable":true,"href":"https:\/\/acrj.org.br\/index.php\/wp-json\/wp\/v2\/comments?post=38059"}],"version-history":[{"count":0,"href":"https:\/\/acrj.org.br\/index.php\/wp-json\/wp\/v2\/posts\/38059\/revisions"}],"wp:featuredmedia":[{"embeddable":true,"href":"https:\/\/acrj.org.br\/index.php\/wp-json\/wp\/v2\/media\/38060"}],"wp:attachment":[{"href":"https:\/\/acrj.org.br\/index.php\/wp-json\/wp\/v2\/media?parent=38059"}],"wp:term":[{"taxonomy":"category","embeddable":true,"href":"https:\/\/acrj.org.br\/index.php\/wp-json\/wp\/v2\/categories?post=38059"},{"taxonomy":"post_tag","embeddable":true,"href":"https:\/\/acrj.org.br\/index.php\/wp-json\/wp\/v2\/tags?post=38059"}],"curies":[{"name":"wp","href":"https:\/\/api.w.org\/{rel}","templated":true}]}}