{"id":38037,"date":"2025-08-19T18:01:00","date_gmt":"2025-08-19T21:01:00","guid":{"rendered":"https:\/\/acrj.org.br\/?p=38037"},"modified":"2026-01-16T16:42:37","modified_gmt":"2026-01-16T19:42:37","slug":"acrj-promove-1a-reuniao-para-discutir-o-futuro-do-centro-do-rio","status":"publish","type":"post","link":"https:\/\/acrj.org.br\/index.php\/2025\/08\/19\/acrj-promove-1a-reuniao-para-discutir-o-futuro-do-centro-do-rio\/","title":{"rendered":"ACRJ promove 1\u00aa reuni\u00e3o para discutir o futuro do Centro do Rio"},"content":{"rendered":"\n<p>Representantes de 33 Institui\u00e7\u00f5es p\u00fablicas e privadas que est\u00e3o no Centro da cidade participaram, dia 19 de agosto, da primeira de uma s\u00e9rie de reuni\u00f5es voltadas para debater propostas e solu\u00e7\u00f5es para os desafios do Centro da cidade promovida pela Associa\u00e7\u00e3o Comercial do Rio de Janeiro (ACRJ). O encontro foi idealizado pelo presidente da Associa\u00e7\u00e3o Comercial, Josier Vilar, e coordenado por Carlos Roberto Os\u00f3rio, presidente do Conselho Empresarial de Renova\u00e7\u00e3o do Centro do Rio e Ordem P\u00fablica da ACRJ, com apoio do consultor Rodrigo Teixeira.<\/p>\n\n\n\n<p>De acordo com o presidente Josier Vilar, este encontro foi o ponto de partida para uma agenda cont\u00ednua e propositiva, com o objetivo de unir esfor\u00e7os, fortalecer a atua\u00e7\u00e3o institucional e valorizar o Centro do Rio como patrim\u00f4nio hist\u00f3rico e polo estrat\u00e9gico para a cidade.<\/p>\n\n\n\n<div class=\"wp-block-columns is-layout-flex wp-container-core-columns-is-layout-9d6595d7 wp-block-columns-is-layout-flex\">\n<div class=\"wp-block-column is-layout-flow wp-block-column-is-layout-flow\" style=\"flex-basis:100%\">\n<figure class=\"wp-block-image size-large is-resized\"><img fetchpriority=\"high\" decoding=\"async\" width=\"2162\" height=\"1015\" src=\"https:\/\/acrj.org.br\/wp-content\/uploads\/2025\/08\/josier-3-e1755633778359-edited.jpg\" alt=\"\" class=\"wp-image-38042\" style=\"width:400px\" srcset=\"https:\/\/acrj.org.br\/wp-content\/uploads\/2025\/08\/josier-3-e1755633778359-edited.jpg 2162w, https:\/\/acrj.org.br\/wp-content\/uploads\/2025\/08\/josier-3-e1755633778359-edited-300x141.jpg 300w, https:\/\/acrj.org.br\/wp-content\/uploads\/2025\/08\/josier-3-e1755633778359-edited-1024x481.jpg 1024w, https:\/\/acrj.org.br\/wp-content\/uploads\/2025\/08\/josier-3-e1755633778359-edited-768x361.jpg 768w, https:\/\/acrj.org.br\/wp-content\/uploads\/2025\/08\/josier-3-e1755633778359-edited-1536x721.jpg 1536w, https:\/\/acrj.org.br\/wp-content\/uploads\/2025\/08\/josier-3-e1755633778359-edited-2048x961.jpg 2048w\" sizes=\"(max-width: 2162px) 100vw, 2162px\" \/><figcaption class=\"wp-element-caption\"><em>Josier Vilar prop\u00f4s uma uma agenda cont\u00ednua e propositiva para o Centro do Rio<\/em><\/figcaption><\/figure>\n<\/div>\n<\/div>\n\n\n\n<p>&#8220;A uni\u00e3o de esfor\u00e7os tornar\u00e1 o grupo mais forte do que qualquer a\u00e7\u00e3o isolada. Vamos estruturar um grupo s\u00f3lido de governan\u00e7a, com uma agenda pr\u00e1tica e propositiva para revitalizar o Centro do Rio. Hoje a Associa\u00e7\u00e3o Comercial sediou esta reuni\u00e3o, mas a iniciativa \u00e9 coletiva e regional, aberta \u00e0 participa\u00e7\u00e3o de todos os atores institucionais. Todas as institui\u00e7\u00f5es aqui presentes, e outras que ainda v\u00e3o se unir a n\u00f3s, s\u00e3o os protagonistas deste processo. O protagonismo \u00e9 compartilhado por todos. Agrade\u00e7o muito a presen\u00e7a e o engajamento de voc\u00eas\u201d, afirmou o presidente Josier Vilar.<\/p>\n\n\n\n<p>A partir desta reuni\u00e3o e das sugest\u00f5es dos participantes ser\u00e1 feito um diagn\u00f3stico situacional do Centro do Rio em diferentes vertentes: ocupa\u00e7\u00e3o imobili\u00e1ria, acessibilidade e mobilidade, ordem urbana, cultura e entretenimento, limpeza e ilumina\u00e7\u00e3o, seguran\u00e7a, entre outros aspectos.<\/p>\n\n\n\n<figure class=\"wp-block-image size-large is-resized\"><img decoding=\"async\" width=\"1024\" height=\"461\" src=\"https:\/\/acrj.org.br\/wp-content\/uploads\/2025\/08\/auditorio-1-1024x461.jpg\" alt=\"\" class=\"wp-image-38044\" style=\"width:500px\" srcset=\"https:\/\/acrj.org.br\/wp-content\/uploads\/2025\/08\/auditorio-1-1024x461.jpg 1024w, https:\/\/acrj.org.br\/wp-content\/uploads\/2025\/08\/auditorio-1-300x135.jpg 300w, https:\/\/acrj.org.br\/wp-content\/uploads\/2025\/08\/auditorio-1-768x345.jpg 768w, https:\/\/acrj.org.br\/wp-content\/uploads\/2025\/08\/auditorio-1-1536x691.jpg 1536w, https:\/\/acrj.org.br\/wp-content\/uploads\/2025\/08\/auditorio-1-2048x921.jpg 2048w\" sizes=\"(max-width: 1024px) 100vw, 1024px\" \/><figcaption class=\"wp-element-caption\"><em>A reuni\u00e3o contou com a presen\u00e7a de representantes de 33 institui\u00e7\u00f5es<\/em><\/figcaption><\/figure>\n\n\n\n<p>Este diagn\u00f3stico vai gerar um documento chamado de \u201c<em>Manifesto pelo Futuro do Centro do Rio\u201d,<\/em><strong><em> <\/em><\/strong>que vai reafirmar o papel estrat\u00e9gico do Centro como polo de neg\u00f3cios, cultura e inova\u00e7\u00e3o. Ap\u00f3s a valida\u00e7\u00e3o do documento pelo Grupo de Trabalho, ser\u00e1 definida uma agenda de di\u00e1logo com o Poder P\u00fablico. Este manifesto ser\u00e1 um marco do compromisso conjunto, orientando planos de a\u00e7\u00e3o, projetos e negocia\u00e7\u00f5es posteriores.<\/p>\n\n\n\n<figure class=\"wp-block-image size-full is-resized\"><img decoding=\"async\" width=\"780\" height=\"439\" src=\"https:\/\/acrj.org.br\/wp-content\/uploads\/2025\/08\/WhatsApp-Image-2025-08-19-at-17.07.35-edited.jpeg\" alt=\"\" class=\"wp-image-38052\" style=\"width:500px\" srcset=\"https:\/\/acrj.org.br\/wp-content\/uploads\/2025\/08\/WhatsApp-Image-2025-08-19-at-17.07.35-edited.jpeg 780w, https:\/\/acrj.org.br\/wp-content\/uploads\/2025\/08\/WhatsApp-Image-2025-08-19-at-17.07.35-edited-300x169.jpeg 300w, https:\/\/acrj.org.br\/wp-content\/uploads\/2025\/08\/WhatsApp-Image-2025-08-19-at-17.07.35-edited-768x432.jpeg 768w\" sizes=\"(max-width: 780px) 100vw, 780px\" \/><figcaption class=\"wp-element-caption\">Josier Vilar, Antonio Queiroz, Ant\u00f4nio Alvarenga e Ruy Barreto Filho<\/figcaption><\/figure>\n\n\n\n<p><strong>Institui\u00e7\u00f5es Presentes nesta 1\u00aa reuni\u00e3o<\/strong><\/p>\n\n\n\n<p>Academia Nacional de Medicina &#8211; ANM<\/p>\n\n\n\n<p>Alian\u00e7a Centro<\/p>\n\n\n\n<p>Aqu\u00e1rio Marinho do Rio de Janeiro<\/p>\n\n\n\n<p>Arquidiocese de S\u00e3o Sebasti\u00e3o do Rio de Janeiro<\/p>\n\n\n\n<p>Associa\u00e7\u00e3o Brasileira de Imprensa &#8211; ABI<\/p>\n\n\n\n<p>Associa\u00e7\u00e3o Comercial do Rio de Janeiro &#8211; ACRJ<\/p>\n\n\n\n<p>Biblioteca Estadual Parque do RJ<\/p>\n\n\n\n<p>Centro Cultural Banco do Brasil<\/p>\n\n\n\n<p>Centro Cultural Correios<\/p>\n\n\n\n<p>Clube de Engenharia<\/p>\n\n\n\n<p>Conselho de Arquitetura e Urbanismo do Rio de Janeiro \u2013 CAU\/RJ<\/p>\n\n\n\n<p>Conselho Regional de Engenharia e Agronomia do Rio de Janeiro \u2013 Crea\/RJ<\/p>\n\n\n\n<p>Disque Den\u00fancia<\/p>\n\n\n\n<p>Facerj<\/p>\n\n\n\n<p>Fecom\u00e9rcio<\/p>\n\n\n\n<p>Firjan<\/p>\n\n\n\n<p>Funda\u00e7\u00e3o Casa Brasil<\/p>\n\n\n\n<p>Funda\u00e7\u00e3o Theatro Municipal<\/p>\n\n\n\n<p>Instituto Nacional de Propriedade Industrial &#8211; INPI<\/p>\n\n\n\n<p>Junta Comercial do Estado do Rio de Janeiro &#8211; Jucerja<\/p>\n\n\n\n<p>Marinha do Brasil \u2013 CPRJ\/MB<\/p>\n\n\n\n<p>Museu de Arte Moderna do Rio de Janeiro &#8211; MAM<\/p>\n\n\n\n<p>Museu do Amanh\u00e3 &#8211; Instituto de Desenvolvimento e Gest\u00e3o &#8211; IDG<\/p>\n\n\n\n<p>Museu Hist\u00f3rico Nacional<\/p>\n\n\n\n<p>OAB RJ<\/p>\n\n\n\n<p>Real Gabinete Portugu\u00eas de Leitura<\/p>\n\n\n\n<p>Sebrae Rio<\/p>\n\n\n\n<p>Secret\u00e1ria Municipal de Desenvolvimento Econ\u00f4mico<\/p>\n\n\n\n<p>Secret\u00e1ria Estadual de Cultura e Economia Criativa<\/p>\n\n\n\n<p>Subprefeitura do Centro<\/p>\n\n\n\n<p>TI RIO<\/p>\n\n\n\n<p>Tribunal de Justi\u00e7a do Estado do Rio de Janeiro &#8211; TJRJ Tribunal Regional Eleitoral do Estado do RJ \u2013 TRE RJ<\/p>\n\n\n\n<p><strong><a href=\"https:\/\/drive.google.com\/drive\/folders\/14ClFPPBogsTuK2z0eobbBWNnqb0bikNt?usp=sharing\"><mark style=\"background-color:rgba(0, 0, 0, 0)\" class=\"has-inline-color has-vivid-cyan-blue-color\">Confira aqui<\/mark><\/a> as fotos da reuni\u00e3o<\/strong><\/p>\n\n\n\n<p><\/p>\n","protected":false},"excerpt":{"rendered":"<p>Representantes de 33 Institui\u00e7\u00f5es p\u00fablicas e privadas que est\u00e3o no Centro da cidade participaram, dia 19 de agosto, da primeira de uma s\u00e9rie de reuni\u00f5es&hellip;<\/p>\n","protected":false},"author":3,"featured_media":38038,"comment_status":"closed","ping_status":"closed","sticky":false,"template":"","format":"standard","meta":{"_exactmetrics_skip_tracking":false,"_exactmetrics_sitenote_active":false,"_exactmetrics_sitenote_note":"","_exactmetrics_sitenote_category":0,"footnotes":""},"categories":[6,10],"tags":[],"class_list":["post-38037","post","type-post","status-publish","format-standard","has-post-thumbnail","hentry","category-destaque_noticias","category-noticias"],"_links":{"self":[{"href":"https:\/\/acrj.org.br\/index.php\/wp-json\/wp\/v2\/posts\/38037","targetHints":{"allow":["GET"]}}],"collection":[{"href":"https:\/\/acrj.org.br\/index.php\/wp-json\/wp\/v2\/posts"}],"about":[{"href":"https:\/\/acrj.org.br\/index.php\/wp-json\/wp\/v2\/types\/post"}],"author":[{"embeddable":true,"href":"https:\/\/acrj.org.br\/index.php\/wp-json\/wp\/v2\/users\/3"}],"replies":[{"embeddable":true,"href":"https:\/\/acrj.org.br\/index.php\/wp-json\/wp\/v2\/comments?post=38037"}],"version-history":[{"count":1,"href":"https:\/\/acrj.org.br\/index.php\/wp-json\/wp\/v2\/posts\/38037\/revisions"}],"predecessor-version":[{"id":40983,"href":"https:\/\/acrj.org.br\/index.php\/wp-json\/wp\/v2\/posts\/38037\/revisions\/40983"}],"wp:featuredmedia":[{"embeddable":true,"href":"https:\/\/acrj.org.br\/index.php\/wp-json\/wp\/v2\/media\/38038"}],"wp:attachment":[{"href":"https:\/\/acrj.org.br\/index.php\/wp-json\/wp\/v2\/media?parent=38037"}],"wp:term":[{"taxonomy":"category","embeddable":true,"href":"https:\/\/acrj.org.br\/index.php\/wp-json\/wp\/v2\/categories?post=38037"},{"taxonomy":"post_tag","embeddable":true,"href":"https:\/\/acrj.org.br\/index.php\/wp-json\/wp\/v2\/tags?post=38037"}],"curies":[{"name":"wp","href":"https:\/\/api.w.org\/{rel}","templated":true}]}}