{"id":37933,"date":"2025-08-18T15:05:35","date_gmt":"2025-08-18T18:05:35","guid":{"rendered":"https:\/\/acrj.org.br\/?p=37933"},"modified":"2025-08-25T17:53:26","modified_gmt":"2025-08-25T20:53:26","slug":"impactos-e-perspectivas-das-tarifas-americanas-sobre-as-exportacoes-brasileiras-sao-debatidos-pelo-conselho","status":"publish","type":"post","link":"https:\/\/acrj.org.br\/index.php\/2025\/08\/18\/impactos-e-perspectivas-das-tarifas-americanas-sobre-as-exportacoes-brasileiras-sao-debatidos-pelo-conselho\/","title":{"rendered":"Impactos e perspectivas das tarifas americanas sobre as exporta\u00e7\u00f5es brasileiras s\u00e3o debatidos pelo Conselho"},"content":{"rendered":"\n<p>Os membros do Conselho Empresarial de Com\u00e9rcio Exterior da ACRJ, reunidos dia 15 de agosto, debateram os impactos e as perspectivas das exporta\u00e7\u00f5es brasileiras aos Estados Unidos e a rela\u00e7\u00e3o comercial entre os dois pa\u00edses, depois da aplica\u00e7\u00e3o de tarifas adicionais de at\u00e9 50% sobre diversos produtos brasileiros. A presidente do Conselho, C\u00e9lia Regina, e o vice, Pedro Rafael, prepararam uma apresenta\u00e7\u00e3o mostrando que a medida gerou repercuss\u00f5es econ\u00f4micas imediatas e levantou questionamentos sobre os rumos da inser\u00e7\u00e3o internacional do Brasil.<\/p>\n\n\n\n<p>De acordo com o documento, de janeiro a julho de 2025, as exporta\u00e7\u00f5es brasileiras para os EUA alcan\u00e7aram US$ 23,7 bilh\u00f5es, crescimento de 4,2% em rela\u00e7\u00e3o ao mesmo per\u00edodo de 2024. Somente em julho, as vendas externas somaram US$ 3,7 bilh\u00f5es (+3,8%), com aumento de 7,3% no volume embarcado, resultado, segundo C\u00e9lia, que pode ter sido influenciado pela antecipa\u00e7\u00e3o de embarques diante da imin\u00eancia das novas tarifas. No caso do estado Rio, que responde logisticamente por 17,56% das exporta\u00e7\u00f5es brasileiras para os EUA, as perdas estimadas decorrentes das novas tarifas devem ficar entre US$ 60 milh\u00f5es e US$ 85 milh\u00f5es anuais.<\/p>\n\n\n\n<figure class=\"wp-block-image size-large is-resized\"><img fetchpriority=\"high\" decoding=\"async\" width=\"1024\" height=\"460\" src=\"https:\/\/acrj.org.br\/wp-content\/uploads\/2025\/08\/mesa-7-1024x460.jpg\" alt=\"\" class=\"wp-image-37941\" style=\"width:500px\" srcset=\"https:\/\/acrj.org.br\/wp-content\/uploads\/2025\/08\/mesa-7-1024x460.jpg 1024w, https:\/\/acrj.org.br\/wp-content\/uploads\/2025\/08\/mesa-7-300x135.jpg 300w, https:\/\/acrj.org.br\/wp-content\/uploads\/2025\/08\/mesa-7-768x345.jpg 768w, https:\/\/acrj.org.br\/wp-content\/uploads\/2025\/08\/mesa-7-1536x690.jpg 1536w, https:\/\/acrj.org.br\/wp-content\/uploads\/2025\/08\/mesa-7.jpg 2000w\" sizes=\"(max-width: 1024px) 100vw, 1024px\" \/><\/figure>\n\n\n\n<p>Os conselheiros tamb\u00e9m comentaram sobre as medidas de mitiga\u00e7\u00e3o divulgadas pelo Governo Federal, como o Plano Brasil Soberano (MP 1.309\/25), que prev\u00ea a destina\u00e7\u00e3o de R$ 30 bilh\u00f5es em cr\u00e9dito via Fundo de Garantia \u00e0 Exporta\u00e7\u00e3o. E ainda abordaram a import\u00e2ncia da diversifica\u00e7\u00e3o do mercado exportador, j\u00e1 que nos \u00faltimos dois anos o Brasil abriu 400 novos mercados. <strong><a href=\"https:\/\/acrj.org.br\/wp-content\/uploads\/2025\/08\/Apresentacao-150825-CE-Comercio-Exterior-editado.pdf\">Confira aqui<\/a><\/strong> a apresenta\u00e7\u00e3o na \u00edntegra.<\/p>\n\n\n\n<p>Na segunda parte da reuni\u00e3o, C\u00e9lia Regina refor\u00e7ou a cria\u00e7\u00e3o dos tr\u00eas comit\u00eas tem\u00e1ticos, definidos na \u00faltima reuni\u00e3o, e solicitou aos conselheiros que ainda n\u00e3o aderiram, que possam escolher um deles para o in\u00edcio dos trabalhos. Os comit\u00eas s\u00e3o: Exporta\u00e7\u00e3o; Regimes Especiais Aduaneiros e Reforma Tribut\u00e1ria; e Rela\u00e7\u00f5es Internacionais, que foram criados para contribuir com o objetivo de transformar o potencial log\u00edstico e institucional do estado em um ativo estrat\u00e9gico. Ao final da reuni\u00e3o, os membros que ainda n\u00e3o haviam sido diplomados receberam seus cerificados.<\/p>\n","protected":false},"excerpt":{"rendered":"<p>Os membros do Conselho Empresarial de Com\u00e9rcio Exterior da ACRJ, reunidos dia 15 de agosto, debateram os impactos e as perspectivas das exporta\u00e7\u00f5es brasileiras aos&hellip;<\/p>\n","protected":false},"author":3,"featured_media":37939,"comment_status":"closed","ping_status":"closed","sticky":false,"template":"","format":"standard","meta":{"_exactmetrics_skip_tracking":false,"_exactmetrics_sitenote_active":false,"_exactmetrics_sitenote_note":"","_exactmetrics_sitenote_category":0,"footnotes":""},"categories":[56,10],"tags":[],"class_list":["post-37933","post","type-post","status-publish","format-standard","has-post-thumbnail","hentry","category-destaque_conselhos","category-noticias"],"_links":{"self":[{"href":"https:\/\/acrj.org.br\/index.php\/wp-json\/wp\/v2\/posts\/37933","targetHints":{"allow":["GET"]}}],"collection":[{"href":"https:\/\/acrj.org.br\/index.php\/wp-json\/wp\/v2\/posts"}],"about":[{"href":"https:\/\/acrj.org.br\/index.php\/wp-json\/wp\/v2\/types\/post"}],"author":[{"embeddable":true,"href":"https:\/\/acrj.org.br\/index.php\/wp-json\/wp\/v2\/users\/3"}],"replies":[{"embeddable":true,"href":"https:\/\/acrj.org.br\/index.php\/wp-json\/wp\/v2\/comments?post=37933"}],"version-history":[{"count":0,"href":"https:\/\/acrj.org.br\/index.php\/wp-json\/wp\/v2\/posts\/37933\/revisions"}],"wp:featuredmedia":[{"embeddable":true,"href":"https:\/\/acrj.org.br\/index.php\/wp-json\/wp\/v2\/media\/37939"}],"wp:attachment":[{"href":"https:\/\/acrj.org.br\/index.php\/wp-json\/wp\/v2\/media?parent=37933"}],"wp:term":[{"taxonomy":"category","embeddable":true,"href":"https:\/\/acrj.org.br\/index.php\/wp-json\/wp\/v2\/categories?post=37933"},{"taxonomy":"post_tag","embeddable":true,"href":"https:\/\/acrj.org.br\/index.php\/wp-json\/wp\/v2\/tags?post=37933"}],"curies":[{"name":"wp","href":"https:\/\/api.w.org\/{rel}","templated":true}]}}