{"id":37925,"date":"2025-08-18T12:53:11","date_gmt":"2025-08-18T15:53:11","guid":{"rendered":"https:\/\/acrj.org.br\/?p=37925"},"modified":"2025-08-25T17:54:26","modified_gmt":"2025-08-25T20:54:26","slug":"conselho-juridico-vai-priorizar-interacao-dialogo-e-defesa-dos-interesses-da-acrj","status":"publish","type":"post","link":"https:\/\/acrj.org.br\/index.php\/2025\/08\/18\/conselho-juridico-vai-priorizar-interacao-dialogo-e-defesa-dos-interesses-da-acrj\/","title":{"rendered":"Intera\u00e7\u00e3o, di\u00e1logo e defesa dos interesses da ACRJ ser\u00e3o prioridades do Conselho Jur\u00eddico"},"content":{"rendered":"\n<p>A primeira reuni\u00e3o do Conselho Empresarial de Assuntos Jur\u00eddicos e Tribut\u00e1rios da ACRJ para o bi\u00eanio 2025\/2027, realizada dia 18 de agosto, marcou o in\u00edcio de uma gest\u00e3o voltada \u00e0 integra\u00e7\u00e3o, ao di\u00e1logo com os demais Conselhos Empresariais e \u00e0 defesa ativa do ambiente de neg\u00f3cios no Rio de Janeiro.<\/p>\n\n\n\n<p>A reuni\u00e3o contou com a presen\u00e7a do 1\u00ba vice-presidente da ACRJ, Laudelino Costa, e de forma virtual, o vice-presidente dos Conselhos Empresariais, Juedir Teixeira, e foi realizada sob a presid\u00eancia de F\u00e1bio Azevedo com a participa\u00e7\u00e3o do vice-presidente, Rodrigo Verdini, e demais conselheiros.<\/p>\n\n\n\n<p>Na abertura do encontro foi destacado o car\u00e1ter transversal do Conselho e a necessidade de fortalecer a proatividade, tanto na realiza\u00e7\u00e3o de eventos como na antecipa\u00e7\u00e3o e monitoramento de projetos legislativos que possam afetar os demais Conselhos da Casa de Mau\u00e1. F\u00e1bio Azevedo ressaltou que os membros ter\u00e3o papel importante de an\u00e1lise e posicionamento, funcionando como filtro das demandas encaminhadas pelos Conselhos e a defesa institucional da Associa\u00e7\u00e3o Comercial, de forma a assegurar alinhamento com a Presid\u00eancia.<\/p>\n\n\n\n<figure class=\"wp-block-image size-large is-resized\"><img fetchpriority=\"high\" decoding=\"async\" width=\"1024\" height=\"491\" src=\"https:\/\/acrj.org.br\/wp-content\/uploads\/2025\/08\/mesa1-1-1024x491.jpeg\" alt=\"\" class=\"wp-image-37929\" style=\"width:500px\" srcset=\"https:\/\/acrj.org.br\/wp-content\/uploads\/2025\/08\/mesa1-1-1024x491.jpeg 1024w, https:\/\/acrj.org.br\/wp-content\/uploads\/2025\/08\/mesa1-1-300x144.jpeg 300w, https:\/\/acrj.org.br\/wp-content\/uploads\/2025\/08\/mesa1-1-768x368.jpeg 768w, https:\/\/acrj.org.br\/wp-content\/uploads\/2025\/08\/mesa1-1.jpeg 1500w\" sizes=\"(max-width: 1024px) 100vw, 1024px\" \/><\/figure>\n\n\n\n<p>Durante a reuni\u00e3o, foi ressaltada a import\u00e2ncia de um acompanhamento de projetos de lei, tanto na Alerj quanto na C\u00e2mara Municipal do Rio, para refor\u00e7ar a interlocu\u00e7\u00e3o legislativa e ampliar a capacidade de an\u00e1lise das pautas estrat\u00e9gicas de interesse da ACRJ, atrav\u00e9s de seus Conselhos Empresariais.<\/p>\n\n\n\n<p>Entre os temas sugeridos para a realiza\u00e7\u00e3o de eventos est\u00e1 a discuss\u00e3o sobre Simples Nacional, especialmente pelo efeito direto sobre pequenos e m\u00e9dios empreendedores. A agenda incluir\u00e1 ainda os temas seguran\u00e7a, mercado imobili\u00e1rio e assuntos tribut\u00e1rios, que est\u00e1 em constante atualiza\u00e7\u00e3o.<\/p>\n\n\n\n<figure class=\"wp-block-image size-large is-resized\"><img decoding=\"async\" width=\"1024\" height=\"460\" src=\"https:\/\/acrj.org.br\/wp-content\/uploads\/2025\/08\/mesa-1024x460.jpeg\" alt=\"\" class=\"wp-image-37930\" style=\"width:500px\" srcset=\"https:\/\/acrj.org.br\/wp-content\/uploads\/2025\/08\/mesa-1024x460.jpeg 1024w, https:\/\/acrj.org.br\/wp-content\/uploads\/2025\/08\/mesa-300x135.jpeg 300w, https:\/\/acrj.org.br\/wp-content\/uploads\/2025\/08\/mesa-768x345.jpeg 768w, https:\/\/acrj.org.br\/wp-content\/uploads\/2025\/08\/mesa-1536x690.jpeg 1536w, https:\/\/acrj.org.br\/wp-content\/uploads\/2025\/08\/mesa.jpeg 1600w\" sizes=\"(max-width: 1024px) 100vw, 1024px\" \/><\/figure>\n","protected":false},"excerpt":{"rendered":"<p>A primeira reuni\u00e3o do Conselho Empresarial de Assuntos Jur\u00eddicos e Tribut\u00e1rios da ACRJ para o bi\u00eanio 2025\/2027, realizada dia 18 de agosto, marcou o in\u00edcio&hellip;<\/p>\n","protected":false},"author":3,"featured_media":37926,"comment_status":"closed","ping_status":"closed","sticky":false,"template":"","format":"standard","meta":{"_exactmetrics_skip_tracking":false,"_exactmetrics_sitenote_active":false,"_exactmetrics_sitenote_note":"","_exactmetrics_sitenote_category":0,"footnotes":""},"categories":[56,10],"tags":[],"class_list":["post-37925","post","type-post","status-publish","format-standard","has-post-thumbnail","hentry","category-destaque_conselhos","category-noticias"],"_links":{"self":[{"href":"https:\/\/acrj.org.br\/index.php\/wp-json\/wp\/v2\/posts\/37925","targetHints":{"allow":["GET"]}}],"collection":[{"href":"https:\/\/acrj.org.br\/index.php\/wp-json\/wp\/v2\/posts"}],"about":[{"href":"https:\/\/acrj.org.br\/index.php\/wp-json\/wp\/v2\/types\/post"}],"author":[{"embeddable":true,"href":"https:\/\/acrj.org.br\/index.php\/wp-json\/wp\/v2\/users\/3"}],"replies":[{"embeddable":true,"href":"https:\/\/acrj.org.br\/index.php\/wp-json\/wp\/v2\/comments?post=37925"}],"version-history":[{"count":0,"href":"https:\/\/acrj.org.br\/index.php\/wp-json\/wp\/v2\/posts\/37925\/revisions"}],"wp:featuredmedia":[{"embeddable":true,"href":"https:\/\/acrj.org.br\/index.php\/wp-json\/wp\/v2\/media\/37926"}],"wp:attachment":[{"href":"https:\/\/acrj.org.br\/index.php\/wp-json\/wp\/v2\/media?parent=37925"}],"wp:term":[{"taxonomy":"category","embeddable":true,"href":"https:\/\/acrj.org.br\/index.php\/wp-json\/wp\/v2\/categories?post=37925"},{"taxonomy":"post_tag","embeddable":true,"href":"https:\/\/acrj.org.br\/index.php\/wp-json\/wp\/v2\/tags?post=37925"}],"curies":[{"name":"wp","href":"https:\/\/api.w.org\/{rel}","templated":true}]}}