{"id":37900,"date":"2025-08-14T16:57:11","date_gmt":"2025-08-14T19:57:11","guid":{"rendered":"https:\/\/acrj.org.br\/?p=37900"},"modified":"2025-10-21T10:49:54","modified_gmt":"2025-10-21T13:49:54","slug":"acrj-promove-workshop-estrategico-sobre-ambiente-de-negocios-no-rio","status":"publish","type":"post","link":"https:\/\/acrj.org.br\/index.php\/2025\/08\/14\/acrj-promove-workshop-estrategico-sobre-ambiente-de-negocios-no-rio\/","title":{"rendered":"ACRJ promove workshop estrat\u00e9gico sobre ambiente de neg\u00f3cios no Rio"},"content":{"rendered":"\n<p>O presidente da ACRJ, Josier Vilar, promoveu, dia 14 de agosto, uma reuni\u00e3o estrat\u00e9gica com vice-presidentes da Casa de Mau\u00e1 para apresenta\u00e7\u00e3o do workshop \u201cVis\u00f5es do Rio: diagn\u00f3stico estrat\u00e9gico do ambiente de neg\u00f3cios\u201d. O objetivo foi discutir iniciativas pr\u00e1ticas em cada eixo proposto, buscando definir a\u00e7\u00f5es capazes de gerar impacto imediato e estrutural no ambiente de neg\u00f3cios da cidade e criar a vis\u00e3o e o modelo de neg\u00f3cios do Ninho do Empreendedor, que ser\u00e1 inaugurado no pr\u00f3ximo ano pela ACRJ. O encontro tamb\u00e9m debateu a possibilidade de parcerias estrat\u00e9gicas e projetos conjuntos com outras entidades e o Poder P\u00fablico para ampliar a representatividade da ACRJ no ambiente empresarial e pol\u00edtico do Rio de Janeiro.<\/p>\n\n\n\n<figure class=\"wp-block-image size-large is-resized\"><img fetchpriority=\"high\" decoding=\"async\" width=\"1024\" height=\"544\" src=\"https:\/\/acrj.org.br\/wp-content\/uploads\/2025\/08\/mesa1-7-1024x544.jpg\" alt=\"\" class=\"wp-image-37909\" style=\"width:500px\" srcset=\"https:\/\/acrj.org.br\/wp-content\/uploads\/2025\/08\/mesa1-7-1024x544.jpg 1024w, https:\/\/acrj.org.br\/wp-content\/uploads\/2025\/08\/mesa1-7-300x159.jpg 300w, https:\/\/acrj.org.br\/wp-content\/uploads\/2025\/08\/mesa1-7-768x408.jpg 768w, https:\/\/acrj.org.br\/wp-content\/uploads\/2025\/08\/mesa1-7-1536x815.jpg 1536w, https:\/\/acrj.org.br\/wp-content\/uploads\/2025\/08\/mesa1-7.jpg 1688w\" sizes=\"(max-width: 1024px) 100vw, 1024px\" \/><figcaption class=\"wp-element-caption\"><em>O consultor Rodrigo Teixeira apresentou o trabalho<\/em><\/figcaption><\/figure>\n\n\n\n<p>De acordo com o presidente Josier Vilar, a ideia nasceu da necessidade de fortalecer a atividade econ\u00f4mica, melhorar o ambiente de neg\u00f3cios e ampliar o acesso \u00e0s oportunidades para empreendedores no Rio de Janeiro. O trabalho apresentado foi fruto de 20 entrevistas realizadas por uma consultoria com empres\u00e1rios, membros da ACRJ, gestores p\u00fablicos e especialistas, al\u00e9m da an\u00e1lise de relat\u00f3rios e dados socioecon\u00f4micos da cidade e do estado do Rio.<\/p>\n\n\n\n<figure class=\"wp-block-image size-large is-resized\"><img decoding=\"async\" width=\"1280\" height=\"720\" src=\"https:\/\/acrj.org.br\/wp-content\/uploads\/2025\/08\/josier-edited.jpeg\" alt=\"\" class=\"wp-image-37905\" style=\"width:500px\" srcset=\"https:\/\/acrj.org.br\/wp-content\/uploads\/2025\/08\/josier-edited.jpeg 1280w, https:\/\/acrj.org.br\/wp-content\/uploads\/2025\/08\/josier-edited-300x169.jpeg 300w, https:\/\/acrj.org.br\/wp-content\/uploads\/2025\/08\/josier-edited-1024x576.jpeg 1024w, https:\/\/acrj.org.br\/wp-content\/uploads\/2025\/08\/josier-edited-768x432.jpeg 768w\" sizes=\"(max-width: 1280px) 100vw, 1280px\" \/><figcaption class=\"wp-element-caption\"><em>Josier Vilar explicou o objetivo do trabalho<\/em><\/figcaption><\/figure>\n\n\n\n<p>Durante o processo de entrevistas foram identificados nove eixos estrat\u00e9gicos para o fortalecimento do Rio de Janeiro, amplamente debatidos durante o workshop. S\u00e3o eles: Log\u00edstica e Conectividade; Ambiente de Neg\u00f3cios; Turismo e Cultura; Dados e Governan\u00e7a; Energia e Ind\u00fastria; Empreendedorismo Inclusivo; Imagem e Branding da ACRJ; Revitaliza\u00e7\u00e3o do Centro; e Capital Humano e Conhecimento.<\/p>\n\n\n\n<p>O pr\u00f3ximo passo ser\u00e1 consolidar todas as sugest\u00f5es geradas pelos participantes para a elabora\u00e7\u00e3o de um Plano de A\u00e7\u00e3o da ACRJ que guiar\u00e1 o trabalho nos pr\u00f3ximos dois anos.<\/p>\n\n\n\n<figure class=\"wp-block-image size-large is-resized\"><img decoding=\"async\" width=\"1024\" height=\"682\" src=\"https:\/\/acrj.org.br\/wp-content\/uploads\/2025\/08\/laudelino-1024x682.jpeg\" alt=\"\" class=\"wp-image-37911\" style=\"width:500px\" srcset=\"https:\/\/acrj.org.br\/wp-content\/uploads\/2025\/08\/laudelino-1024x682.jpeg 1024w, https:\/\/acrj.org.br\/wp-content\/uploads\/2025\/08\/laudelino-300x200.jpeg 300w, https:\/\/acrj.org.br\/wp-content\/uploads\/2025\/08\/laudelino-768x512.jpeg 768w, https:\/\/acrj.org.br\/wp-content\/uploads\/2025\/08\/laudelino.jpeg 1280w\" sizes=\"(max-width: 1024px) 100vw, 1024px\" \/><\/figure>\n\n\n\n<p>Fotos: Adolfo Castro<\/p>\n\n\n\n<p><\/p>\n","protected":false},"excerpt":{"rendered":"<p>O presidente da ACRJ, Josier Vilar, promoveu, dia 14 de agosto, uma reuni\u00e3o estrat\u00e9gica com vice-presidentes da Casa de Mau\u00e1 para apresenta\u00e7\u00e3o do workshop \u201cVis\u00f5es&hellip;<\/p>\n","protected":false},"author":3,"featured_media":37902,"comment_status":"closed","ping_status":"closed","sticky":false,"template":"","format":"standard","meta":{"_exactmetrics_skip_tracking":false,"_exactmetrics_sitenote_active":false,"_exactmetrics_sitenote_note":"","_exactmetrics_sitenote_category":0,"footnotes":""},"categories":[6,10],"tags":[],"class_list":["post-37900","post","type-post","status-publish","format-standard","has-post-thumbnail","hentry","category-destaque_noticias","category-noticias"],"_links":{"self":[{"href":"https:\/\/acrj.org.br\/index.php\/wp-json\/wp\/v2\/posts\/37900","targetHints":{"allow":["GET"]}}],"collection":[{"href":"https:\/\/acrj.org.br\/index.php\/wp-json\/wp\/v2\/posts"}],"about":[{"href":"https:\/\/acrj.org.br\/index.php\/wp-json\/wp\/v2\/types\/post"}],"author":[{"embeddable":true,"href":"https:\/\/acrj.org.br\/index.php\/wp-json\/wp\/v2\/users\/3"}],"replies":[{"embeddable":true,"href":"https:\/\/acrj.org.br\/index.php\/wp-json\/wp\/v2\/comments?post=37900"}],"version-history":[{"count":0,"href":"https:\/\/acrj.org.br\/index.php\/wp-json\/wp\/v2\/posts\/37900\/revisions"}],"wp:featuredmedia":[{"embeddable":true,"href":"https:\/\/acrj.org.br\/index.php\/wp-json\/wp\/v2\/media\/37902"}],"wp:attachment":[{"href":"https:\/\/acrj.org.br\/index.php\/wp-json\/wp\/v2\/media?parent=37900"}],"wp:term":[{"taxonomy":"category","embeddable":true,"href":"https:\/\/acrj.org.br\/index.php\/wp-json\/wp\/v2\/categories?post=37900"},{"taxonomy":"post_tag","embeddable":true,"href":"https:\/\/acrj.org.br\/index.php\/wp-json\/wp\/v2\/tags?post=37900"}],"curies":[{"name":"wp","href":"https:\/\/api.w.org\/{rel}","templated":true}]}}