{"id":37882,"date":"2025-08-13T17:30:59","date_gmt":"2025-08-13T20:30:59","guid":{"rendered":"https:\/\/acrj.org.br\/?p=37882"},"modified":"2025-08-18T12:53:38","modified_gmt":"2025-08-18T15:53:38","slug":"conselho-propoe-articulacao-de-projetos-para-revitalizar-o-centro-do-rio","status":"publish","type":"post","link":"https:\/\/acrj.org.br\/index.php\/2025\/08\/13\/conselho-propoe-articulacao-de-projetos-para-revitalizar-o-centro-do-rio\/","title":{"rendered":"Conselho prop\u00f5e articula\u00e7\u00e3o de projetos para revitalizar o Centro do Rio"},"content":{"rendered":"\n<p>A articula\u00e7\u00e3o de projetos para revitalizar o Centro do Rio foi o objetivo central da reuni\u00e3o do Conselho Empresarial de Renova\u00e7\u00e3o do Centro do Rio e Ordem P\u00fablica da ACRJ, realizada dia 7 de agosto. O novo presidente do Conselho, Carlos Roberto Os\u00f3rio, refor\u00e7ou a import\u00e2ncia da articula\u00e7\u00e3o entre institui\u00e7\u00f5es estrat\u00e9gicas, com foco em uma atua\u00e7\u00e3o coordenada em prol da revitaliza\u00e7\u00e3o e desenvolvimento do Centro da cidade. De acordo com ele, o destaque ser\u00e1 a reuni\u00e3o de lideran\u00e7as para dialogar e alinhar agendas, tanto na constru\u00e7\u00e3o de projetos como na sua comunica\u00e7\u00e3o externa.<\/p>\n\n\n\n<p>Depois de ouvir os conselheiros sobre as principais quest\u00f5es que impactam os neg\u00f3cios na regi\u00e3o, Os\u00f3rio informou que o vice-presidente Cl\u00e1udio Andr\u00e9 Castro ser\u00e1 respons\u00e1vel pela coordena\u00e7\u00e3o dos projetos em andamento, dando sequ\u00eancia aos trabalhos j\u00e1 iniciados no mandato anterior. As prioridades s\u00e3o a discuss\u00e3o sobre as distor\u00e7\u00f5es no IPTU de m\u00f3veis do Centro e as quest\u00f5es relativas \u00e0s cobran\u00e7as abusivas do fornecimento de \u00e1gua e esgoto pela concession\u00e1ria \u00c1guas do Rio. \u201cA presid\u00eancia apoiar\u00e1 a iniciativa com articula\u00e7\u00e3o pol\u00edtica e suporte institucional, garantindo tra\u00e7\u00e3o aos pr\u00f3ximos passos\u201d, explicou Os\u00f3rio. <\/p>\n\n\n\n<figure class=\"wp-block-image size-large is-resized\"><img fetchpriority=\"high\" decoding=\"async\" width=\"1024\" height=\"460\" src=\"https:\/\/acrj.org.br\/wp-content\/uploads\/2025\/08\/mesa-6-1024x460.jpg\" alt=\"\" class=\"wp-image-37884\" style=\"width:500px\" srcset=\"https:\/\/acrj.org.br\/wp-content\/uploads\/2025\/08\/mesa-6-1024x460.jpg 1024w, https:\/\/acrj.org.br\/wp-content\/uploads\/2025\/08\/mesa-6-300x135.jpg 300w, https:\/\/acrj.org.br\/wp-content\/uploads\/2025\/08\/mesa-6-768x345.jpg 768w, https:\/\/acrj.org.br\/wp-content\/uploads\/2025\/08\/mesa-6-1536x690.jpg 1536w, https:\/\/acrj.org.br\/wp-content\/uploads\/2025\/08\/mesa-6.jpg 2000w\" sizes=\"(max-width: 1024px) 100vw, 1024px\" \/><\/figure>\n\n\n\n<p>Foram discutidos alguns projetos que ter\u00e3o destaque nos pr\u00f3ximos dois anos, como a revitaliza\u00e7\u00e3o do com\u00e9rcio local, incluindo a cria\u00e7\u00e3o de um conceito de \u201cshopping de rua\u201d com abordagem pr\u00e1tica e estrat\u00e9gica; o mapeamento e divulga\u00e7\u00e3o das legisla\u00e7\u00f5es e incentivos j\u00e1 existentes que favorecem o desenvolvimento do Centro; a instala\u00e7\u00e3o de centros de conven\u00e7\u00f5es de m\u00e9dio porte para fomentar o fluxo de pessoas e ativar economicamente a regi\u00e3o; a constru\u00e7\u00e3o de projetos com impacto transversal e abrangente; a intensifica\u00e7\u00e3o da parceria com a Alian\u00e7a CentroRio, trabalho conduzido pelo conselheiro Marcelo Haddad, entre outros.<\/p>\n\n\n\n<p>Ao final da reuni\u00e3o, o presidente do Conselho Superior da ACRJ, Ruy Barreto Filho, e o vice-presidente dos Conselhos Empresariais, Juedir Teixeira, fizeram a diploma\u00e7\u00e3o dos conselheiros.<\/p>\n\n\n\n<figure class=\"wp-block-image size-large is-resized\"><img decoding=\"async\" width=\"1024\" height=\"460\" src=\"https:\/\/acrj.org.br\/wp-content\/uploads\/2025\/08\/mesa1-6-1024x460.jpg\" alt=\"\" class=\"wp-image-37886\" style=\"width:500px\" srcset=\"https:\/\/acrj.org.br\/wp-content\/uploads\/2025\/08\/mesa1-6-1024x460.jpg 1024w, https:\/\/acrj.org.br\/wp-content\/uploads\/2025\/08\/mesa1-6-300x135.jpg 300w, https:\/\/acrj.org.br\/wp-content\/uploads\/2025\/08\/mesa1-6-768x345.jpg 768w, https:\/\/acrj.org.br\/wp-content\/uploads\/2025\/08\/mesa1-6-1536x690.jpg 1536w, https:\/\/acrj.org.br\/wp-content\/uploads\/2025\/08\/mesa1-6.jpg 2000w\" sizes=\"(max-width: 1024px) 100vw, 1024px\" \/><\/figure>\n","protected":false},"excerpt":{"rendered":"<p>A articula\u00e7\u00e3o de projetos para revitalizar o Centro do Rio foi o objetivo central da reuni\u00e3o do Conselho Empresarial de Renova\u00e7\u00e3o do Centro do Rio&hellip;<\/p>\n","protected":false},"author":3,"featured_media":37883,"comment_status":"closed","ping_status":"closed","sticky":false,"template":"","format":"standard","meta":{"_exactmetrics_skip_tracking":false,"_exactmetrics_sitenote_active":false,"_exactmetrics_sitenote_note":"","_exactmetrics_sitenote_category":0,"footnotes":""},"categories":[56,10],"tags":[],"class_list":["post-37882","post","type-post","status-publish","format-standard","has-post-thumbnail","hentry","category-destaque_conselhos","category-noticias"],"_links":{"self":[{"href":"https:\/\/acrj.org.br\/index.php\/wp-json\/wp\/v2\/posts\/37882","targetHints":{"allow":["GET"]}}],"collection":[{"href":"https:\/\/acrj.org.br\/index.php\/wp-json\/wp\/v2\/posts"}],"about":[{"href":"https:\/\/acrj.org.br\/index.php\/wp-json\/wp\/v2\/types\/post"}],"author":[{"embeddable":true,"href":"https:\/\/acrj.org.br\/index.php\/wp-json\/wp\/v2\/users\/3"}],"replies":[{"embeddable":true,"href":"https:\/\/acrj.org.br\/index.php\/wp-json\/wp\/v2\/comments?post=37882"}],"version-history":[{"count":0,"href":"https:\/\/acrj.org.br\/index.php\/wp-json\/wp\/v2\/posts\/37882\/revisions"}],"wp:featuredmedia":[{"embeddable":true,"href":"https:\/\/acrj.org.br\/index.php\/wp-json\/wp\/v2\/media\/37883"}],"wp:attachment":[{"href":"https:\/\/acrj.org.br\/index.php\/wp-json\/wp\/v2\/media?parent=37882"}],"wp:term":[{"taxonomy":"category","embeddable":true,"href":"https:\/\/acrj.org.br\/index.php\/wp-json\/wp\/v2\/categories?post=37882"},{"taxonomy":"post_tag","embeddable":true,"href":"https:\/\/acrj.org.br\/index.php\/wp-json\/wp\/v2\/tags?post=37882"}],"curies":[{"name":"wp","href":"https:\/\/api.w.org\/{rel}","templated":true}]}}