{"id":37876,"date":"2025-08-13T16:35:18","date_gmt":"2025-08-13T19:35:18","guid":{"rendered":"https:\/\/acrj.org.br\/?p=37876"},"modified":"2025-08-18T12:53:45","modified_gmt":"2025-08-18T15:53:45","slug":"conselho-aborda-a-realizacao-de-eventos-e-parcerias-e-debate-o-futuro-das-profissoes","status":"publish","type":"post","link":"https:\/\/acrj.org.br\/index.php\/2025\/08\/13\/conselho-aborda-a-realizacao-de-eventos-e-parcerias-e-debate-o-futuro-das-profissoes\/","title":{"rendered":"Conselho aborda a realiza\u00e7\u00e3o de eventos e parcerias e debate o futuro das profiss\u00f5es"},"content":{"rendered":"\n<p>Reunido dia 13 de agosto, o Conselho Empresarial de Cultura da ACRJ abordou diversos temas de interesse. O presidente do Conselho, Sergio da Costa e Silva, abriu o encontro agradecendo a presen\u00e7a de um grande n\u00famero de membros e deu boas-vindas ao embaixador Eduardo Prisco Para\u00edso Ramos, que retornou do posto na Embaixada brasileira da Eslov\u00eania e agora participar\u00e1 das reuni\u00f5es do Conselho de forma presencial.<\/p>\n\n\n\n<p>Na sequ\u00eancia, o conselheiro Mauro Wainstock falou sobre a import\u00e2ncia do network que gera valor em sua palestra \u201cNetworking e marca profissional\u201d. Ele mostrou alguns exemplos de sucesso, e tamb\u00e9m de fracassos, a import\u00e2ncia da adapta\u00e7\u00e3o \u00e0s novas tecnologias e habilidades comportamentais, de se transformar o tempo todo na carreira e de ser resiliente na busca de um objetivo. <strong><a href=\"https:\/\/acrj.org.br\/wp-content\/uploads\/2025\/08\/Palestra_ACRJ_Mauro_Wainstock_palestra.pdf\">Confira aqui <\/a><\/strong>a apresenta\u00e7\u00e3o da \u00edntegra<a href=\"https:\/\/acrj.org.br\/wp-content\/uploads\/2025\/08\/Palestra_ACRJ_Mauro_Wainstock_palestra.pdf\">.<\/a><\/p>\n\n\n\n<figure class=\"wp-block-image size-large is-resized\"><img fetchpriority=\"high\" decoding=\"async\" width=\"1024\" height=\"460\" src=\"https:\/\/acrj.org.br\/wp-content\/uploads\/2025\/08\/mauro-1024x460.jpg\" alt=\"\" class=\"wp-image-37878\" style=\"width:500px\" srcset=\"https:\/\/acrj.org.br\/wp-content\/uploads\/2025\/08\/mauro-1024x460.jpg 1024w, https:\/\/acrj.org.br\/wp-content\/uploads\/2025\/08\/mauro-300x135.jpg 300w, https:\/\/acrj.org.br\/wp-content\/uploads\/2025\/08\/mauro-768x345.jpg 768w, https:\/\/acrj.org.br\/wp-content\/uploads\/2025\/08\/mauro-1536x690.jpg 1536w, https:\/\/acrj.org.br\/wp-content\/uploads\/2025\/08\/mauro.jpg 2000w\" sizes=\"(max-width: 1024px) 100vw, 1024px\" \/><figcaption class=\"wp-element-caption\"><em>Mauro Wainstock falou sobre networking e marca profissional<\/em><\/figcaption><\/figure>\n\n\n\n<p>O conselheiro Steve Solot, idealizador do projeto do curso \u201cFazendo Meu Primeiro Filme, fez um balan\u00e7o da iniciativa, que est\u00e1 encerrando as turmas no Degase e no munic\u00edpio do Rio, com os alunos selecionados pela Secret\u00e1ria Especial da Juventude-JuvRio da Prefeitura do Rio. Em breve novas turmas em Maric\u00e1, na Comunidade do Vidigal e Petr\u00f3polis ser\u00e3o iniciadas. Nas edi\u00e7\u00f5es anteriores, o projeto atendeu jovens de 16 Comunidades nos munic\u00edpios do Rio, B\u00fazios e Nova Igua\u00e7u. Segundo Steve Solot, gra\u00e7as ao novo acordo com o Latin American Training Center, dirigido por ele, filmes selecionados de todas as edi\u00e7\u00f5es dos cursos ser\u00e3o disponibilizados, com legendas em ingl\u00eas, na nova plataforma de streaming MAB+, sediada em Los Angeles.<\/p>\n\n\n\n<p>Em seguida, a conselheira Yvone Bezerra de Melo atualizou os membros sobre o Programa Uer\u00ea, que une educa\u00e7\u00e3o, m\u00fasica e a\u00e7\u00f5es sociais, e a Camerata Uer\u00ea, que iniciou sua trajet\u00f3ria h\u00e1 12 anos junto com o M\u00fasica no Museu e em outubro se apresentar\u00e1 na Fran\u00e7a e em Portugal. A metodologia Uer\u00ea come\u00e7ou no Complexo da Mar\u00e9, no Rio, conquistou reconhecimento em S\u00e3o Paulo e agora ser\u00e1 implementada tamb\u00e9m no M\u00e9xico. Yvone citou ainda sobre a exposi\u00e7\u00e3o de fotografia realizada em Paris, que ficou em cartaz por tr\u00eas meses e mostrou a for\u00e7a das produ\u00e7\u00f5es visuais criadas por jovens participantes, e agora busca apoio para se apresentar no Rio, talvez na pr\u00f3pria sede da ACRJ.<\/p>\n\n\n\n<p>Os conselheiros tamb\u00e9m debateram a realiza\u00e7\u00e3o de eventos e o presidente Sergio da Costa e Silva informou que o Conselho de Cultura da ACRJ iniciou parceria com a C\u00e2mara Americana de Com\u00e9rcio para o Rio de Janeiro (Amcham Rio), ampliando sua atua\u00e7\u00e3o e fortalecendo o interc\u00e2mbio cultural e institucional entre as entidades. \u201cEssa aproxima\u00e7\u00e3o com a C\u00e2mara Americana representa um avan\u00e7o in\u00e9dito e abre espa\u00e7o para a realiza\u00e7\u00e3o de eventos conjuntos, fomentando o di\u00e1logo e os neg\u00f3cios entre o setor cultural e o meio empresarial\u201d, explicou.<\/p>\n\n\n\n<figure class=\"wp-block-image size-large is-resized\"><img decoding=\"async\" width=\"1024\" height=\"606\" src=\"https:\/\/acrj.org.br\/wp-content\/uploads\/2025\/08\/sergio-1024x606.jpg\" alt=\"\" class=\"wp-image-37879\" style=\"width:500px\" srcset=\"https:\/\/acrj.org.br\/wp-content\/uploads\/2025\/08\/sergio-1024x606.jpg 1024w, https:\/\/acrj.org.br\/wp-content\/uploads\/2025\/08\/sergio-300x178.jpg 300w, https:\/\/acrj.org.br\/wp-content\/uploads\/2025\/08\/sergio-768x455.jpg 768w, https:\/\/acrj.org.br\/wp-content\/uploads\/2025\/08\/sergio-1536x909.jpg 1536w, https:\/\/acrj.org.br\/wp-content\/uploads\/2025\/08\/sergio-2048x1212.jpg 2048w\" sizes=\"(max-width: 1024px) 100vw, 1024px\" \/><figcaption class=\"wp-element-caption\"><em>Sergio da Costa e Silva e Reinaldo Paes Barreto, vice-presidente do Conselho<\/em><\/figcaption><\/figure>\n\n\n\n<p>As primeiras a\u00e7\u00f5es ser\u00e3o a participa\u00e7\u00e3o do Conselho no semin\u00e1rio sobre entretenimento e turismo, dia 20 de agosto, e na tradicional iniciativa de pr\u00e9-estreia de filmes promovida pela Amcham Rio, que h\u00e1 anos re\u00fane p\u00fablico qualificado, promove networking e gera conex\u00f5es estrat\u00e9gicas, que acontecer\u00e1 dia 1\u00ba de setembro. Esses encontros oferecem, al\u00e9m de grandes produ\u00e7\u00f5es cinematogr\u00e1ficas, a oportunidade de interagir com l\u00edderes e formadores de opini\u00e3o, criando um ambiente favor\u00e1vel para parcerias e projetos colaborativos.<\/p>\n\n\n\n<p>Outro tema abordado na reuni\u00e3o foi a produ\u00e7\u00e3o do Podcast do Conselho, que receber\u00e1 sugest\u00f5es de nomes para a participa\u00e7\u00e3o nos programas. Uma das propostas \u00e9 mostrar os bastidores e a complexidade de organizar atividades culturais e corporativas, evidenciando o esfor\u00e7o e a expertise da equipe da ACRJ, revelando todos os elementos que est\u00e3o por tr\u00e1s de uma produ\u00e7\u00e3o.<\/p>\n\n\n\n<p>Encerrando a reuni\u00e3o, Sergio da Costa e Silva ressaltou o trabalho da equipe da ACRJ. \u201cMesmo diminuta, esta equipe leva a contento todas as tarefas da Associa\u00e7\u00e3o Comercial\u201d, elogiou.<\/p>\n","protected":false},"excerpt":{"rendered":"<p>Reunido dia 13 de agosto, o Conselho Empresarial de Cultura da ACRJ abordou diversos temas de interesse. O presidente do Conselho, Sergio da Costa e&hellip;<\/p>\n","protected":false},"author":3,"featured_media":37877,"comment_status":"closed","ping_status":"closed","sticky":false,"template":"","format":"standard","meta":{"_exactmetrics_skip_tracking":false,"_exactmetrics_sitenote_active":false,"_exactmetrics_sitenote_note":"","_exactmetrics_sitenote_category":0,"footnotes":""},"categories":[56,10],"tags":[],"class_list":["post-37876","post","type-post","status-publish","format-standard","has-post-thumbnail","hentry","category-destaque_conselhos","category-noticias"],"_links":{"self":[{"href":"https:\/\/acrj.org.br\/index.php\/wp-json\/wp\/v2\/posts\/37876","targetHints":{"allow":["GET"]}}],"collection":[{"href":"https:\/\/acrj.org.br\/index.php\/wp-json\/wp\/v2\/posts"}],"about":[{"href":"https:\/\/acrj.org.br\/index.php\/wp-json\/wp\/v2\/types\/post"}],"author":[{"embeddable":true,"href":"https:\/\/acrj.org.br\/index.php\/wp-json\/wp\/v2\/users\/3"}],"replies":[{"embeddable":true,"href":"https:\/\/acrj.org.br\/index.php\/wp-json\/wp\/v2\/comments?post=37876"}],"version-history":[{"count":0,"href":"https:\/\/acrj.org.br\/index.php\/wp-json\/wp\/v2\/posts\/37876\/revisions"}],"wp:featuredmedia":[{"embeddable":true,"href":"https:\/\/acrj.org.br\/index.php\/wp-json\/wp\/v2\/media\/37877"}],"wp:attachment":[{"href":"https:\/\/acrj.org.br\/index.php\/wp-json\/wp\/v2\/media?parent=37876"}],"wp:term":[{"taxonomy":"category","embeddable":true,"href":"https:\/\/acrj.org.br\/index.php\/wp-json\/wp\/v2\/categories?post=37876"},{"taxonomy":"post_tag","embeddable":true,"href":"https:\/\/acrj.org.br\/index.php\/wp-json\/wp\/v2\/tags?post=37876"}],"curies":[{"name":"wp","href":"https:\/\/api.w.org\/{rel}","templated":true}]}}