{"id":37860,"date":"2025-08-25T09:30:00","date_gmt":"2025-08-25T12:30:00","guid":{"rendered":"https:\/\/acrj.org.br\/?p=37860"},"modified":"2025-09-08T12:02:11","modified_gmt":"2025-09-08T15:02:11","slug":"palestra-os-desafios-da-desordem-global-e-posicao-do-brasil","status":"publish","type":"post","link":"https:\/\/acrj.org.br\/index.php\/2025\/08\/25\/palestra-os-desafios-da-desordem-global-e-posicao-do-brasil\/","title":{"rendered":"Palestra: Os Desafios da desordem global e a posi\u00e7\u00e3o do Brasil"},"content":{"rendered":"\n<p>O professor de Pol\u00edtica Internacional da UERJ, Paulo Velasco, participa, dia 5 de setembro, da reuni\u00e3o do Conselho Empresarial de Governan\u00e7a, Compliance e Diversidade da ACRJ. Ele vai debater os desafios da desordem global para os neg\u00f3cios e a posi\u00e7\u00e3o do Brasil.<\/p>\n\n\n\n<p>&#x1f193; O encontro \u00e9 gratuito, mediante inscri\u00e7\u00e3o pr\u00e9via.<\/p>\n\n\n\n<p>&#x1f517; <strong><a href=\"https:\/\/forms.gle\/vcXb9Zsesnhk6Njk6\"><mark style=\"background-color:rgba(0, 0, 0, 0)\" class=\"has-inline-color has-vivid-cyan-blue-color\">Acesse aqui<\/mark> <\/a><\/strong>para se inscrever<\/p>\n\n\n\n<p><mark style=\"background-color:rgba(0, 0, 0, 0)\" class=\"has-inline-color has-black-color\"><strong>SERVI\u00c7O<\/strong><\/mark><\/p>\n\n\n\n<p>&#x1f5d3;&#xfe0f; 05\/09\/2025<br>&#x1f552; 10 horas<br>&#x1f3e2; Sede da Associa\u00e7\u00e3o Comercial do RJ &#8211; ACRJ &#8211; Rua Candel\u00e1ria, 9\/12\u00ba andar &#8211; Centro &#8211; RJ<br>&#x260e; Informa\u00e7\u00f5es: 2514-1203<\/p>\n","protected":false},"excerpt":{"rendered":"<p>O professor de Pol\u00edtica Internacional da UERJ, Paulo Velasco, participa, dia 5 de setembro, da reuni\u00e3o do Conselho Empresarial de Governan\u00e7a, Compliance e Diversidade da&hellip;<\/p>\n","protected":false},"author":3,"featured_media":37861,"comment_status":"closed","ping_status":"closed","sticky":false,"template":"","format":"standard","meta":{"_exactmetrics_skip_tracking":false,"_exactmetrics_sitenote_active":false,"_exactmetrics_sitenote_note":"","_exactmetrics_sitenote_category":0,"footnotes":""},"categories":[83],"tags":[],"class_list":["post-37860","post","type-post","status-publish","format-standard","has-post-thumbnail","hentry","category-eventos_acrj"],"_links":{"self":[{"href":"https:\/\/acrj.org.br\/index.php\/wp-json\/wp\/v2\/posts\/37860","targetHints":{"allow":["GET"]}}],"collection":[{"href":"https:\/\/acrj.org.br\/index.php\/wp-json\/wp\/v2\/posts"}],"about":[{"href":"https:\/\/acrj.org.br\/index.php\/wp-json\/wp\/v2\/types\/post"}],"author":[{"embeddable":true,"href":"https:\/\/acrj.org.br\/index.php\/wp-json\/wp\/v2\/users\/3"}],"replies":[{"embeddable":true,"href":"https:\/\/acrj.org.br\/index.php\/wp-json\/wp\/v2\/comments?post=37860"}],"version-history":[{"count":0,"href":"https:\/\/acrj.org.br\/index.php\/wp-json\/wp\/v2\/posts\/37860\/revisions"}],"wp:featuredmedia":[{"embeddable":true,"href":"https:\/\/acrj.org.br\/index.php\/wp-json\/wp\/v2\/media\/37861"}],"wp:attachment":[{"href":"https:\/\/acrj.org.br\/index.php\/wp-json\/wp\/v2\/media?parent=37860"}],"wp:term":[{"taxonomy":"category","embeddable":true,"href":"https:\/\/acrj.org.br\/index.php\/wp-json\/wp\/v2\/categories?post=37860"},{"taxonomy":"post_tag","embeddable":true,"href":"https:\/\/acrj.org.br\/index.php\/wp-json\/wp\/v2\/tags?post=37860"}],"curies":[{"name":"wp","href":"https:\/\/api.w.org\/{rel}","templated":true}]}}