{"id":37716,"date":"2025-08-08T17:09:23","date_gmt":"2025-08-08T20:09:23","guid":{"rendered":"https:\/\/acrj.org.br\/?p=37716"},"modified":"2025-08-11T16:52:34","modified_gmt":"2025-08-11T19:52:34","slug":"conselho-apresenta-analise-do-varejo-e-perspectivas-para-o-proximo-semestre","status":"publish","type":"post","link":"https:\/\/acrj.org.br\/index.php\/2025\/08\/08\/conselho-apresenta-analise-do-varejo-e-perspectivas-para-o-proximo-semestre\/","title":{"rendered":"Conselho apresenta an\u00e1lise do Varejo e perspectivas para o pr\u00f3ximo semestre"},"content":{"rendered":"\n<p>Em reuni\u00e3o dia 8 de agosto, o Conselho Empresarial de Varejo apresentou uma an\u00e1lise do varejo brasileiro no primeiro semestre de 2025, em especial os resultados no Rio de Janeiro. O presidente do Conselho, Juedir Teixeira, tamb\u00e9m mostrou o comportamento das vendas e as perspectivas para os pr\u00f3ximos seis meses.<\/p>\n\n\n\n<p>Em rela\u00e7\u00e3o ao varejo fluminense, houve crescimento de 1,8% no 1\u00ba semestre deste ano, por\u00e9m abaixo da m\u00e9dia da regi\u00e3o Sudeste e com uma forte concentra\u00e7\u00e3o na capital (68%) &#8211; com dados do IBGE e da Fecom\u00e9rcio. Ainda segundo a pesquisa, depois da Capital, as regi\u00f5es dos Lagos (12%), Norte (8%) e Serrana (7%) lideraram os bons resultados.<\/p>\n\n\n\n<figure class=\"wp-block-image size-large is-resized\"><img fetchpriority=\"high\" decoding=\"async\" width=\"1024\" height=\"460\" src=\"https:\/\/acrj.org.br\/wp-content\/uploads\/2025\/08\/mesa-3-1024x460.jpg\" alt=\"\" class=\"wp-image-37718\" style=\"width:500px\" srcset=\"https:\/\/acrj.org.br\/wp-content\/uploads\/2025\/08\/mesa-3-1024x460.jpg 1024w, https:\/\/acrj.org.br\/wp-content\/uploads\/2025\/08\/mesa-3-300x135.jpg 300w, https:\/\/acrj.org.br\/wp-content\/uploads\/2025\/08\/mesa-3-768x345.jpg 768w, https:\/\/acrj.org.br\/wp-content\/uploads\/2025\/08\/mesa-3-1536x690.jpg 1536w, https:\/\/acrj.org.br\/wp-content\/uploads\/2025\/08\/mesa-3.jpg 2000w\" sizes=\"(max-width: 1024px) 100vw, 1024px\" \/><\/figure>\n\n\n\n<p>De acordo com o Observat\u00f3rio do Turismo-RJ\/FGV de junho\/25, houve aumento de 15% nos gastos de turistas em com\u00e9rcio local no Rio e um impacto positivo nas vendas do Varejo por conta dos grandes eventos e congressos na cidade.<\/p>\n\n\n\n<p>As perspectivas at\u00e9 o final do ano apontam para um crescimento do Varejo nacional em torno de 2,3% no ano, com destaque para os setores de alimenta\u00e7\u00e3o, farm\u00e1cia e itens essenciais, que dever\u00e3o manter o desempenho positive do 1\u00ba semestre. <strong><a href=\"https:\/\/acrj.org.br\/wp-content\/uploads\/2025\/08\/Analise-das-vendas-no-1o-semestre.pdf .\"><mark style=\"background-color:rgba(0, 0, 0, 0)\" class=\"has-inline-color has-vivid-cyan-blue-color\">Confira aqui <\/mark><\/a><\/strong>a an\u00e1lise na \u00edntegra<\/p>\n\n\n\n<p>Presente ao encontro, o presidente da ACRJ, Josier Vilar, disse que est\u00e1 muito otimista e esperan\u00e7oso com seu novo mandato e acredita que a ACRJ tem todas as condi\u00e7\u00f5es para avan\u00e7ar e contribuir para o Rio de Janeiro se tornar uma cidade empreendedora. \u201cEste ser\u00e1 um dos nossos prop\u00f3sitos para os pr\u00f3ximos dois anos. E tenho certeza que teremos \u00eaxito, pois estou cercado de vice-presidentes excepcionais, de Conselhos Empresariais como este, que me enchem de orgulho, e de pessoas como Rui Barreto Filho, presidente do Conselho Superior, amigo e incentivador de tudo o que temos feito aqui. Assumo tamb\u00e9m o papel de porta-voz dos Conselhos Empresariais junto aos governos, ao setor privado ou onde for necess\u00e1rio para fortalecer os neg\u00f3cios em nossa cidade\u201d, acrescentou.<\/p>\n\n\n\n<figure class=\"wp-block-image size-large is-resized\"><img decoding=\"async\" width=\"1024\" height=\"510\" src=\"https:\/\/acrj.org.br\/wp-content\/uploads\/2025\/08\/mesa1-2-1024x510.jpg\" alt=\"\" class=\"wp-image-37719\" style=\"width:500px\" srcset=\"https:\/\/acrj.org.br\/wp-content\/uploads\/2025\/08\/mesa1-2-1024x510.jpg 1024w, https:\/\/acrj.org.br\/wp-content\/uploads\/2025\/08\/mesa1-2-300x149.jpg 300w, https:\/\/acrj.org.br\/wp-content\/uploads\/2025\/08\/mesa1-2-768x382.jpg 768w, https:\/\/acrj.org.br\/wp-content\/uploads\/2025\/08\/mesa1-2-1536x765.jpg 1536w, https:\/\/acrj.org.br\/wp-content\/uploads\/2025\/08\/mesa1-2.jpg 1806w\" sizes=\"(max-width: 1024px) 100vw, 1024px\" \/><\/figure>\n","protected":false},"excerpt":{"rendered":"<p>Em reuni\u00e3o dia 8 de agosto, o Conselho Empresarial de Varejo apresentou uma an\u00e1lise do varejo brasileiro no primeiro semestre de 2025, em especial os&hellip;<\/p>\n","protected":false},"author":3,"featured_media":37717,"comment_status":"closed","ping_status":"closed","sticky":false,"template":"","format":"standard","meta":{"_exactmetrics_skip_tracking":false,"_exactmetrics_sitenote_active":false,"_exactmetrics_sitenote_note":"","_exactmetrics_sitenote_category":0,"footnotes":""},"categories":[56,10],"tags":[],"class_list":["post-37716","post","type-post","status-publish","format-standard","has-post-thumbnail","hentry","category-destaque_conselhos","category-noticias"],"_links":{"self":[{"href":"https:\/\/acrj.org.br\/index.php\/wp-json\/wp\/v2\/posts\/37716","targetHints":{"allow":["GET"]}}],"collection":[{"href":"https:\/\/acrj.org.br\/index.php\/wp-json\/wp\/v2\/posts"}],"about":[{"href":"https:\/\/acrj.org.br\/index.php\/wp-json\/wp\/v2\/types\/post"}],"author":[{"embeddable":true,"href":"https:\/\/acrj.org.br\/index.php\/wp-json\/wp\/v2\/users\/3"}],"replies":[{"embeddable":true,"href":"https:\/\/acrj.org.br\/index.php\/wp-json\/wp\/v2\/comments?post=37716"}],"version-history":[{"count":0,"href":"https:\/\/acrj.org.br\/index.php\/wp-json\/wp\/v2\/posts\/37716\/revisions"}],"wp:featuredmedia":[{"embeddable":true,"href":"https:\/\/acrj.org.br\/index.php\/wp-json\/wp\/v2\/media\/37717"}],"wp:attachment":[{"href":"https:\/\/acrj.org.br\/index.php\/wp-json\/wp\/v2\/media?parent=37716"}],"wp:term":[{"taxonomy":"category","embeddable":true,"href":"https:\/\/acrj.org.br\/index.php\/wp-json\/wp\/v2\/categories?post=37716"},{"taxonomy":"post_tag","embeddable":true,"href":"https:\/\/acrj.org.br\/index.php\/wp-json\/wp\/v2\/tags?post=37716"}],"curies":[{"name":"wp","href":"https:\/\/api.w.org\/{rel}","templated":true}]}}