{"id":37709,"date":"2025-08-07T16:03:58","date_gmt":"2025-08-07T19:03:58","guid":{"rendered":"https:\/\/acrj.org.br\/?p=37709"},"modified":"2025-08-11T16:53:23","modified_gmt":"2025-08-11T19:53:23","slug":"conselho-propoe-projeto-para-fomentar-a-inovacao-nas-empresas-associadas","status":"publish","type":"post","link":"https:\/\/acrj.org.br\/index.php\/2025\/08\/07\/conselho-propoe-projeto-para-fomentar-a-inovacao-nas-empresas-associadas\/","title":{"rendered":"Projeto para fomentar a inova\u00e7\u00e3o nas empresas associadas \u00e9 proposta do Conselho"},"content":{"rendered":"\n<p>O Conselho Empresarial de Inova\u00e7\u00e3o e Transforma\u00e7\u00e3o Digital da ACRJ est\u00e1 desenvolvendo um projeto-piloto com o objetivo de fomentar a cultura da inova\u00e7\u00e3o entre empresas associadas, especialmente micro e pequenas empresas (PMEs). A proposta, discutida durante a reuni\u00e3o do dia 6 de agosto, \u00e9 posicionar a ACRJ como uma plataforma de indu\u00e7\u00e3o de inova\u00e7\u00e3o, contribuindo para o fortalecimento do ambiente de neg\u00f3cios no Rio de Janeiro.<strong><\/strong><\/p>\n\n\n\n<p>O presidente do Conselho, Julio Urdangarin, informou que ser\u00e1 solicitado um levantamento da base de associados para subsidiar as pr\u00f3ximas a\u00e7\u00f5es com o objetivo de mapear dados como porte, segmento de atua\u00e7\u00e3o e n\u00famero de funcion\u00e1rios das empresas vinculadas \u00e0 ACRJ. \u201cEssas informa\u00e7\u00f5es permitir\u00e3o tra\u00e7ar um perfil mais preciso das empresas e orientar os projetos com base em demandas reais\u201d, explicou.<\/p>\n\n\n\n<p>Ele acrescentou que o projeto ser\u00e1 apresentado aos demais conselhos da ACRJ nas pr\u00f3ximas semanas e, paralelamente, ser\u00e1 iniciada a articula\u00e7\u00e3o com institui\u00e7\u00f5es como Sebrae, Finep e outras para garantir suporte t\u00e9cnico, cr\u00e9dito e ferramentas de capacita\u00e7\u00e3o. \u201cCom essa iniciativa, a ACRJ refor\u00e7a seu papel como indutora de desenvolvimento, apoiando a inova\u00e7\u00e3o e a competitividade das empresas fluminenses, especialmente aquelas que enfrentam desafios para crescer e se manter atualizadas diante das transforma\u00e7\u00f5es do mercado\u201d, disse.<\/p>\n\n\n\n<p>Como marco inicial do projeto, est\u00e1 prevista a realiza\u00e7\u00e3o de um evento de Inova\u00e7\u00e3o, ainda este ano, na sede da ACRJ. A programa\u00e7\u00e3o, com dois dias de dura\u00e7\u00e3o, incluir\u00e1 oficinas pr\u00e1ticas, mentorias gratuitas, pain\u00e9is tem\u00e1ticos com especialistas e uma feira de solu\u00e7\u00f5es voltada \u00e0s PMEs. \u201cA expectativa \u00e9 reunir<strong> <\/strong>50 micro e pequenas empresas nessa primeira edi\u00e7\u00e3o. O evento ser\u00e1 estruturado de forma a permitir que as empresas identifiquem seus desafios, e em uma segunda fase, se conectem com solu\u00e7\u00f5es e saiam com um plano de a\u00e7\u00e3o para aplicar em seus pr\u00f3prios neg\u00f3cios\u201d, disse o presidente do Conselho\u201d.<\/p>\n\n\n\n<p>O projeto tamb\u00e9m prev\u00ea a conex\u00e3o entre empresas maduras e startups em est\u00e1gio de crescimento, para essas possam apresentar solu\u00e7\u00f5es inovadoras adaptadas \u00e0s necessidades das empresas, gerando valor m\u00fatuo. A ideia \u00e9 que a ACRJ atuar\u00e1 como ponte entre essas empresas, promovendo um ambiente colaborativo, de acordo com os conselheiros.<\/p>\n","protected":false},"excerpt":{"rendered":"<p>O Conselho Empresarial de Inova\u00e7\u00e3o e Transforma\u00e7\u00e3o Digital da ACRJ est\u00e1 desenvolvendo um projeto-piloto com o objetivo de fomentar a cultura da inova\u00e7\u00e3o entre empresas&hellip;<\/p>\n","protected":false},"author":3,"featured_media":37710,"comment_status":"closed","ping_status":"closed","sticky":false,"template":"","format":"standard","meta":{"_exactmetrics_skip_tracking":false,"_exactmetrics_sitenote_active":false,"_exactmetrics_sitenote_note":"","_exactmetrics_sitenote_category":0,"footnotes":""},"categories":[56,10],"tags":[],"class_list":["post-37709","post","type-post","status-publish","format-standard","has-post-thumbnail","hentry","category-destaque_conselhos","category-noticias"],"_links":{"self":[{"href":"https:\/\/acrj.org.br\/index.php\/wp-json\/wp\/v2\/posts\/37709","targetHints":{"allow":["GET"]}}],"collection":[{"href":"https:\/\/acrj.org.br\/index.php\/wp-json\/wp\/v2\/posts"}],"about":[{"href":"https:\/\/acrj.org.br\/index.php\/wp-json\/wp\/v2\/types\/post"}],"author":[{"embeddable":true,"href":"https:\/\/acrj.org.br\/index.php\/wp-json\/wp\/v2\/users\/3"}],"replies":[{"embeddable":true,"href":"https:\/\/acrj.org.br\/index.php\/wp-json\/wp\/v2\/comments?post=37709"}],"version-history":[{"count":0,"href":"https:\/\/acrj.org.br\/index.php\/wp-json\/wp\/v2\/posts\/37709\/revisions"}],"wp:featuredmedia":[{"embeddable":true,"href":"https:\/\/acrj.org.br\/index.php\/wp-json\/wp\/v2\/media\/37710"}],"wp:attachment":[{"href":"https:\/\/acrj.org.br\/index.php\/wp-json\/wp\/v2\/media?parent=37709"}],"wp:term":[{"taxonomy":"category","embeddable":true,"href":"https:\/\/acrj.org.br\/index.php\/wp-json\/wp\/v2\/categories?post=37709"},{"taxonomy":"post_tag","embeddable":true,"href":"https:\/\/acrj.org.br\/index.php\/wp-json\/wp\/v2\/tags?post=37709"}],"curies":[{"name":"wp","href":"https:\/\/api.w.org\/{rel}","templated":true}]}}